{"id":1120,"date":"2013-09-13T17:27:14","date_gmt":"2013-09-13T15:27:14","guid":{"rendered":"http:\/\/www.f3f.ch\/?p=1120"},"modified":"2013-09-13T17:27:14","modified_gmt":"2013-09-13T15:27:14","slug":"f3f-em-2013-in-donovaly-slowakei-tag-5","status":"publish","type":"post","link":"https:\/\/www.f3f.ch\/?p=1120","title":{"rendered":"F3F EM 2013 in Donovaly, Slowakei &#8211; Tag 5"},"content":{"rendered":"<div dir=\"ltr\">\n<div>\n<div>\n<div>Ce vendredi, les pr\u00e9visions m\u00e9t\u00e9o n&#8217;\u00e9taient pas tr\u00e8s favorable, avec de la pluie d\u00e8s la fin de matin\u00e9e. Toutefois, l&#8217;organisation nous informe au briefing qu&#8217;il y a 6 m\/s de vent du nord au sommet \u00e0 8h. Nous montons donc rapidement avec les t\u00e9l\u00e9cabines et filons vers la pente nord sans oublier les b\u00e2ches laiss\u00e9es en r\u00e9serves \u00e0 la pente sud.<\/div>\n<p>Une fois sur place, le vent du nord se r\u00e9v\u00e8le nettement moins soutenu que pr\u00e9vu, avec environ 1-2 m\/s en moyenne. Pas de quoi d\u00e9marrer une manche, donc une fois les pr\u00e9paratifs faits et quelques planeurs mont\u00e9s, on attend. Quelques pilotes tentent de faire des allers-retours en l&#8217;air jusqu&#8217;\u00e0 ce que les premi\u00e8re gouttes annonc\u00e9es commencent \u00e0 tomber \u00e0 11h.<\/p>\n<\/div>\n<p>Une fois la pluie \u00e9tablie et tout le monde \u00e0 l&#8217;abri, l&#8217;attente s&#8217;est limit\u00e9e \u00e0 environ 13:30, quand les organisateurs d\u00e9cident d&#8217;interrompre et de nous permettre le retour en vall\u00e9e.<\/p>\n<\/div>\n<p>L&#8217;apr\u00e8s-midi et la m\u00e9t\u00e9o invitant \u00e0 la sieste, c&#8217;est tout repos\u00e9s que l&#8217;\u00e9quipe suisse pourra aller souper ce soir.<br \/>\nReto, team manager<\/p>\n<\/div>\n<p>&nbsp;<\/p>\n<p>Hallo Zusammen<\/p>\n<p>Heute Morgen wurden auf dem Berg 6 m\/s gemessen. Also Grund um heute trotz zweifelhafter Wetterprognose auf den Berg zu fahren. So ging es dann auch schon recht zeitig los und die Meisten Teilnehmer waren um 9 Uhr bereits oben. Doch am Nordhang standen nur gerade mal 1 bis 2 m\/s Wind. Wer wollte konnte seinen Flieger etwas an der Kante entlang schaukeln. Der Wind frischte nicht mehr auf und es begann zu regnen gegen 12 Uhr kamen auch schon erste Nebelfetzen und die Wettbewerbsleitung brach f\u00fcr heute ab.<br \/>\nAnschliessend zogen sich die SWISS PILOTS zur\u00fcck in ihre Studios wo wir\u00a0den Nachmittag mit Nickerchen verbrachten oder zuh\u00f6rten wie unser\u00a0Bekleidung trocknete.<\/p>\n<p>Sch\u00f6ne Gr\u00fcsse aus dem heute grauen Donovaly<br \/>\nMartin Ulrich<\/p>\n<div id='gallery-1' class='gallery galleryid-1120 gallery-columns-3 gallery-size-thumbnail'>\n<dl class='gallery-item'>\n<dt class='gallery-icon landscape'>\n\t\t\t\t<a href='https:\/\/www.f3f.ch\/wp-content\/uploads\/2013\/09\/1094996_10201394233430304_1581452664_n.jpg'><img loading=\"lazy\" decoding=\"async\" width=\"150\" height=\"150\" src=\"https:\/\/www.f3f.ch\/wp-content\/uploads\/2013\/09\/1094996_10201394233430304_1581452664_n-150x150.jpg\" class=\"attachment-thumbnail size-thumbnail\" alt=\"\" aria-describedby=\"gallery-1-1125\" \/><\/a>\n\t\t\t<\/dt>\n<dd class='wp-caption-text gallery-caption' id='gallery-1-1125'>\n\t\t\t\tSebastiane hat sich mit einer Maus befreundet\n\t\t\t\t<\/dd>\n<\/dl>\n<dl class='gallery-item'>\n<dt class='gallery-icon landscape'>\n\t\t\t\t<a href='https:\/\/www.f3f.ch\/wp-content\/uploads\/2013\/09\/f3f-em-2013-day5-001.jpg'><img loading=\"lazy\" decoding=\"async\" width=\"150\" height=\"150\" src=\"https:\/\/www.f3f.ch\/wp-content\/uploads\/2013\/09\/f3f-em-2013-day5-001-150x150.jpg\" class=\"attachment-thumbnail size-thumbnail\" alt=\"\" aria-describedby=\"gallery-1-1130\" \/><\/a>\n\t\t\t<\/dt>\n<dd class='wp-caption-text gallery-caption' id='gallery-1-1130'>\n\t\t\t\tbei Team Deutschland\n\t\t\t\t<\/dd>\n<\/dl>\n<dl class='gallery-item'>\n<dt class='gallery-icon landscape'>\n\t\t\t\t<a href='https:\/\/www.f3f.ch\/wp-content\/uploads\/2013\/09\/f3f-em-2013-day5-002.jpg'><img loading=\"lazy\" decoding=\"async\" width=\"150\" height=\"150\" src=\"https:\/\/www.f3f.ch\/wp-content\/uploads\/2013\/09\/f3f-em-2013-day5-002-150x150.jpg\" class=\"attachment-thumbnail size-thumbnail\" alt=\"\" aria-describedby=\"gallery-1-1131\" \/><\/a>\n\t\t\t<\/dt>\n<dd class='wp-caption-text gallery-caption' id='gallery-1-1131'>\n\t\t\t\tbei der Rennleitung\n\t\t\t\t<\/dd>\n<\/dl>\n<p><br style=\"clear: both\" \/><\/p>\n<dl class='gallery-item'>\n<dt class='gallery-icon landscape'>\n\t\t\t\t<a href='https:\/\/www.f3f.ch\/wp-content\/uploads\/2013\/09\/f3f-em-2013-day5-004.jpg'><img loading=\"lazy\" decoding=\"async\" width=\"150\" height=\"150\" src=\"https:\/\/www.f3f.ch\/wp-content\/uploads\/2013\/09\/f3f-em-2013-day5-004-150x150.jpg\" class=\"attachment-thumbnail size-thumbnail\" alt=\"\" aria-describedby=\"gallery-1-1133\" \/><\/a>\n\t\t\t<\/dt>\n<dd class='wp-caption-text gallery-caption' id='gallery-1-1133'>\n\t\t\t\tF3F SWISS CHICK\n\t\t\t\t<\/dd>\n<\/dl>\n<dl class='gallery-item'>\n<dt class='gallery-icon landscape'>\n\t\t\t\t<a href='https:\/\/www.f3f.ch\/wp-content\/uploads\/2013\/09\/f3f-em-2013-day5-005.jpg'><img loading=\"lazy\" decoding=\"async\" width=\"150\" height=\"150\" src=\"https:\/\/www.f3f.ch\/wp-content\/uploads\/2013\/09\/f3f-em-2013-day5-005-150x150.jpg\" class=\"attachment-thumbnail size-thumbnail\" alt=\"\" \/><\/a>\n\t\t\t<\/dt>\n<\/dl>\n<dl class='gallery-item'>\n<dt class='gallery-icon portrait'>\n\t\t\t\t<a href='https:\/\/www.f3f.ch\/wp-content\/uploads\/2013\/09\/swiss-pilots-groupie-of-day1.jpg'><img loading=\"lazy\" decoding=\"async\" width=\"150\" height=\"150\" src=\"https:\/\/www.f3f.ch\/wp-content\/uploads\/2013\/09\/swiss-pilots-groupie-of-day1-150x150.jpg\" class=\"attachment-thumbnail size-thumbnail\" alt=\"\" aria-describedby=\"gallery-1-1135\" \/><\/a>\n\t\t\t<\/dt>\n<dd class='wp-caption-text gallery-caption' id='gallery-1-1135'>\n\t\t\t\tSWISS PILOTS Groupie of day\n\t\t\t\t<\/dd>\n<\/dl>\n<p><br style=\"clear: both\" \/>\n\t\t<\/div>\n<p>&nbsp;<\/p>\n","protected":false},"excerpt":{"rendered":"<p>Ce vendredi, les pr\u00e9visions m\u00e9t\u00e9o n&#8217;\u00e9taient pas tr\u00e8s favorable, avec de la pluie d\u00e8s la fin de matin\u00e9e. Toutefois, l&#8217;organisation nous informe au briefing qu&#8217;il y a 6 m\/s de vent du nord au sommet \u00e0 8h. Nous montons donc&hellip;<\/p>\n","protected":false},"author":1,"featured_media":1132,"comment_status":"open","ping_status":"open","sticky":false,"template":"","format":"image","meta":{"footnotes":""},"categories":[17],"tags":[34],"_links":{"self":[{"href":"https:\/\/www.f3f.ch\/index.php?rest_route=\/wp\/v2\/posts\/1120"}],"collection":[{"href":"https:\/\/www.f3f.ch\/index.php?rest_route=\/wp\/v2\/posts"}],"about":[{"href":"https:\/\/www.f3f.ch\/index.php?rest_route=\/wp\/v2\/types\/post"}],"author":[{"embeddable":true,"href":"https:\/\/www.f3f.ch\/index.php?rest_route=\/wp\/v2\/users\/1"}],"replies":[{"embeddable":true,"href":"https:\/\/www.f3f.ch\/index.php?rest_route=%2Fwp%2Fv2%2Fcomments&post=1120"}],"version-history":[{"count":8,"href":"https:\/\/www.f3f.ch\/index.php?rest_route=\/wp\/v2\/posts\/1120\/revisions"}],"predecessor-version":[{"id":1138,"href":"https:\/\/www.f3f.ch\/index.php?rest_route=\/wp\/v2\/posts\/1120\/revisions\/1138"}],"wp:featuredmedia":[{"embeddable":true,"href":"https:\/\/www.f3f.ch\/index.php?rest_route=\/wp\/v2\/media\/1132"}],"wp:attachment":[{"href":"https:\/\/www.f3f.ch\/index.php?rest_route=%2Fwp%2Fv2%2Fmedia&parent=1120"}],"wp:term":[{"taxonomy":"category","embeddable":true,"href":"https:\/\/www.f3f.ch\/index.php?rest_route=%2Fwp%2Fv2%2Fcategories&post=1120"},{"taxonomy":"post_tag","embeddable":true,"href":"https:\/\/www.f3f.ch\/index.php?rest_route=%2Fwp%2Fv2%2Ftags&post=1120"}],"curies":[{"name":"wp","href":"https:\/\/api.w.org\/{rel}","templated":true}]}}