{"id":1146,"date":"2013-09-16T19:23:01","date_gmt":"2013-09-16T17:23:01","guid":{"rendered":"http:\/\/www.f3f.ch\/?p=1146"},"modified":"2013-09-16T19:53:46","modified_gmt":"2013-09-16T17:53:46","slug":"f3f-em-2013-in-donovaly-slowakei-die-sieger","status":"publish","type":"post","link":"https:\/\/www.f3f.ch\/?p=1146","title":{"rendered":"F3F EM 2013 in Donovaly, Slowakei &#8211; Die Sieger"},"content":{"rendered":"<p>GRATULATION, F\u00e9licitations, Gratulerer, Gratuluji, Gratulujem, Gratulacje !!!<\/p>\n<p>Die Sieger der ersten F3F Europameisterschaft heissen&#8230;<\/p>\n<p>Klasse Senior Pilots<\/p>\n<p>1. Platz<br \/>\nFR\u00c9D\u00c9RIC HOURS, Frankreich (1000)<br \/>\n2. Platz<br \/>\nESPEN TORP, Norwegen (976.51)<br \/>\n3. Platz<br \/>\nJI\u0159I SOU\u010dEK, Tschechien (974.27)<\/p>\n<p>Klasse Junior Pilots<\/p>\n<p>1. Platz<br \/>\nMARIAN MRVA, Slowakei (910,89)<br \/>\n2. Platz<br \/>\nADAM BURY, Polen (879,62)<\/p>\n<p>Nationenwertung<\/p>\n<p>1. Platz<br \/>\nFrankreich<br \/>\n2. Platz<br \/>\nSlowakei<br \/>\n3. Platz<br \/>\nTschechien<\/p>\n<p>Offizielle Rangliste &#8230; <a href=\"http:\/\/donovaly2013.f3f.sk\/wp-content\/uploads\/2013\/09\/ME_Total_1.pdf\" target=\"_blank\">Individual<\/a>, <a href=\"http:\/\/donovaly2013.f3f.sk\/wp-content\/uploads\/2013\/09\/Teams_total.pdf\" target=\"_blank\">Nation<\/a><\/p>\n<p>FR\u00c9D\u00c9RIC HOURS verstand es den Hang zu lesen und sich am besten auf die wechselnden Bedingungen anzupassen. Fr\u00e9d\u00e9ric fand immer wieder die Richtige Linie und f\u00fchrte sein Sportger\u00e4t pr\u00e4zise. ESPEN TORP ist wohl einer der erfahrensten F3F Piloten und zeigt keinerlei Unsicherheiten. Die Franzosen hatten sich wohl sehr gut vorbereitet, ihr Siegeswille wahrhaft. Sie konnten sich erfolgreich gegen die Lokalmatadoren durchsetzen. Die Slowaken waren gut aufgestellt und verstanden ihre Lokalkenntnisse einzusetzen. Die Tschechen hatten mit Platz 3 und 4 ganz starke Piloten am Start.<\/p>\n<p>Resultate der SWISS PILOTS<\/p>\n<p>12. Rang<br \/>\nRETO BLUMER (928.83)<br \/>\n15. Rang<br \/>\nMARTIN ULRICH (914.95)<br \/>\n25. Rang<br \/>\nGIANFRANCO CAVALLI (828.45)<\/p>\n<p>Die Resultate der SWISS PILOTS entsprechen in etwa unseren momentanen M\u00f6glichkeiten. Die erreichten Punktzahlen zeigen das wir uns nicht\u00a0vor internationaler Konkurrenz zu f\u00fcrchten haben und der 1000-nder von Reto zeigt das es geht. Wir alle haben noch viele kleine Fehler auszumerzen die noch Spitzenzeiten verhindern. Ich selber machte zwei ganz grobe Fehler welche mir viele Punkte kosteten. In Anbetracht unseres relativ bescheidenen Trainingsaufwandes gibt es noch viel Potenzial nach vorne. Ich bin \u00fcberzeugt das in Zukunft die SWISS PILOTS es nach vorne schaffen.<br \/>\nReto machte einen guten Teammanager und wir hatten eine tolle Zeit zusammen.\u00a0Hier m\u00f6chte ich es nicht unterlassen Reto f\u00fcr seine Startw\u00fcrfe zu danken, er machte den Starter \u00fcber den ganzen Wettbewerb Fehlerfrei und war einer der Besten auf dem Platz. Auch die vielen &#8222;Pausen&#8220; wussten\u00a0wir SWISS PILOTS\u00a0fast immer Sinnvoll zu nutzen \ud83d\ude09<\/p>\n<p>Die Konkurrenz<\/p>\n<p>Realistischer Weise muss man erw\u00e4hnen das an dieser F3F EM einige der ganz grossen Namen fehlten. Schon fast etwas tragisch wie sich die Sache f\u00fcr \u00d6sterreich entwickelt, ihre\u00a0besten F3F Piloten waren nicht am Start. Leider blieben auch die Spanier und Britten komplett\u00a0der EM fern.\u00a0Die Franzosen k\u00f6nnen auf viele gute Piloten zur\u00fcckgreifen und hatten zur EM auch wirklich gute Piloten am Start. Deutschland stellte ein sehr sympathisches Team zur EM und sie zeigten das mit ihnen zu rechnen ist, sie pflegen eine sehr sauberen Flugstil und mit Siggi im Team haben sie einer der erfahrensten F3F Piloten der Szene am Start. Die Tschechen und Slowaken schickten ihre besten Leute und konnten auch ihre Lokalkenntnisse effizient einsetzen.<\/p>\n<p>Die Organisation<\/p>\n<p>Die Slowaken f\u00fchrten diese F3F EM vorbildlich und ohne jeden Zweifel durch. DANKE!!!<br \/>\nDie Sicherheit wurde gross geschrieben. Die Landezonen wurden \u00fcberwacht und gewertet, wer nicht in der Zone landete bekam den NULLER. Passanten wurden entsprechend aufgehalten wenn sich ein Flugzeug im Landeanflug befand. Die Landepl\u00e4tze an den Spots waren sehr modellschonend angelegt. In unserem Team hatten wir \u00fcber die ganze Zeit keinen einzigen Schaden :-). Wer wirklich Probleme hatte die Landeh\u00f6he zu erreichen konnte beim Contestdirector dies melden und durfte ohne einen Penalty zu kassieren in die Strecke zur\u00fcckfliegen. Niemand musste also sein Modell unn\u00f6tigen Risiken aussetzen, trotzdem konnte der Wettbewerb fl\u00fcssig durchgef\u00fchrt werden.<br \/>\nDie Zeitmessanlage ist die beste und modernste die ich bisher auf Wettbewerben gesehen habe. Grosse leuchtrote LED Displays versorgten uns mit allen n\u00f6tigen Informationen. Die Hochrechnung der Rundenzeit hat \u00fcberdies auch einen unterhaltenden Wert. Start und Ranglisten waren immer sofort bereit und wurden auf dem Platz generiert und gedruckt. Windgeschwindigkeit und Richtung wurden automatisiert erfasst, ausgewertet, angezeigt\u00a0und entsprechend sofort akustisch bei Abweichung der Sollwerte reagiert.<br \/>\nEr\u00f6ffnungs- und Schlussfeier wurden in entsprechendem\u00a0Rahmen durchgef\u00fchrt und\u00a0wurden in Slowakischer und Englischer Sprache abgehalten.\u00a0Er\u00f6ffnungs- und Schlussbankett waren sehr reichhaltig und f\u00fcr alle gab es genug Essen, Trinken und Platz. \ud83d\ude42 \u00a0Einfach alles Top! \ud83d\ude42<\/p>\n<p>Zur Schlussfeier gab es dann noch eine Tombola bei welcher drei Preise untern den anwesenden Piloten ausgelost wurden. Axel BARNITZKE durfte eine Mini-ELI von <a href=\"http:\/\/www.jaromuller.com\" target=\"_blank\">JARO MUELLER <\/a>entgegennehmen, Marian MRVA eine F3K Segler CHILLI von <a href=\"http:\/\/www.stratair.com\/\" target=\"_blank\">STRATAIR<\/a> und ich gewann den ROTMILAN von <a href=\"http:\/\/www.rtgmodel.sk\" target=\"_blank\">RTGMODEL.SK <\/a>\ud83d\ude42 Frantisek RUISL \u00fcberreichte mir den Flieger mit sichtlichem Stolz. Es wird mir eine Ehre sein den Flieger aufzubauen und zu fliegen. Ganz herzlichen dank den Sponsoren!!!<br \/>\nInsgesamt eine sehr sch\u00f6ne feucht fr\u00f6hliche Schlussfeier begleitet von Slowakischer Volksmusik. Deutsche und Schweizer waren glaube ich die letzten K\u00e4mpfer gegen Slibowitz \ud83d\ude09<\/p>\n<p>Gruess<br \/>\nMartin Ulrich<\/p>\n<p>PS: Die SWISS PILOTS waren am Samstagnachmittag nicht unt\u00e4tig. Wir besuchten ein Volksfest in <em>Bansk\u00e1 Bystrica <\/em>und kauften auf dem Markt\u00a0dem Sieger Fr\u00e9d\u00e9ric eine Troph\u00e4e.\u00a0Gianfranco\u00a0beschriftete sch\u00f6n den Holzl\u00f6ffel\u00a0und alle Piloten der EM unterzeichneten das Holz. \ud83d\ude42<\/p>\n<div id='gallery-1' class='gallery galleryid-1146 gallery-columns-3 gallery-size-thumbnail'>\n<dl class='gallery-item'>\n<dt class='gallery-icon landscape'>\n\t\t\t\t<a href='https:\/\/www.f3f.ch\/wp-content\/uploads\/2013\/09\/f3f-em-2013-day6-a02.jpg'><img loading=\"lazy\" decoding=\"async\" width=\"150\" height=\"150\" src=\"https:\/\/www.f3f.ch\/wp-content\/uploads\/2013\/09\/f3f-em-2013-day6-a02-150x150.jpg\" class=\"attachment-thumbnail size-thumbnail\" alt=\"\" aria-describedby=\"gallery-1-1165\" \/><\/a>\n\t\t\t<\/dt>\n<dd class='wp-caption-text gallery-caption' id='gallery-1-1165'>\n\t\t\t\tauf Troph\u00e4enshopping\n\t\t\t\t<\/dd>\n<\/dl>\n<dl class='gallery-item'>\n<dt class='gallery-icon landscape'>\n\t\t\t\t<a href='https:\/\/www.f3f.ch\/wp-content\/uploads\/2013\/09\/f3f-em-2013-day6-a01.jpg'><img loading=\"lazy\" decoding=\"async\" width=\"150\" height=\"150\" src=\"https:\/\/www.f3f.ch\/wp-content\/uploads\/2013\/09\/f3f-em-2013-day6-a01-150x150.jpg\" class=\"attachment-thumbnail size-thumbnail\" alt=\"\" \/><\/a>\n\t\t\t<\/dt>\n<\/dl>\n<dl class='gallery-item'>\n<dt class='gallery-icon landscape'>\n\t\t\t\t<a href='https:\/\/www.f3f.ch\/wp-content\/uploads\/2013\/09\/f3f-em-2013-day6-a03.jpg'><img loading=\"lazy\" decoding=\"async\" width=\"150\" height=\"150\" src=\"https:\/\/www.f3f.ch\/wp-content\/uploads\/2013\/09\/f3f-em-2013-day6-a03-150x150.jpg\" class=\"attachment-thumbnail size-thumbnail\" alt=\"\" aria-describedby=\"gallery-1-1166\" \/><\/a>\n\t\t\t<\/dt>\n<dd class='wp-caption-text gallery-caption' id='gallery-1-1166'>\n\t\t\t\tReto ist der Einzige mit Holzl\u00f6ffel\n\t\t\t\t<\/dd>\n<\/dl>\n<p><br style=\"clear: both\" \/><\/p>\n<dl class='gallery-item'>\n<dt class='gallery-icon landscape'>\n\t\t\t\t<a href='https:\/\/www.f3f.ch\/wp-content\/uploads\/2013\/09\/f3f-em-2013-day6-009.jpg'><img loading=\"lazy\" decoding=\"async\" width=\"150\" height=\"150\" src=\"https:\/\/www.f3f.ch\/wp-content\/uploads\/2013\/09\/f3f-em-2013-day6-009-150x150.jpg\" class=\"attachment-thumbnail size-thumbnail\" alt=\"\" \/><\/a>\n\t\t\t<\/dt>\n<\/dl>\n<dl class='gallery-item'>\n<dt class='gallery-icon landscape'>\n\t\t\t\t<a href='https:\/\/www.f3f.ch\/wp-content\/uploads\/2013\/09\/f3f-em-2013-day6-002.jpg'><img loading=\"lazy\" decoding=\"async\" width=\"150\" height=\"150\" src=\"https:\/\/www.f3f.ch\/wp-content\/uploads\/2013\/09\/f3f-em-2013-day6-002-150x150.jpg\" class=\"attachment-thumbnail size-thumbnail\" alt=\"\" aria-describedby=\"gallery-1-1156\" \/><\/a>\n\t\t\t<\/dt>\n<dd class='wp-caption-text gallery-caption' id='gallery-1-1156'>\n\t\t\t\tBravo! Fr\u00e9d\u00e9ric\n\t\t\t\t<\/dd>\n<\/dl>\n<dl class='gallery-item'>\n<dt class='gallery-icon landscape'>\n\t\t\t\t<a href='https:\/\/www.f3f.ch\/wp-content\/uploads\/2013\/09\/f3f-em-2013-day6-003.jpg'><img loading=\"lazy\" decoding=\"async\" width=\"150\" height=\"150\" src=\"https:\/\/www.f3f.ch\/wp-content\/uploads\/2013\/09\/f3f-em-2013-day6-003-150x150.jpg\" class=\"attachment-thumbnail size-thumbnail\" alt=\"\" aria-describedby=\"gallery-1-1157\" \/><\/a>\n\t\t\t<\/dt>\n<dd class='wp-caption-text gallery-caption' id='gallery-1-1157'>\n\t\t\t\tDie Sieger und die Top 10\n\t\t\t\t<\/dd>\n<\/dl>\n<p><br style=\"clear: both\" \/><\/p>\n<dl class='gallery-item'>\n<dt class='gallery-icon landscape'>\n\t\t\t\t<a href='https:\/\/www.f3f.ch\/wp-content\/uploads\/2013\/09\/f3f-em-2013-day6-004.jpg'><img loading=\"lazy\" decoding=\"async\" width=\"150\" height=\"150\" src=\"https:\/\/www.f3f.ch\/wp-content\/uploads\/2013\/09\/f3f-em-2013-day6-004-150x150.jpg\" class=\"attachment-thumbnail size-thumbnail\" alt=\"\" aria-describedby=\"gallery-1-1158\" \/><\/a>\n\t\t\t<\/dt>\n<dd class='wp-caption-text gallery-caption' id='gallery-1-1158'>\n\t\t\t\tSenior Pilots\n\t\t\t\t<\/dd>\n<\/dl>\n<dl class='gallery-item'>\n<dt class='gallery-icon landscape'>\n\t\t\t\t<a href='https:\/\/www.f3f.ch\/wp-content\/uploads\/2013\/09\/f3f-em-2013-day6-005.jpg'><img loading=\"lazy\" decoding=\"async\" width=\"150\" height=\"150\" src=\"https:\/\/www.f3f.ch\/wp-content\/uploads\/2013\/09\/f3f-em-2013-day6-005-150x150.jpg\" class=\"attachment-thumbnail size-thumbnail\" alt=\"\" aria-describedby=\"gallery-1-1159\" \/><\/a>\n\t\t\t<\/dt>\n<dd class='wp-caption-text gallery-caption' id='gallery-1-1159'>\n\t\t\t\tJunior Pilots\n\t\t\t\t<\/dd>\n<\/dl>\n<dl class='gallery-item'>\n<dt class='gallery-icon landscape'>\n\t\t\t\t<a href='https:\/\/www.f3f.ch\/wp-content\/uploads\/2013\/09\/f3f-em-2013-day6-006.jpg'><img loading=\"lazy\" decoding=\"async\" width=\"150\" height=\"150\" src=\"https:\/\/www.f3f.ch\/wp-content\/uploads\/2013\/09\/f3f-em-2013-day6-006-150x150.jpg\" class=\"attachment-thumbnail size-thumbnail\" alt=\"\" \/><\/a>\n\t\t\t<\/dt>\n<\/dl>\n<p><br style=\"clear: both\" \/><\/p>\n<dl class='gallery-item'>\n<dt class='gallery-icon landscape'>\n\t\t\t\t<a href='https:\/\/www.f3f.ch\/wp-content\/uploads\/2013\/09\/f3f-em-2013-day6-008.jpg'><img loading=\"lazy\" decoding=\"async\" width=\"150\" height=\"150\" src=\"https:\/\/www.f3f.ch\/wp-content\/uploads\/2013\/09\/f3f-em-2013-day6-008-150x150.jpg\" class=\"attachment-thumbnail size-thumbnail\" alt=\"\" aria-describedby=\"gallery-1-1162\" \/><\/a>\n\t\t\t<\/dt>\n<dd class='wp-caption-text gallery-caption' id='gallery-1-1162'>\n\t\t\t\tDie Gewinnernationen\n\t\t\t\t<\/dd>\n<\/dl>\n<dl class='gallery-item'>\n<dt class='gallery-icon landscape'>\n\t\t\t\t<a href='https:\/\/www.f3f.ch\/wp-content\/uploads\/2013\/09\/f3f-em-2013-day6-007.jpg'><img loading=\"lazy\" decoding=\"async\" width=\"150\" height=\"150\" src=\"https:\/\/www.f3f.ch\/wp-content\/uploads\/2013\/09\/f3f-em-2013-day6-007-150x150.jpg\" class=\"attachment-thumbnail size-thumbnail\" alt=\"\" aria-describedby=\"gallery-1-1161\" \/><\/a>\n\t\t\t<\/dt>\n<dd class='wp-caption-text gallery-caption' id='gallery-1-1161'>\n\t\t\t\tvive la France\n\t\t\t\t<\/dd>\n<\/dl>\n<dl class='gallery-item'>\n<dt class='gallery-icon landscape'>\n\t\t\t\t<a href='https:\/\/www.f3f.ch\/wp-content\/uploads\/2013\/09\/f3f-em-2013-day6-b01.jpg'><img loading=\"lazy\" decoding=\"async\" width=\"150\" height=\"150\" src=\"https:\/\/www.f3f.ch\/wp-content\/uploads\/2013\/09\/f3f-em-2013-day6-b01-150x150.jpg\" class=\"attachment-thumbnail size-thumbnail\" alt=\"\" aria-describedby=\"gallery-1-1152\" \/><\/a>\n\t\t\t<\/dt>\n<dd class='wp-caption-text gallery-caption' id='gallery-1-1152'>\n\t\t\t\tder Holzl\u00f6ffel\n\t\t\t\t<\/dd>\n<\/dl>\n<p><br style=\"clear: both\" \/><\/p>\n<dl class='gallery-item'>\n<dt class='gallery-icon landscape'>\n\t\t\t\t<a href='https:\/\/www.f3f.ch\/wp-content\/uploads\/2013\/09\/f3f-em-2013-day6-b02.jpg'><img loading=\"lazy\" decoding=\"async\" width=\"150\" height=\"150\" src=\"https:\/\/www.f3f.ch\/wp-content\/uploads\/2013\/09\/f3f-em-2013-day6-b02-150x150.jpg\" class=\"attachment-thumbnail size-thumbnail\" alt=\"\" \/><\/a>\n\t\t\t<\/dt>\n<\/dl>\n<dl class='gallery-item'>\n<dt class='gallery-icon landscape'>\n\t\t\t\t<a href='https:\/\/www.f3f.ch\/wp-content\/uploads\/2013\/09\/f3f-em-2013-day6-010.jpg'><img loading=\"lazy\" decoding=\"async\" width=\"150\" height=\"150\" src=\"https:\/\/www.f3f.ch\/wp-content\/uploads\/2013\/09\/f3f-em-2013-day6-010-150x150.jpg\" class=\"attachment-thumbnail size-thumbnail\" alt=\"\" \/><\/a>\n\t\t\t<\/dt>\n<\/dl>\n<dl class='gallery-item'>\n<dt class='gallery-icon landscape'>\n\t\t\t\t<a href='https:\/\/www.f3f.ch\/wp-content\/uploads\/2013\/09\/f3f-em-2013-day6-011.jpg'><img loading=\"lazy\" decoding=\"async\" width=\"150\" height=\"150\" src=\"https:\/\/www.f3f.ch\/wp-content\/uploads\/2013\/09\/f3f-em-2013-day6-011-150x150.jpg\" class=\"attachment-thumbnail size-thumbnail\" alt=\"\" \/><\/a>\n\t\t\t<\/dt>\n<\/dl>\n<p><br style=\"clear: both\" \/><\/p>\n<dl class='gallery-item'>\n<dt class='gallery-icon landscape'>\n\t\t\t\t<a href='https:\/\/www.f3f.ch\/wp-content\/uploads\/2013\/09\/f3f-em-2013-day6-001.jpg'><img loading=\"lazy\" decoding=\"async\" width=\"150\" height=\"150\" src=\"https:\/\/www.f3f.ch\/wp-content\/uploads\/2013\/09\/f3f-em-2013-day6-001-150x150.jpg\" class=\"attachment-thumbnail size-thumbnail\" alt=\"\" aria-describedby=\"gallery-1-1155\" \/><\/a>\n\t\t\t<\/dt>\n<dd class='wp-caption-text gallery-caption' id='gallery-1-1155'>\n\t\t\t\tFreude herrscht!\n\t\t\t\t<\/dd>\n<\/dl>\n<dl class='gallery-item'>\n<dt class='gallery-icon landscape'>\n\t\t\t\t<a href='https:\/\/www.f3f.ch\/wp-content\/uploads\/2013\/09\/swiss-pilots-groupies-of-day.jpg'><img loading=\"lazy\" decoding=\"async\" width=\"150\" height=\"150\" src=\"https:\/\/www.f3f.ch\/wp-content\/uploads\/2013\/09\/swiss-pilots-groupies-of-day-150x150.jpg\" class=\"attachment-thumbnail size-thumbnail\" alt=\"\" aria-describedby=\"gallery-1-1154\" \/><\/a>\n\t\t\t<\/dt>\n<dd class='wp-caption-text gallery-caption' id='gallery-1-1154'>\n\t\t\t\tSWISS PILOTS Groupies of day\n\t\t\t\t<\/dd>\n<\/dl>\n<p>\t\t\t<br style='clear: both' \/>\n\t\t<\/div>\n","protected":false},"excerpt":{"rendered":"<p>GRATULATION, F\u00e9licitations, Gratulerer, Gratuluji, Gratulujem, Gratulacje !!! Die Sieger der ersten F3F Europameisterschaft heissen&#8230; Klasse Senior Pilots 1. Platz FR\u00c9D\u00c9RIC HOURS, Frankreich (1000) 2. Platz ESPEN TORP, Norwegen (976.51) 3. Platz JI\u0159I SOU\u010dEK, Tschechien (974.27) Klasse Junior Pilots 1. Platz&hellip;<\/p>\n","protected":false},"author":1,"featured_media":1153,"comment_status":"open","ping_status":"open","sticky":false,"template":"","format":"image","meta":{"footnotes":""},"categories":[1,17],"tags":[34],"_links":{"self":[{"href":"https:\/\/www.f3f.ch\/index.php?rest_route=\/wp\/v2\/posts\/1146"}],"collection":[{"href":"https:\/\/www.f3f.ch\/index.php?rest_route=\/wp\/v2\/posts"}],"about":[{"href":"https:\/\/www.f3f.ch\/index.php?rest_route=\/wp\/v2\/types\/post"}],"author":[{"embeddable":true,"href":"https:\/\/www.f3f.ch\/index.php?rest_route=\/wp\/v2\/users\/1"}],"replies":[{"embeddable":true,"href":"https:\/\/www.f3f.ch\/index.php?rest_route=%2Fwp%2Fv2%2Fcomments&post=1146"}],"version-history":[{"count":12,"href":"https:\/\/www.f3f.ch\/index.php?rest_route=\/wp\/v2\/posts\/1146\/revisions"}],"predecessor-version":[{"id":1177,"href":"https:\/\/www.f3f.ch\/index.php?rest_route=\/wp\/v2\/posts\/1146\/revisions\/1177"}],"wp:featuredmedia":[{"embeddable":true,"href":"https:\/\/www.f3f.ch\/index.php?rest_route=\/wp\/v2\/media\/1153"}],"wp:attachment":[{"href":"https:\/\/www.f3f.ch\/index.php?rest_route=%2Fwp%2Fv2%2Fmedia&parent=1146"}],"wp:term":[{"taxonomy":"category","embeddable":true,"href":"https:\/\/www.f3f.ch\/index.php?rest_route=%2Fwp%2Fv2%2Fcategories&post=1146"},{"taxonomy":"post_tag","embeddable":true,"href":"https:\/\/www.f3f.ch\/index.php?rest_route=%2Fwp%2Fv2%2Ftags&post=1146"}],"curies":[{"name":"wp","href":"https:\/\/api.w.org\/{rel}","templated":true}]}}