{"id":1264,"date":"2013-10-19T19:40:18","date_gmt":"2013-10-19T17:40:18","guid":{"rendered":"http:\/\/www.f3f.ch\/?p=1264"},"modified":"2013-10-20T15:01:36","modified_gmt":"2013-10-20T13:01:36","slug":"traing-auf-dem-tarfeten","status":"publish","type":"post","link":"https:\/\/www.f3f.ch\/?p=1264","title":{"rendered":"&#8222;Training&#8220; auf dem T\u00e4rfeten"},"content":{"rendered":"<p>Trainingsrunden auf den T\u00e4rfeten bei zwar sehr schwachen Bedingungen erfolgreich durchgef\u00fchrt.<br \/>\nDer S\u00fcd-West-Wind war sehr schwach und er kam vermehrt aus westlicher Richtung. So stand er also nicht sauber zum \u00dcbungsparcour, was immer zu einer angenehmen Wende und einer &#8222;zum Vergessen&#8220;-Wende f\u00fchrte.<\/p>\n<p>Es wurde dennoch von allen Anwesenden einige Durchg\u00e4nge geflogen, die aber alle zeitlich jenseits von 60 Sekunden lagen.<\/p>\n<p>Oliver hatte seinen Spickgummi mitgenommen, so konnten wir noch ein bisschen Thermik suchen und teilweise auch finden. Auch hier hatte Oli nat\u00fcrlich die Nase vorn: 250 m \u00dcberh\u00f6hung schaffte er und genoss den darauffolgenden Ablasser aus vollen Z\u00fcgen.<\/p>\n<p>Stefan stieg noch hinauf auf den Turner und hatte dort f\u00fcr ca. 1\/2 Stunde sehr gute Bedingungen, was wir am Pfeifen seines Radicals gut h\u00f6ren konnte.<\/p>\n<p>Wir genossen dem warmen, sch\u00f6nen Tag &#8211; der fehlende Hangwind war zwar schade, aber den Wind haben wir uns f\u00fcr die SM aufgehoben.<\/p>\n<p><a href=\"http:\/\/www.f3f.ch\/wp-content\/uploads\/2013\/10\/DSC01058.jpg\"><a href=\"http:\/\/www.f3f.ch\/wp-content\/uploads\/2013\/10\/DSC01058.jpg\"><img loading=\"lazy\" decoding=\"async\" style=\"width: 549px;height: 118px\" alt=\"DSC01058\" src=\"http:\/\/www.f3f.ch\/wp-content\/uploads\/2013\/10\/DSC01058-1024x225.jpg\" width=\"680\" height=\"149\" \/><\/a><\/a><\/p>\n<p>&nbsp;<\/p>\n<p>&nbsp;<\/p>\n<p>&nbsp;<\/p>\n","protected":false},"excerpt":{"rendered":"<p>Trainingsrunden auf den T\u00e4rfeten bei zwar sehr schwachen Bedingungen erfolgreich durchgef\u00fchrt. Der S\u00fcd-West-Wind war sehr schwach und er kam vermehrt aus westlicher Richtung. So stand er also nicht sauber zum \u00dcbungsparcour, was immer zu einer angenehmen Wende und einer &#8222;zum&hellip;<\/p>\n","protected":false},"author":5,"featured_media":1265,"comment_status":"open","ping_status":"open","sticky":false,"template":"","format":"image","meta":{"footnotes":""},"categories":[1,16],"tags":[],"_links":{"self":[{"href":"https:\/\/www.f3f.ch\/index.php?rest_route=\/wp\/v2\/posts\/1264"}],"collection":[{"href":"https:\/\/www.f3f.ch\/index.php?rest_route=\/wp\/v2\/posts"}],"about":[{"href":"https:\/\/www.f3f.ch\/index.php?rest_route=\/wp\/v2\/types\/post"}],"author":[{"embeddable":true,"href":"https:\/\/www.f3f.ch\/index.php?rest_route=\/wp\/v2\/users\/5"}],"replies":[{"embeddable":true,"href":"https:\/\/www.f3f.ch\/index.php?rest_route=%2Fwp%2Fv2%2Fcomments&post=1264"}],"version-history":[{"count":18,"href":"https:\/\/www.f3f.ch\/index.php?rest_route=\/wp\/v2\/posts\/1264\/revisions"}],"predecessor-version":[{"id":1284,"href":"https:\/\/www.f3f.ch\/index.php?rest_route=\/wp\/v2\/posts\/1264\/revisions\/1284"}],"wp:featuredmedia":[{"embeddable":true,"href":"https:\/\/www.f3f.ch\/index.php?rest_route=\/wp\/v2\/media\/1265"}],"wp:attachment":[{"href":"https:\/\/www.f3f.ch\/index.php?rest_route=%2Fwp%2Fv2%2Fmedia&parent=1264"}],"wp:term":[{"taxonomy":"category","embeddable":true,"href":"https:\/\/www.f3f.ch\/index.php?rest_route=%2Fwp%2Fv2%2Fcategories&post=1264"},{"taxonomy":"post_tag","embeddable":true,"href":"https:\/\/www.f3f.ch\/index.php?rest_route=%2Fwp%2Fv2%2Ftags&post=1264"}],"curies":[{"name":"wp","href":"https:\/\/api.w.org\/{rel}","templated":true}]}}