{"id":1273,"date":"2013-10-20T11:57:51","date_gmt":"2013-10-20T09:57:51","guid":{"rendered":"http:\/\/www.f3f.ch\/?p=1273"},"modified":"2013-10-20T12:17:51","modified_gmt":"2013-10-20T10:17:51","slug":"training-auf-der-fonenschwand","status":"publish","type":"post","link":"https:\/\/www.f3f.ch\/?p=1273","title":{"rendered":"&#8222;Training&#8220; auf der F\u00f6nenschwand"},"content":{"rendered":"<p>Zeitgleich zum Training am <a title=\"Traing auf dem T\u00e4rfeten\" href=\"http:\/\/www.f3f.ch\/?p=1264\">T\u00c4RFETEN<\/a> trafen sich einige SWISS PILOTS auf der F\u00f6nenschwand. Als erster stand &#8222;KIKO&#8220; aus dem Tessin auf dem Hangfluggel\u00e4nde nahe der MYTHEN. Eberhard, Markus und Thomas sowie drei Lokals fanden sich auch noch auf der Wiese ein. Leider hatten die Meteorologen mal wieder ihre Arbeit falsch gemacht und wir mussten gestern ganz ohne Wind versuchen unsere Kohleteile von der Erde abzustossen. Eigentlich hatten alle Meteorologen 4 bis 5 m\/s angesagt. Doch da war gar nichts. Zu allem \u00fcbel bildete sich eine Inversion und Thermik konnte sich nur wenige entwickeln. Ich brachte insgesamt 25 Minuten auf meinen Wecker.\u00a0Auch Markus versuchte doch noch m\u00f6glichst viel aus dem bisschen Luft zu machen, sein &#8222;SHARK&#8220; bewegte sich ganz ordentlich und ich glaube er hatte gestern die Settings komplett \u00fcberarbeitet \ud83d\ude09 Nach monatiger Flugabstinenz konnte auch Eberhard seinen VAMPIRE doch mal ganze 35 Sekunden in der Luft halten. Ich weiss jetzt nicht mehr genau wie viele Wenden er dabei machte,\u00a0es waren zu viele um zu z\u00e4hlen.<br \/>\nTrotz sch\u00f6nem und trockenem Wetter, es war wohl gut dieses Wochenende keine F3F SM abzuhalten. Es gab wohl Schweizweit zu wenig Wind.<\/p>\n<p><a href=\"http:\/\/www.f3f.ch\/wp-content\/uploads\/2013\/10\/WP_20131019_004.jpg\"><img loading=\"lazy\" decoding=\"async\" class=\"aligncenter size-large wp-image-1277\" alt=\"WP_20131019_004\" src=\"http:\/\/www.f3f.ch\/wp-content\/uploads\/2013\/10\/WP_20131019_004-1024x576.jpg\" width=\"680\" height=\"382\" srcset=\"https:\/\/www.f3f.ch\/wp-content\/uploads\/2013\/10\/WP_20131019_004-1024x576.jpg 1024w, https:\/\/www.f3f.ch\/wp-content\/uploads\/2013\/10\/WP_20131019_004-300x168.jpg 300w, https:\/\/www.f3f.ch\/wp-content\/uploads\/2013\/10\/WP_20131019_004-680x382.jpg 680w, https:\/\/www.f3f.ch\/wp-content\/uploads\/2013\/10\/WP_20131019_004-940x529.jpg 940w\" sizes=\"(max-width: 680px) 100vw, 680px\" \/><\/a> <a href=\"http:\/\/www.f3f.ch\/wp-content\/uploads\/2013\/10\/WP_20131019_005.jpg\"><img loading=\"lazy\" decoding=\"async\" class=\"aligncenter size-large wp-image-1278\" alt=\"WP_20131019_005\" src=\"http:\/\/www.f3f.ch\/wp-content\/uploads\/2013\/10\/WP_20131019_005-1024x576.jpg\" width=\"680\" height=\"382\" srcset=\"https:\/\/www.f3f.ch\/wp-content\/uploads\/2013\/10\/WP_20131019_005-1024x576.jpg 1024w, https:\/\/www.f3f.ch\/wp-content\/uploads\/2013\/10\/WP_20131019_005-300x168.jpg 300w, https:\/\/www.f3f.ch\/wp-content\/uploads\/2013\/10\/WP_20131019_005-680x382.jpg 680w, https:\/\/www.f3f.ch\/wp-content\/uploads\/2013\/10\/WP_20131019_005-940x529.jpg 940w\" sizes=\"(max-width: 680px) 100vw, 680px\" \/><\/a><\/p>\n<p>Gruess<\/p>\n<p>Martin ULRICH<\/p>\n<p>&nbsp;<\/p>\n","protected":false},"excerpt":{"rendered":"<p>Zeitgleich zum Training am T\u00c4RFETEN trafen sich einige SWISS PILOTS auf der F\u00f6nenschwand. Als erster stand &#8222;KIKO&#8220; aus dem Tessin auf dem Hangfluggel\u00e4nde nahe der MYTHEN. Eberhard, Markus und Thomas sowie drei Lokals fanden sich auch noch auf der Wiese&hellip;<\/p>\n","protected":false},"author":1,"featured_media":1276,"comment_status":"open","ping_status":"open","sticky":false,"template":"","format":"image","meta":{"footnotes":""},"categories":[16],"tags":[36],"_links":{"self":[{"href":"https:\/\/www.f3f.ch\/index.php?rest_route=\/wp\/v2\/posts\/1273"}],"collection":[{"href":"https:\/\/www.f3f.ch\/index.php?rest_route=\/wp\/v2\/posts"}],"about":[{"href":"https:\/\/www.f3f.ch\/index.php?rest_route=\/wp\/v2\/types\/post"}],"author":[{"embeddable":true,"href":"https:\/\/www.f3f.ch\/index.php?rest_route=\/wp\/v2\/users\/1"}],"replies":[{"embeddable":true,"href":"https:\/\/www.f3f.ch\/index.php?rest_route=%2Fwp%2Fv2%2Fcomments&post=1273"}],"version-history":[{"count":7,"href":"https:\/\/www.f3f.ch\/index.php?rest_route=\/wp\/v2\/posts\/1273\/revisions"}],"predecessor-version":[{"id":1282,"href":"https:\/\/www.f3f.ch\/index.php?rest_route=\/wp\/v2\/posts\/1273\/revisions\/1282"}],"wp:featuredmedia":[{"embeddable":true,"href":"https:\/\/www.f3f.ch\/index.php?rest_route=\/wp\/v2\/media\/1276"}],"wp:attachment":[{"href":"https:\/\/www.f3f.ch\/index.php?rest_route=%2Fwp%2Fv2%2Fmedia&parent=1273"}],"wp:term":[{"taxonomy":"category","embeddable":true,"href":"https:\/\/www.f3f.ch\/index.php?rest_route=%2Fwp%2Fv2%2Fcategories&post=1273"},{"taxonomy":"post_tag","embeddable":true,"href":"https:\/\/www.f3f.ch\/index.php?rest_route=%2Fwp%2Fv2%2Ftags&post=1273"}],"curies":[{"name":"wp","href":"https:\/\/api.w.org\/{rel}","templated":true}]}}