{"id":1379,"date":"2013-12-02T16:54:48","date_gmt":"2013-12-02T14:54:48","guid":{"rendered":"http:\/\/www.f3f.ch\/?p=1379"},"modified":"2013-12-02T19:45:51","modified_gmt":"2013-12-02T17:45:51","slug":"sm-f3f-2013-in-fischbach","status":"publish","type":"post","link":"https:\/\/www.f3f.ch\/?p=1379","title":{"rendered":"SM F3F 2013 in Fischbach"},"content":{"rendered":"<p>Es ist geschafft. Im 2ten Anlauf konnten wir die SM F3F 2013 doch noch durchf\u00fchren. 17 &#8218;angefressene&#8216; trafen sich am ersten Advent um Ihren Meister zu k\u00fcren.\u00a0 Metoschweiz drohte mit Hochnebel, schwacher Bise und einer \u00e4ffigen K\u00e4lte. Es wurde aber alles viel besser als gedacht. Die Bise war zwar nicht sonderlich stark \u2013 im Schnitt ca. 5m\/Sek \u2013 aber anstelle des Hochnebels hatten wir den ganzen Tag Sonnenschein und die Temperaturen waren sehr ertr\u00e4glich.<\/p>\n<p>Die Modellfluggruppe Langenthal erwies sich \u2013 einmal mehr \u2013 als grosse St\u00fctze des F3F Wettbewerbswesens. Einerseits stellte sie die meisten Teilnehmer (darunter auch den neuen Schweizermeister), andererseits durften wir auf dem Gruppenhang in Fischbach fliegen (merci Oli) und last but not least wurden wir auch noch mit Kaffee, Gipfeli und Kuchen verw\u00f6hnt (danke Kurt).<\/p>\n<p>Geplant war eigentlich um 9.30 mit der SM zu starten, durch einen Lapsus des Wettbewerbsleiters (Der Depp vergass die Kabel f\u00fcr die Hupanlage zu Hause) gab es aber etwas Verz\u00f6gerung, und wir konnten erst mit knapp einer Stunde Versp\u00e4tung loslegen.<\/p>\n<p>Die Bedingungen waren bis auf die erste und letzte Runde sehr konstant, \u00a0sodass f\u00fcr die Zeit vor allem die fliegerische Leistung des Piloten ausschlaggebend war. Der Hang erwies sich als einigermassen t\u00fcckisch, einerseits weil die B\u00e4ume an der linken A-Wende relativ nahe standen (Manuela holte sich hier den Preis f\u00fcr den knappsten Vorbeiflug ohne Crash) und andererseits weil die Aufwindzone relativ schmal war. Dies bedeutete im Endeffekt, wer zu weit draussen oder zu weit unten geflogen ist, hatte es sehr schwer eine gute Zeit zu erreichen.<\/p>\n<p>Der unumstrittene Meister des Fischbacher Hangs \u2013 und somit auch der verdiente Schweizermeister \u2013 war Andreas B\u00f6hlen. Er gewann die ersten 4 Runden relativ diskussionslos und in Runde 5 und 6 gelang es Ihm \u2013 trotz nicht idealer Bedingungen \u2013 sehr gute Zeiten zu fliegen (gelernt ist halt gelernt).\u00a0 Dahinter war es aber sehr spannend. Nach 4 Runden (zu diesem Zeitpunkt hatten wir die n\u00f6tige Anzahl Runden f\u00fcr eine SM erreicht und jeder bekam einen Streicher) sah das Resultat folgendermassen aus:<\/p>\n<ol>\n<li>Res B\u00f6hlen<\/li>\n<li>Markus Meissner<\/li>\n<li>Michael Kirch<\/li>\n<li>Pascal L\u00fcdi<\/li>\n<li>Stefan Bertschi<\/li>\n<li>Niklaus Huggler<\/li>\n<li>Martin Ulrich<\/li>\n<\/ol>\n<p>Hinter Res war alles sehr dicht zusammen, und der kleinste Fehler im Fliegen f\u00fchrte schnell zum Verlust von ein oder 2 Pl\u00e4tzen. Nach Runde 5 Pr\u00e4sentierte sich die Spitze folgendermassen:<\/p>\n<ol>\n<li>Res B\u00f6hlen (mit dem Punktemaximum von 4000)<\/li>\n<li>Markus Meissner<\/li>\n<li>Martin Ulrich<\/li>\n<li>Michael Kirch<\/li>\n<li>Stefan Bertschi<\/li>\n<li>Pascal L\u00fcdi<\/li>\n<li>Niklaus Huggler<\/li>\n<\/ol>\n<p>In der 6ten Runde hatte dann Niklaus das Gef\u00fchl er m\u00fcsse den Hammer auspacken und uns allen beweisen, dass es durchaus auch schnell (f\u00fcr die Verh\u00e4ltnisse) geht an diesem Hang. Mit 53.81 stellte er eine neue Tagesbestzeit auf, welche gut 5 Sekunden schneller war als alles an diesem Nachmittag geflogene. Auf die Runde bezogen bedeutete dies, dass er dem Rundenzweiten Martin Ulrich knapp 7 Sekunden abnahm. Dies wirbelte die Spitze nochmals etwas durcheinander und f\u00fchrte schlussendlich zu folgendem Endresultat der SM 2013:<\/p>\n<ol>\n<li>Andreas B\u00f6hlen\u00a0\u00a0\u00a0\u00a0\u00a0\u00a0\u00a0\u00a0\u00a0\u00a0\u00a0\u00a0\u00a0\u00a0\u00a0\u00a0\u00a0\u00a0\u00a0\u00a0\u00a0\u00a0\u00a0\u00a0\u00a0\u00a0\u00a0\u00a0\u00a0 4915.84 Punkte<\/li>\n<li>Markus Meissner\u00a0\u00a0\u00a0\u00a0\u00a0\u00a0\u00a0\u00a0\u00a0\u00a0\u00a0\u00a0\u00a0\u00a0\u00a0\u00a0\u00a0\u00a0\u00a0\u00a0\u00a0\u00a0\u00a0\u00a0\u00a0\u00a0 \u00a04649.86 Punkte<\/li>\n<li>Niklaus Huggler\u00a0\u00a0\u00a0\u00a0\u00a0\u00a0\u00a0\u00a0\u00a0\u00a0\u00a0\u00a0\u00a0\u00a0\u00a0\u00a0\u00a0\u00a0\u00a0\u00a0\u00a0\u00a0\u00a0\u00a0\u00a0\u00a0\u00a0\u00a0\u00a04579.53 Punkte<\/li>\n<li>Martin Ulrich\u00a0\u00a0\u00a0\u00a0\u00a0\u00a0\u00a0\u00a0\u00a0\u00a0\u00a0\u00a0\u00a0\u00a0\u00a0\u00a0\u00a0\u00a0\u00a0\u00a0\u00a0\u00a0\u00a0\u00a0\u00a0\u00a0\u00a0\u00a0\u00a0\u00a0\u00a0\u00a0\u00a0\u00a04540.98 Punkte<\/li>\n<li>Stefan Bertschi\u00a0\u00a0\u00a0\u00a0\u00a0\u00a0\u00a0\u00a0\u00a0\u00a0\u00a0\u00a0\u00a0\u00a0\u00a0\u00a0\u00a0\u00a0\u00a0\u00a0\u00a0\u00a0\u00a0\u00a0\u00a0\u00a0\u00a0\u00a0\u00a0\u00a0\u00a04450.41 Punkte<\/li>\n<li>Pascal L\u00fcdi\u00a0\u00a0\u00a0\u00a0\u00a0\u00a0\u00a0\u00a0\u00a0\u00a0\u00a0\u00a0\u00a0\u00a0\u00a0\u00a0\u00a0\u00a0\u00a0\u00a0\u00a0\u00a0\u00a0\u00a0\u00a0\u00a0\u00a0\u00a0\u00a0\u00a0\u00a0\u00a0\u00a0\u00a0\u00a0\u00a0\u00a04441.72 Punkte<\/li>\n<li>Michael Kirch\u00a0\u00a0\u00a0\u00a0\u00a0\u00a0\u00a0\u00a0\u00a0\u00a0\u00a0\u00a0\u00a0\u00a0\u00a0\u00a0\u00a0\u00a0\u00a0\u00a0\u00a0\u00a0\u00a0\u00a0\u00a0\u00a0\u00a0\u00a0\u00a0\u00a0\u00a0\u00a0\u00a04393.11 Punkte<\/li>\n<li>Thomas Henselmann\u00a0\u00a0\u00a0\u00a0\u00a0\u00a0\u00a0\u00a0\u00a0\u00a0\u00a0\u00a0\u00a0\u00a0\u00a0\u00a0\u00a0\u00a0\u00a0\u00a0\u00a04285.84 Punkte<\/li>\n<li>Gianfranco Cavalli\u00a0\u00a0\u00a0\u00a0\u00a0\u00a0\u00a0\u00a0\u00a0\u00a0\u00a0\u00a0\u00a0\u00a0\u00a0\u00a0\u00a0\u00a0\u00a0\u00a0\u00a0\u00a0\u00a0\u00a0\u00a04198.01 Punkte<\/li>\n<li>Ruedi Schaub\u00a0\u00a0\u00a0\u00a0\u00a0\u00a0\u00a0\u00a0\u00a0\u00a0\u00a0\u00a0\u00a0\u00a0\u00a0\u00a0\u00a0\u00a0\u00a0\u00a0\u00a0\u00a0\u00a0\u00a0\u00a0\u00a0\u00a0\u00a0\u00a0\u00a0\u00a0\u00a0 4139.30 Punkte<\/li>\n<li>Domi Wettstein\u00a0\u00a0\u00a0\u00a0\u00a0\u00a0\u00a0\u00a0\u00a0\u00a0\u00a0\u00a0\u00a0\u00a0\u00a0\u00a0\u00a0\u00a0\u00a0\u00a0\u00a0\u00a0\u00a0\u00a0\u00a0\u00a0\u00a0\u00a0\u00a0 4126.02 Punkte<\/li>\n<li>Kurt Eichenberger\u00a0\u00a0\u00a0\u00a0\u00a0\u00a0\u00a0\u00a0\u00a0\u00a0\u00a0\u00a0\u00a0\u00a0\u00a0\u00a0\u00a0\u00a0\u00a0\u00a0\u00a0\u00a0\u00a0\u00a0\u00a0 4060.58 Punkte<\/li>\n<li>Markus Lichtensteiger\u00a0\u00a0\u00a0\u00a0\u00a0\u00a0\u00a0\u00a0\u00a0\u00a0\u00a0\u00a0\u00a0\u00a0\u00a0\u00a0\u00a0\u00a0\u00a0 3956.01 Punkte<\/li>\n<li>Jim Bain\u00a0\u00a0\u00a0\u00a0\u00a0\u00a0\u00a0\u00a0\u00a0\u00a0\u00a0\u00a0\u00a0\u00a0\u00a0\u00a0\u00a0\u00a0\u00a0\u00a0\u00a0\u00a0\u00a0\u00a0\u00a0\u00a0\u00a0\u00a0\u00a0\u00a0\u00a0\u00a0\u00a0\u00a0\u00a0\u00a0\u00a0\u00a0\u00a0\u00a0\u00a03873.53 Punkte<\/li>\n<li>Manuela Cencic\u00a0\u00a0\u00a0\u00a0\u00a0\u00a0\u00a0\u00a0\u00a0\u00a0\u00a0\u00a0\u00a0\u00a0\u00a0\u00a0\u00a0\u00a0\u00a0\u00a0\u00a0\u00a0\u00a0\u00a0\u00a0\u00a0\u00a0\u00a0\u00a0 3767.41 Punkte<\/li>\n<li>Hansruedi Zwingli\u00a0\u00a0\u00a0\u00a0\u00a0\u00a0\u00a0\u00a0\u00a0\u00a0\u00a0\u00a0\u00a0\u00a0\u00a0\u00a0\u00a0\u00a0\u00a0\u00a0\u00a0\u00a0\u00a0\u00a0\u00a0\u00a03767.36 Punkte<\/li>\n<li>Moritz H\u00e4nsli\u00a0\u00a0\u00a0\u00a0\u00a0\u00a0\u00a0\u00a0\u00a0\u00a0\u00a0\u00a0\u00a0\u00a0\u00a0\u00a0\u00a0\u00a0\u00a0\u00a0\u00a0\u00a0\u00a0\u00a0\u00a0\u00a0\u00a0\u00a0\u00a0\u00a0\u00a0\u00a0\u00a03098.99 Punkte<\/li>\n<\/ol>\n<p>Was mich besonders gefreut hat ist, dass wir wieder einige neue Gesichter bim F3F begr\u00fcssen durften, welche sich gar nicht schlecht geschlagen haben. Sicher erw\u00e4hnenswert ist der 6. Rang von Pascal L\u00fcdi der an seinem allerersten Wettbewerb (nicht nur F3F) teilgenommen hat. Auch Manuela m\u00f6chte ich hier noch erw\u00e4hnen die bewiesen hat, dass Modellflug nicht eine reine M\u00e4nnerdom\u00e4ne sein muss!<\/p>\n<p>Ich m\u00f6chte allen die Teilgenommen haben nochmals danken f\u00fcr den grossen Enthusiasmus und die sehr gute Disziplin. Ohne diese w\u00e4re es nicht m\u00f6glich gewesen 6 Runden vor dem Eindunkeln zu fliegen. Ich hoffe es hat Euch allen gleich viel Spass gemacht wie mir (naja, \u00fcber meine eigene Fliegerei muss ich n\u00e4chstens bei ein paar Bierchen reflektieren\u2026 lag sicher am Flieger J) und hoffe dass Ihr auch n\u00e4chstes Jahr wieder dabei sein werdet.<\/p>\n<p>Gruss<br \/>\nStefan<\/p>\n","protected":false},"excerpt":{"rendered":"<p>Es ist geschafft. Im 2ten Anlauf konnten wir die SM F3F 2013 doch noch durchf\u00fchren. 17 &#8218;angefressene&#8216; trafen sich am ersten Advent um Ihren Meister zu k\u00fcren.\u00a0 Metoschweiz drohte mit Hochnebel, schwacher Bise und einer \u00e4ffigen K\u00e4lte. Es wurde aber&hellip;<\/p>\n","protected":false},"author":2,"featured_media":1391,"comment_status":"open","ping_status":"open","sticky":false,"template":"","format":"standard","meta":{"footnotes":""},"categories":[1,17],"tags":[37],"_links":{"self":[{"href":"https:\/\/www.f3f.ch\/index.php?rest_route=\/wp\/v2\/posts\/1379"}],"collection":[{"href":"https:\/\/www.f3f.ch\/index.php?rest_route=\/wp\/v2\/posts"}],"about":[{"href":"https:\/\/www.f3f.ch\/index.php?rest_route=\/wp\/v2\/types\/post"}],"author":[{"embeddable":true,"href":"https:\/\/www.f3f.ch\/index.php?rest_route=\/wp\/v2\/users\/2"}],"replies":[{"embeddable":true,"href":"https:\/\/www.f3f.ch\/index.php?rest_route=%2Fwp%2Fv2%2Fcomments&post=1379"}],"version-history":[{"count":2,"href":"https:\/\/www.f3f.ch\/index.php?rest_route=\/wp\/v2\/posts\/1379\/revisions"}],"predecessor-version":[{"id":1392,"href":"https:\/\/www.f3f.ch\/index.php?rest_route=\/wp\/v2\/posts\/1379\/revisions\/1392"}],"wp:featuredmedia":[{"embeddable":true,"href":"https:\/\/www.f3f.ch\/index.php?rest_route=\/wp\/v2\/media\/1391"}],"wp:attachment":[{"href":"https:\/\/www.f3f.ch\/index.php?rest_route=%2Fwp%2Fv2%2Fmedia&parent=1379"}],"wp:term":[{"taxonomy":"category","embeddable":true,"href":"https:\/\/www.f3f.ch\/index.php?rest_route=%2Fwp%2Fv2%2Fcategories&post=1379"},{"taxonomy":"post_tag","embeddable":true,"href":"https:\/\/www.f3f.ch\/index.php?rest_route=%2Fwp%2Fv2%2Ftags&post=1379"}],"curies":[{"name":"wp","href":"https:\/\/api.w.org\/{rel}","templated":true}]}}