{"id":1497,"date":"2014-01-18T13:39:32","date_gmt":"2014-01-18T11:39:32","guid":{"rendered":"http:\/\/www.f3f.ch\/?p=1497"},"modified":"2014-01-18T13:39:32","modified_gmt":"2014-01-18T11:39:32","slug":"f3f-swiss-pilots-jetzt-im-smv-und-aecs","status":"publish","type":"post","link":"https:\/\/www.f3f.ch\/?p=1497","title":{"rendered":"F3F SWISS PILOTS jetzt im SMV und AeCS"},"content":{"rendered":"<p>F3F SWISS PILOTS schliesst sich dem Schweizerischen Modellflugverband SMV und Aero-Club der Schweiz\u00a0an.<\/p>\n<p><a href=\"http:\/\/www.f3f.ch\/wp-content\/uploads\/2014\/01\/smvlogomittext.png\"><img loading=\"lazy\" decoding=\"async\" class=\"size-medium wp-image-1499 aligncenter\" alt=\"smvlogomittext\" src=\"http:\/\/www.f3f.ch\/wp-content\/uploads\/2014\/01\/smvlogomittext-300x30.png\" width=\"300\" height=\"30\" srcset=\"https:\/\/www.f3f.ch\/wp-content\/uploads\/2014\/01\/smvlogomittext-300x30.png 300w, https:\/\/www.f3f.ch\/wp-content\/uploads\/2014\/01\/smvlogomittext.png 546w\" sizes=\"(max-width: 300px) 100vw, 300px\" \/><\/a><\/p>\n<p>Ein wichtiger Schritt f\u00fcr die F3F SWISS PILOTS ist vollzogen, der Anschluss an den\u00a0Schweizerischen Modellflugverband SMV. Die Verbandszugeh\u00f6rigkeit erlaubt uns nun f\u00fcr unsere Mitglieder Wettbewerbslizenzen beim\u00a0AeCS zu beantragen. Mit dem Anschluss an den SMV verf\u00fcgen wir nun \u00fcber einen umfassenden und gut abgestimmten Versicherungs- und Rechtschutz. Desweiteren k\u00f6nnen wir auf Unterst\u00fctzung f\u00fcr unsere Wettbewerbe durch RMV\/SMV hoffen. Beispielsweise fehlen uns ja noch immer geeignete Startnummern.<\/p>\n<div id=\"attachment_1498\" style=\"width: 310px\" class=\"wp-caption aligncenter\"><a href=\"http:\/\/www.f3f.ch\/wp-content\/uploads\/2014\/01\/f3fch-goes-smv.jpg\"><img loading=\"lazy\" decoding=\"async\" aria-describedby=\"caption-attachment-1498\" class=\"size-medium wp-image-1498\" alt=\"Daniel Ziegenhagen (rechts) und Martin Ulrich freuen sich \u00fcber die Aufname in den Verband\" src=\"http:\/\/www.f3f.ch\/wp-content\/uploads\/2014\/01\/f3fch-goes-smv-300x225.jpg\" width=\"300\" height=\"225\" srcset=\"https:\/\/www.f3f.ch\/wp-content\/uploads\/2014\/01\/f3fch-goes-smv-300x225.jpg 300w, https:\/\/www.f3f.ch\/wp-content\/uploads\/2014\/01\/f3fch-goes-smv-680x510.jpg 680w, https:\/\/www.f3f.ch\/wp-content\/uploads\/2014\/01\/f3fch-goes-smv-940x705.jpg 940w, https:\/\/www.f3f.ch\/wp-content\/uploads\/2014\/01\/f3fch-goes-smv.jpg 1024w\" sizes=\"(max-width: 300px) 100vw, 300px\" \/><\/a><\/p>\n<p id=\"caption-attachment-1498\" class=\"wp-caption-text\">Daniel Ziegenhagen (rechts) und Martin Ulrich freuen sich \u00fcber die Aufname in den Verband<\/p>\n<\/div>\n<p>Gestern Abend den 17. Januar 2014 durfte ich vor der Regionalen Pr\u00e4sidentenkonferenz des RMV Zentralschweiz unser Verein vorstellen um in den SMV aufgenommen zu werden. Der Pr\u00e4sident RMV Zentralschweiz\u00a0Daniel ZIEGENHAGEN f\u00fchrte die Konferenz und brachte den Antrag der F3F SWISS PILOTS vor. Ich durfte dann unsere Interessen und Ziele vortragen um die anwesenden Pr\u00e4sidenten der Region Zentralschweiz f\u00fcr unser Vorhaben zu gewinnen. Zus\u00e4tzlich unterst\u00fctzte uns Rolf GIRSBERGER durch sein wohlwollend und positives Votum aus der Pr\u00e4sidentenrunde. Die Aufnahme des Vereins F3F SWISS PILOTS wurde einstimmig durch Applaus angenommen. Besten Dank an die Pr\u00e4sidenten des RMV Zentralschweiz!<\/p>\n<p>Martin ULRICH<\/p>\n<p>&nbsp;<\/p>\n","protected":false},"excerpt":{"rendered":"<p>F3F SWISS PILOTS schliesst sich dem Schweizerischen Modellflugverband SMV und Aero-Club der Schweiz\u00a0an. Ein wichtiger Schritt f\u00fcr die F3F SWISS PILOTS ist vollzogen, der Anschluss an den\u00a0Schweizerischen Modellflugverband SMV. Die Verbandszugeh\u00f6rigkeit erlaubt uns nun f\u00fcr unsere Mitglieder Wettbewerbslizenzen beim\u00a0AeCS zu&hellip;<\/p>\n","protected":false},"author":1,"featured_media":1498,"comment_status":"open","ping_status":"open","sticky":false,"template":"","format":"standard","meta":{"footnotes":""},"categories":[1,33],"tags":[],"_links":{"self":[{"href":"https:\/\/www.f3f.ch\/index.php?rest_route=\/wp\/v2\/posts\/1497"}],"collection":[{"href":"https:\/\/www.f3f.ch\/index.php?rest_route=\/wp\/v2\/posts"}],"about":[{"href":"https:\/\/www.f3f.ch\/index.php?rest_route=\/wp\/v2\/types\/post"}],"author":[{"embeddable":true,"href":"https:\/\/www.f3f.ch\/index.php?rest_route=\/wp\/v2\/users\/1"}],"replies":[{"embeddable":true,"href":"https:\/\/www.f3f.ch\/index.php?rest_route=%2Fwp%2Fv2%2Fcomments&post=1497"}],"version-history":[{"count":2,"href":"https:\/\/www.f3f.ch\/index.php?rest_route=\/wp\/v2\/posts\/1497\/revisions"}],"predecessor-version":[{"id":1501,"href":"https:\/\/www.f3f.ch\/index.php?rest_route=\/wp\/v2\/posts\/1497\/revisions\/1501"}],"wp:featuredmedia":[{"embeddable":true,"href":"https:\/\/www.f3f.ch\/index.php?rest_route=\/wp\/v2\/media\/1498"}],"wp:attachment":[{"href":"https:\/\/www.f3f.ch\/index.php?rest_route=%2Fwp%2Fv2%2Fmedia&parent=1497"}],"wp:term":[{"taxonomy":"category","embeddable":true,"href":"https:\/\/www.f3f.ch\/index.php?rest_route=%2Fwp%2Fv2%2Fcategories&post=1497"},{"taxonomy":"post_tag","embeddable":true,"href":"https:\/\/www.f3f.ch\/index.php?rest_route=%2Fwp%2Fv2%2Ftags&post=1497"}],"curies":[{"name":"wp","href":"https:\/\/api.w.org\/{rel}","templated":true}]}}