{"id":1640,"date":"2014-04-15T10:11:50","date_gmt":"2014-04-15T08:11:50","guid":{"rendered":"http:\/\/www.f3f.ch\/?p=1640"},"modified":"2014-04-15T10:11:50","modified_gmt":"2014-04-15T08:11:50","slug":"olis-elita-auf-der-hochwacht","status":"publish","type":"post","link":"https:\/\/www.f3f.ch\/?p=1640","title":{"rendered":"Olis Elita auf der Hochwacht"},"content":{"rendered":"<p>Oliver hat seine Elita von Jaro Muller komplett neu aufgebaut und sie mit einem sch\u00f6nen, neuen Design ausgestattet.<br \/>\nDie Verj\u00fcngungskur hat der &#8222;alten Dame&#8220; sehr gut getan und sie kann es mit manch j\u00fcngeren Modellen gut aufnehmen.<\/p>\n<p>Hier ein kurzes Video von unserem Westwind-Haushang, der Hochwacht.<\/p>\n<p>LG Kurt<\/p>\n","protected":false},"excerpt":{"rendered":"<p>Oliver hat seine Elita von Jaro Muller komplett neu aufgebaut und sie mit einem sch\u00f6nen, neuen Design ausgestattet. Die Verj\u00fcngungskur hat der &#8222;alten Dame&#8220; sehr gut getan und sie kann es mit manch j\u00fcngeren Modellen gut aufnehmen. Hier ein kurzes&hellip;<\/p>\n","protected":false},"author":5,"featured_media":0,"comment_status":"open","ping_status":"open","sticky":false,"template":"","format":"video","meta":{"footnotes":""},"categories":[20,21],"tags":[],"_links":{"self":[{"href":"https:\/\/www.f3f.ch\/index.php?rest_route=\/wp\/v2\/posts\/1640"}],"collection":[{"href":"https:\/\/www.f3f.ch\/index.php?rest_route=\/wp\/v2\/posts"}],"about":[{"href":"https:\/\/www.f3f.ch\/index.php?rest_route=\/wp\/v2\/types\/post"}],"author":[{"embeddable":true,"href":"https:\/\/www.f3f.ch\/index.php?rest_route=\/wp\/v2\/users\/5"}],"replies":[{"embeddable":true,"href":"https:\/\/www.f3f.ch\/index.php?rest_route=%2Fwp%2Fv2%2Fcomments&post=1640"}],"version-history":[{"count":1,"href":"https:\/\/www.f3f.ch\/index.php?rest_route=\/wp\/v2\/posts\/1640\/revisions"}],"predecessor-version":[{"id":1641,"href":"https:\/\/www.f3f.ch\/index.php?rest_route=\/wp\/v2\/posts\/1640\/revisions\/1641"}],"wp:attachment":[{"href":"https:\/\/www.f3f.ch\/index.php?rest_route=%2Fwp%2Fv2%2Fmedia&parent=1640"}],"wp:term":[{"taxonomy":"category","embeddable":true,"href":"https:\/\/www.f3f.ch\/index.php?rest_route=%2Fwp%2Fv2%2Fcategories&post=1640"},{"taxonomy":"post_tag","embeddable":true,"href":"https:\/\/www.f3f.ch\/index.php?rest_route=%2Fwp%2Fv2%2Ftags&post=1640"}],"curies":[{"name":"wp","href":"https:\/\/api.w.org\/{rel}","templated":true}]}}