{"id":1940,"date":"2014-10-13T23:04:20","date_gmt":"2014-10-13T21:04:20","guid":{"rendered":"http:\/\/www.f3f.ch\/?p=1940"},"modified":"2014-10-13T23:07:59","modified_gmt":"2014-10-13T21:07:59","slug":"f3f-schweizermeisterschaft-2014-ausschreibung","status":"publish","type":"post","link":"https:\/\/www.f3f.ch\/?p=1940","title":{"rendered":"F3F Schweizermeisterschaft 2014 Ausschreibung"},"content":{"rendered":"<p>Hallo Freunde des gepflegten Hangkangenpolierens<\/p>\n<p>Wie Martin Ulrich ja bereits in seinem Mail vom 25.09.2014 angek\u00fcndigt hat (zugegeben &#8211; dieses Mail haben einige die jetzt auf dem Verteiler sind nicht erhalten) findet auch dieses Jahr wieder eine Schweizermeisterschaft F3F statt. Zu gewinnen gibt es neben Ruhm und Ehre auch eine sch\u00f6ne Medaille vom SMV. Da n\u00e4chstes Jahr keine EM\/WM stattfinden wird, hat die SM aber keinen Einfluss auf die Nationalmannschaftsquali.<\/p>\n<p>Wir haben dieses Jahr etwas mit der Suche nach m\u00f6glichen Austragungsorten gek\u00e4mpft. Vor allem ein Hang f\u00fcr Bise zu finden war nicht ganz einfach. Eigentlich h\u00e4tten wir bei Bise auf den Schalmi (Hahnenmoos) gewollt, nur ist es so, dass die Strasse hoch zum Berggasthof nicht mehr benutzt werden darf und \u2013 so hat mir Herr Spori vom Berggasthof mitgeteilt \u2013 auch keine Ausnahmen gemacht werden. Schade. Ich bin aber der Meinung, dass wir jetzt eine sehr gute Alternative f\u00fcr Bise gefunden haben.<\/p>\n<p>Kleiner Trommelwirbel:<\/p>\n<p><strong>Fideriser Heuberge <\/strong>(<a href=\"http:\/\/www.heuberge.ch\">www.heuberge.ch<\/a>) \u00e0 Google Koordinaten: 46.867013,9.725647<\/p>\n<p>F\u00fcr die Fahrt auf die Heuberge muss eine Geb\u00fchr von SFr. 10.00 bezahlt werden.<\/p>\n<p>Falls wir die SM am 19. Oktober 2014 in den Heubergen durchf\u00fchren w\u00fcrden, besteht die M\u00f6glichkeit bereits am Samstag anzureisen und im Berghaus zu \u00fcbernachten (siehe Attachement). An den folgenden Sonntagen ist das Berghaus infolge Zwischensaison geschlossen.<\/p>\n<p>Die Heuberge haben einen wirklich sch\u00f6nen Bisehang mit einer gut definierten geraden Kante. Ich bin da vor l\u00e4ngerer Zeit schon einmal geflogen (zusammen mit Martin Kopp). Sollte es etwas Wind haben funktioniert die Kante perfekt und auch die Landung ist eher auf der problemlosen Seite.<\/p>\n<p>F\u00fcr S\u00fcdwestlagen d\u00fcrfen wir auch dieses Jahr den Hang <strong>Hauta-Chia<\/strong> (Gemeinde Cerniat) benutzten. \u00e0 Google Koordinaten 46.667271,7.226601<\/p>\n<p>Die SM findet alternativ (je nach Wetter) an einem der folgenden 3 Sonntage statt:<\/p>\n<p><strong>19. Oktober 2014<\/strong><\/p>\n<p><strong>26. Oktober 2014<\/strong><\/p>\n<p><strong>2. November 2014<\/strong><\/p>\n<p>Da es nicht ganz einfach ist Termine zu finden, haben wir bei der Auswahl prim\u00e4r auf uns selber R\u00fccksicht genommen, da es ohne die Organisatoren nicht so recht funktioniert J.<\/p>\n<p>Da die SM nur an einem Tag durchgef\u00fchrt wird und wir m\u00f6glichst viele Runden fliegen m\u00f6chten, ist das Briefing um 9.45 und der Start der ersten Runde auf 10.00 Uhr geplant. Bitte ber\u00fccksichtigt in Eurer Planung, dass an beiden Orten noch ein ca. 20 min\u00fctiger Fussmarsch n\u00f6tig ist um den Hang zu erreichen. Als Gegenleistung f\u00fcr Euer fr\u00fches Aufstehen werden wir besorgt sein, dass der Kurs p\u00fcnktlich parat ist.<\/p>\n<p>Es wird keine Runde nach 17.00 (Sommerzeit) bzw. 16.00 (Winterzeit) gestartet. Geflogen wird nach den offiziellen FAI Regeln (Wer Fragen dazu hat, oder komplett neu ist, soll die Fragen bitte vor der SM bei mir platzieren (Mail oder Tel., da ich am Briefing eigentlich nicht mehr darauf eingehen m\u00f6chte). Wir haben keine offiziellen Wendemarken-Richter, d.h. jeder von Euch wird auch in den Genuss kommen zu hupen.<\/p>\n<p>Martin Ulrich und ich werden jeweils am Freitag Morgen entscheiden ob die SM am folgenden Sonntag durchgef\u00fchrt wird und Euch via Mail informieren.<\/p>\n<p>Damit wir ungef\u00e4hr wissen wieviele Teilnehmer wir sein werden (und auch die entsprechenden Startlisten, Zeitbl\u00e4tter etc. vorbereiten k\u00f6nnen) bitte ich Euch uns bis n\u00e4chsten Donnerstag 16. Okbtober 2014 Uhr mitzuteilen an welchen Daten Ihr teilnehmen werdet (Es wird niemand vom Hang gejagt, wenn er sich spontan entscheiden sollte zu kommen, aber es w\u00e4re m\u00f6glich, dass er den Wettbewerb er\u00f6ffnen w\u00fcrde J. ). Anmeldungen bitte an Martin Ulrich (elp@f3f.ch) .<\/p>\n<p>Die Teilnahme Geb\u00fchr ist SFr. 25.00 und wird zur Deckung der Unkosten f\u00fcr die SM sowie f\u00fcr Zuk\u00fcnftige Investitionen in Material (nein nicht Flieger f\u00fcr Martin und mich) wie Wendemarken, Zeitmessanlage benutzt.<\/p>\n<p>Wir hoffen nat\u00fcrlich auf eine grosse Beteiligung und faire Bedingungen. Bitte leitet diese Mail an s\u00e4mtliche Kollegen weiter welche auch noch interessiert sein k\u00f6nnten.<\/p>\n<p>Gruss<\/p>\n<p>Martin Ulrich \u00a0 \u00a0 \u00a0 \u00a0 \u00a0 \u00a0 \u00a0 \u00a0 \u00a0 \u00a0 \u00a0 \u00a0 \u00a0 \u00a0 \u00a0 \u00a0 \u00a0 \u00a0 \u00a0 \u00a0 \u00a0 \u00a0 \u00a0Stefan Bertschi<\/p>\n<p>El Presidente &#8211; F3F Swiss Pilots \u00a0 \u00a0 \u00a0 \u00a0 \u00a0 \u00a0 \u00a0 \u00a0 \u00a0K\u00e4sselimaa \u2013 F3F Swiss Pilots<\/p>\n","protected":false},"excerpt":{"rendered":"<p>Hallo Freunde des gepflegten Hangkangenpolierens Wie Martin Ulrich ja bereits in seinem Mail vom 25.09.2014 angek\u00fcndigt hat (zugegeben &#8211; dieses Mail haben einige die jetzt auf dem Verteiler sind nicht erhalten) findet auch dieses Jahr wieder eine Schweizermeisterschaft F3F statt.&hellip;<\/p>\n","protected":false},"author":1,"featured_media":1941,"comment_status":"open","ping_status":"open","sticky":false,"template":"","format":"standard","meta":{"footnotes":""},"categories":[33,17],"tags":[37,61],"_links":{"self":[{"href":"https:\/\/www.f3f.ch\/index.php?rest_route=\/wp\/v2\/posts\/1940"}],"collection":[{"href":"https:\/\/www.f3f.ch\/index.php?rest_route=\/wp\/v2\/posts"}],"about":[{"href":"https:\/\/www.f3f.ch\/index.php?rest_route=\/wp\/v2\/types\/post"}],"author":[{"embeddable":true,"href":"https:\/\/www.f3f.ch\/index.php?rest_route=\/wp\/v2\/users\/1"}],"replies":[{"embeddable":true,"href":"https:\/\/www.f3f.ch\/index.php?rest_route=%2Fwp%2Fv2%2Fcomments&post=1940"}],"version-history":[{"count":1,"href":"https:\/\/www.f3f.ch\/index.php?rest_route=\/wp\/v2\/posts\/1940\/revisions"}],"predecessor-version":[{"id":1942,"href":"https:\/\/www.f3f.ch\/index.php?rest_route=\/wp\/v2\/posts\/1940\/revisions\/1942"}],"wp:featuredmedia":[{"embeddable":true,"href":"https:\/\/www.f3f.ch\/index.php?rest_route=\/wp\/v2\/media\/1941"}],"wp:attachment":[{"href":"https:\/\/www.f3f.ch\/index.php?rest_route=%2Fwp%2Fv2%2Fmedia&parent=1940"}],"wp:term":[{"taxonomy":"category","embeddable":true,"href":"https:\/\/www.f3f.ch\/index.php?rest_route=%2Fwp%2Fv2%2Fcategories&post=1940"},{"taxonomy":"post_tag","embeddable":true,"href":"https:\/\/www.f3f.ch\/index.php?rest_route=%2Fwp%2Fv2%2Ftags&post=1940"}],"curies":[{"name":"wp","href":"https:\/\/api.w.org\/{rel}","templated":true}]}}