{"id":2110,"date":"2015-01-11T13:01:17","date_gmt":"2015-01-11T11:01:17","guid":{"rendered":"http:\/\/www.f3f.ch\/?p=2110"},"modified":"2015-01-14T00:27:26","modified_gmt":"2015-01-13T22:27:26","slug":"f3f-swiss-cup-2015-2-lugmer-resultate-bilder","status":"publish","type":"post","link":"https:\/\/www.f3f.ch\/?p=2110","title":{"rendered":"F3F SWISS CUP 2015-2, Lugmer &#8211; Resultate, Bilder (update)"},"content":{"rendered":"<p>LUGMER mal ob man auch im Kanton SH F3F Wettbewerbe fliegen kann. Das war so mein Gedanke als ich am Sonntagmorgen zum LUGMER bei Oberhallau hinfuhr. Die Prognosen versprachen guten West-S\u00fcdwestwind. Der LUGMER ist eine Anh\u00f6hung mit einer freien Westkante. Die S\u00fcdwestseite hat B\u00fcche und B\u00e4ume welche ein nahes fliegen verhindern.<br \/>\nDer Wind kam gestern leider zu schr\u00e4g (zu viel S\u00fcdwest) auf die Westkannte. Also wurde auf die S\u00fcdwest&#8220;kante&#8220; ausgerichtet. Der Kurs war dann somit \u00fcber einer Baum- und Buschreihe.<br \/>\n19 Piloten fanden sich dann kurz nach 10 Uhr zum Briefing bei welchem jeder ein tolles &#8222;Mitbringsel&#8220; erhalten durfte. Andrea MEISSNER gestaltete f\u00fcr uns ein Multitool\u00a0aus Stoff welches vielseitig als Kappe, Kopftuch, Haarbendel, Halstuch oder Schnuderlumpen verwendet werden kann. DANKE Andrea!<\/p>\n<p><a href=\"http:\/\/www.f3f.ch\/wp-content\/uploads\/2015\/01\/P1110281.jpg\"><img loading=\"lazy\" decoding=\"async\" class=\"aligncenter size-large wp-image-2131\" src=\"http:\/\/www.f3f.ch\/wp-content\/uploads\/2015\/01\/P1110281-1024x576.jpg\" alt=\"OLYMPUS DIGITAL CAMERA\" width=\"680\" height=\"383\" srcset=\"https:\/\/www.f3f.ch\/wp-content\/uploads\/2015\/01\/P1110281-1024x576.jpg 1024w, https:\/\/www.f3f.ch\/wp-content\/uploads\/2015\/01\/P1110281-300x169.jpg 300w, https:\/\/www.f3f.ch\/wp-content\/uploads\/2015\/01\/P1110281-680x383.jpg 680w, https:\/\/www.f3f.ch\/wp-content\/uploads\/2015\/01\/P1110281-940x529.jpg 940w\" sizes=\"(max-width: 680px) 100vw, 680px\" \/><\/a><\/p>\n<p>Markus MEISSNER durfte als Erster dann um ca. 10:20 Uhr die Runde 1 starten. Man konnte von Beginn weg erkennen das die Bedingungen stark variierten. Runde 1 brachte auch ein f\u00fcr\u00a0F3F eher atypisches Resultat. Wir hatten n\u00e4mlich in dieser Runde zwei 1000-nder. Peter SIMON und Nicolas PERUCH folgen exakt die selbe Rundenbestzeit von 53.59 Sekunden.<\/p>\n<p><a href=\"http:\/\/www.f3f.ch\/wp-content\/uploads\/2015\/01\/P1100233_DxO.jpg\"><img loading=\"lazy\" decoding=\"async\" class=\"aligncenter wp-image-2126 size-large\" src=\"http:\/\/www.f3f.ch\/wp-content\/uploads\/2015\/01\/P1100233_DxO-1024x768.jpg\" alt=\"Radical Jazz\" width=\"680\" height=\"510\" srcset=\"https:\/\/www.f3f.ch\/wp-content\/uploads\/2015\/01\/P1100233_DxO-1024x768.jpg 1024w, https:\/\/www.f3f.ch\/wp-content\/uploads\/2015\/01\/P1100233_DxO-300x225.jpg 300w, https:\/\/www.f3f.ch\/wp-content\/uploads\/2015\/01\/P1100233_DxO-680x510.jpg 680w, https:\/\/www.f3f.ch\/wp-content\/uploads\/2015\/01\/P1100233_DxO-940x705.jpg 940w\" sizes=\"(max-width: 680px) 100vw, 680px\" \/><\/a><br \/>\nRunde 2 brachte auch wieder sehr variable Bedingungen und ich durfte meine E2 wie ein &#8222;geschlagener Hund&#8220; von A zur B Wende,\u00a0w\u00e4hrend 90 Sekunden!, schleichen\u00a0\u00a0lassen. Zugegeben der Hund war etwas schwer. Die Runde ging an Markus MEISSNER mit 51.59 Sekunden.<br \/>\nRunde 3 wurden die Bedingungen besser jedoch zusehends auch turbulenter. Der Start am flachen Hang durch Leewirbel und der glitschige Untergrund bescherten uns so einige sehenswerte Startszenen. Dies Runden ging an den aus Deutschland angereisten Daniel SCHNEIDER mit einer Zeit von 50.90 Sekunden.<br \/>\nIn Runde 4 machte Markus MEISSNER alle Bef\u00fcrchtungen war und setzte seinen Radical JAZZ in eine Baumkrone. Die vierte Runde ging wieder an Daniel SCHNEIDER mit einer Zeit von 54.17 Sekunden.<\/p>\n<p><a href=\"http:\/\/www.f3f.ch\/wp-content\/uploads\/2015\/01\/P1100255.jpg\"><img loading=\"lazy\" decoding=\"async\" class=\"aligncenter size-large wp-image-2128\" src=\"http:\/\/www.f3f.ch\/wp-content\/uploads\/2015\/01\/P1100255-1024x576.jpg\" alt=\"OLYMPUS DIGITAL CAMERA\" width=\"680\" height=\"383\" srcset=\"https:\/\/www.f3f.ch\/wp-content\/uploads\/2015\/01\/P1100255-1024x576.jpg 1024w, https:\/\/www.f3f.ch\/wp-content\/uploads\/2015\/01\/P1100255-300x169.jpg 300w, https:\/\/www.f3f.ch\/wp-content\/uploads\/2015\/01\/P1100255-680x383.jpg 680w, https:\/\/www.f3f.ch\/wp-content\/uploads\/2015\/01\/P1100255-940x529.jpg 940w\" sizes=\"(max-width: 680px) 100vw, 680px\" \/><\/a><br \/>\nRunde 5 begann mit sehr schwachen Bedingungen, einigen Absaufern und Reflights. Die Runde wurde f\u00fcr\u00a015 Minuten unterbrochen. Danach ging es wieder gut und es wurden wieder tiefe 50-ger Zeiten m\u00f6glich. Kurz vor Ende des Wettbewerbs bekam Reto BLUMER die Thermikblase des Tages ab. Er setzte die Gelegenheit auch gleich Meisterhaft um und\u00a0peitschte seine Schlange (Viper)\u00a0in 38.14! Sekunden durch den Kurs.<br \/>\nInfolge der starken Turbulenzen w\u00e4hrend der Startphase,\u00a0der schwierigen Gegenlichtsituation und den sehr wechselhaften Bedingungen wurde um ca. 15:20 der Wettbewerb beendet.<br \/>\nSo blieb noch Zeit f\u00fcr Freeflights welche offenbar auch sehr Spass bereiteten, leider jedoch auch nicht ganz ohne Sch\u00e4den blieben.<\/p>\n<p><a href=\"http:\/\/www.f3f.ch\/wp-content\/uploads\/2015\/01\/P1100275_DxO.jpg\"><img loading=\"lazy\" decoding=\"async\" class=\"aligncenter wp-image-2129 size-large\" src=\"http:\/\/www.f3f.ch\/wp-content\/uploads\/2015\/01\/P1100275_DxO-1024x768.jpg\" alt=\"OLYMPUS DIGITAL CAMERA\" width=\"680\" height=\"510\" srcset=\"https:\/\/www.f3f.ch\/wp-content\/uploads\/2015\/01\/P1100275_DxO-1024x768.jpg 1024w, https:\/\/www.f3f.ch\/wp-content\/uploads\/2015\/01\/P1100275_DxO-300x225.jpg 300w, https:\/\/www.f3f.ch\/wp-content\/uploads\/2015\/01\/P1100275_DxO-680x510.jpg 680w, https:\/\/www.f3f.ch\/wp-content\/uploads\/2015\/01\/P1100275_DxO-940x705.jpg 940w\" sizes=\"(max-width: 680px) 100vw, 680px\" \/><\/a><\/p>\n<p>RESULTATE:<\/p>\n<p>Leider ist es bei der Berechnung auf dem Felde zu Fehlern gekommen. Die Exceltabelle hat &#8222;gezickt&#8220;. Die Resultate welche ich am Abend in der Pizzeria verlesen habe sind also falsch! Ich bitte vielmals um Entschuldigung.<br \/>\nDa ich bei\u00a0der Nachbearbeitung eines Wettbewerbs die Resultate durch mehrere Tabellen gegenrechnen lasse ist der Fehler nun entdeckt und behoben.<\/p>\n<p>Reto BLUMER gewinnt den F3F SWISSCUP 2015 am LUGMER und erh\u00e4lt die heissbegehrte Ananas! GRATULATION!<\/p>\n<p>Zweiter Platz geht an Peter SIMON<\/p>\n<p>Dritter wird Daniel SCHNEIDER<\/p>\n<p>Herzliche GRATULATION!<\/p>\n<div id=\"attachment_2130\" style=\"width: 690px\" class=\"wp-caption aligncenter\"><a href=\"http:\/\/www.f3f.ch\/wp-content\/uploads\/2015\/01\/P1100278_DxO.jpg\"><img loading=\"lazy\" decoding=\"async\" aria-describedby=\"caption-attachment-2130\" class=\"wp-image-2130 size-large\" src=\"http:\/\/www.f3f.ch\/wp-content\/uploads\/2015\/01\/P1100278_DxO-1024x768.jpg\" alt=\"\" width=\"680\" height=\"510\" srcset=\"https:\/\/www.f3f.ch\/wp-content\/uploads\/2015\/01\/P1100278_DxO-1024x768.jpg 1024w, https:\/\/www.f3f.ch\/wp-content\/uploads\/2015\/01\/P1100278_DxO-300x225.jpg 300w, https:\/\/www.f3f.ch\/wp-content\/uploads\/2015\/01\/P1100278_DxO-680x510.jpg 680w, https:\/\/www.f3f.ch\/wp-content\/uploads\/2015\/01\/P1100278_DxO-940x705.jpg 940w\" sizes=\"(max-width: 680px) 100vw, 680px\" \/><\/a><\/p>\n<p id=\"caption-attachment-2130\" class=\"wp-caption-text\">Reto BLUMER und Peter SIMON ++ Reto gewinnt die Ananas! ++<\/p>\n<\/div>\n<p>&nbsp;<\/p>\n<p><a href=\"http:\/\/www.f3f.ch\/wp-content\/uploads\/2015\/01\/results-sc-2015-2.jpg\"><img loading=\"lazy\" decoding=\"async\" class=\"aligncenter size-full wp-image-2125\" src=\"http:\/\/www.f3f.ch\/wp-content\/uploads\/2015\/01\/results-sc-2015-2.jpg\" alt=\"results sc 2015-2\" width=\"503\" height=\"674\" srcset=\"https:\/\/www.f3f.ch\/wp-content\/uploads\/2015\/01\/results-sc-2015-2.jpg 503w, https:\/\/www.f3f.ch\/wp-content\/uploads\/2015\/01\/results-sc-2015-2-224x300.jpg 224w, https:\/\/www.f3f.ch\/wp-content\/uploads\/2015\/01\/results-sc-2015-2-300x402.jpg 300w\" sizes=\"(max-width: 503px) 100vw, 503px\" \/><\/a><\/p>\n<p>Detailresultate <a href=\"http:\/\/www.f3xvault.com\/?action=event&amp;function=event_view&amp;event_id=445\">hier&#8230;auf f3XVAULT<\/a><\/p>\n<p>Viele Bilder von Thomas KUEBLER hier <a href=\"http:\/\/www.acdseeonline.com\/share-view\/Thomas+Kuebler\/H3sJY1WmpqLaOvb4Q7MU\/\"><span style=\"text-decoration: underline;\">Fotos ansehen<\/span><\/a><\/p>\n<p>Herzlichen DANK an die MG Schaffhausen welche uns den Hang f\u00fcr diesen Samstag \u00fcberliessen um F3F zu fliegen!<br \/>\nHerzlichen Dank an die vielseitige Unterst\u00fctzung der MEISSNERS, stark!<\/p>\n<p>el P. Martin ULRICH<\/p>\n","protected":false},"excerpt":{"rendered":"<p>LUGMER mal ob man auch im Kanton SH F3F Wettbewerbe fliegen kann. Das war so mein Gedanke als ich am Sonntagmorgen zum LUGMER bei Oberhallau hinfuhr. Die Prognosen versprachen guten West-S\u00fcdwestwind. Der LUGMER ist eine Anh\u00f6hung mit einer freien Westkante.&hellip;<\/p>\n","protected":false},"author":1,"featured_media":2127,"comment_status":"open","ping_status":"open","sticky":false,"template":"","format":"standard","meta":{"footnotes":""},"categories":[33,17],"tags":[39,61],"_links":{"self":[{"href":"https:\/\/www.f3f.ch\/index.php?rest_route=\/wp\/v2\/posts\/2110"}],"collection":[{"href":"https:\/\/www.f3f.ch\/index.php?rest_route=\/wp\/v2\/posts"}],"about":[{"href":"https:\/\/www.f3f.ch\/index.php?rest_route=\/wp\/v2\/types\/post"}],"author":[{"embeddable":true,"href":"https:\/\/www.f3f.ch\/index.php?rest_route=\/wp\/v2\/users\/1"}],"replies":[{"embeddable":true,"href":"https:\/\/www.f3f.ch\/index.php?rest_route=%2Fwp%2Fv2%2Fcomments&post=2110"}],"version-history":[{"count":9,"href":"https:\/\/www.f3f.ch\/index.php?rest_route=\/wp\/v2\/posts\/2110\/revisions"}],"predecessor-version":[{"id":2137,"href":"https:\/\/www.f3f.ch\/index.php?rest_route=\/wp\/v2\/posts\/2110\/revisions\/2137"}],"wp:featuredmedia":[{"embeddable":true,"href":"https:\/\/www.f3f.ch\/index.php?rest_route=\/wp\/v2\/media\/2127"}],"wp:attachment":[{"href":"https:\/\/www.f3f.ch\/index.php?rest_route=%2Fwp%2Fv2%2Fmedia&parent=2110"}],"wp:term":[{"taxonomy":"category","embeddable":true,"href":"https:\/\/www.f3f.ch\/index.php?rest_route=%2Fwp%2Fv2%2Fcategories&post=2110"},{"taxonomy":"post_tag","embeddable":true,"href":"https:\/\/www.f3f.ch\/index.php?rest_route=%2Fwp%2Fv2%2Ftags&post=2110"}],"curies":[{"name":"wp","href":"https:\/\/api.w.org\/{rel}","templated":true}]}}