{"id":2138,"date":"2015-01-15T23:49:50","date_gmt":"2015-01-15T21:49:50","guid":{"rendered":"http:\/\/www.f3f.ch\/?p=2138"},"modified":"2015-01-15T23:55:53","modified_gmt":"2015-01-15T21:55:53","slug":"f3f-swiss-cup-2015-1-eispokal","status":"publish","type":"post","link":"https:\/\/www.f3f.ch\/?p=2138","title":{"rendered":"F3F SWISS CUP 2015-1, Eispokal"},"content":{"rendered":"<p>Gesch\u00e4tzte F3F SWISS PILOTS und F3F Enthusiasten<\/p>\n<p>Das\u00a0F3F Jahr wird fortgesetzt mit dem &#8222;Eispokal&#8220; bei Fischbach.<br \/>\nBei passenden Bedingungen f\u00fchren wir am <strong>25. Januar <\/strong>einen <strong>F3F SWISS CUP <\/strong>durch!<\/p>\n<p><a href=\"http:\/\/www.f3f.ch\/wp-content\/uploads\/2015\/01\/eispokal.jpg\"><img loading=\"lazy\" decoding=\"async\" class=\"aligncenter size-large wp-image-2144\" src=\"http:\/\/www.f3f.ch\/wp-content\/uploads\/2015\/01\/eispokal-1024x768.jpg\" alt=\"eispokal\" width=\"680\" height=\"510\" srcset=\"https:\/\/www.f3f.ch\/wp-content\/uploads\/2015\/01\/eispokal.jpg 1024w, https:\/\/www.f3f.ch\/wp-content\/uploads\/2015\/01\/eispokal-300x225.jpg 300w, https:\/\/www.f3f.ch\/wp-content\/uploads\/2015\/01\/eispokal-680x510.jpg 680w, https:\/\/www.f3f.ch\/wp-content\/uploads\/2015\/01\/eispokal-940x705.jpg 940w\" sizes=\"(max-width: 680px) 100vw, 680px\" \/><\/a><\/p>\n<p>Zu Gast sind wir bei der MG Langenthal bei Fischbach Kanton LU.<br \/>\nJe nach Wetter\u00a0f\u00fchren wir den Wettbewerb am\u00a0Sonntag <strong>25. Januar<\/strong> durch. Grunds\u00e4tzlich gelten dabei die offiziellen F3F Regeln nach FAI. Allf\u00e4llige Local Rules werden beim Briefing am Wettbewerbstag bekannt gegeben. Auf der Website <a href=\"http:\/\/www.f3f.ch\">http:\/\/www.f3f.ch<\/a> und\/oder \u00fcber E-Mail wird die Durchf\u00fchrung bis sp\u00e4testens 19:00 Uhr des Vorabends bekannt gegeben.<\/p>\n<p><strong>WICHTIG<\/strong>-Alles weitere in der <a href=\"http:\/\/www.f3f.ch\/wp-content\/uploads\/2015\/01\/F3F-SWISS-CUP-2015-1.pdf\" target=\"_blank\"><strong>Ausschreibung<\/strong><\/a> (klicke auf Ausschreibung)<\/p>\n<p>Anmeldung ge\u00f6ffnet! <a href=\"http:\/\/www.f3xvault.com\/?action=event&amp;function=event_view&amp;event_id=436\" target=\"_blank\">http:\/\/www.f3xvault.com\/?action=event&amp;function=event_view&amp;event_id=436<\/a><\/p>\n<p>Ich freue mich auf rege Teilnahme.<\/p>\n<p>elP<br \/>\nMartin ULRICH<\/p>\n","protected":false},"excerpt":{"rendered":"<p>Gesch\u00e4tzte F3F SWISS PILOTS und F3F Enthusiasten Das\u00a0F3F Jahr wird fortgesetzt mit dem &#8222;Eispokal&#8220; bei Fischbach. Bei passenden Bedingungen f\u00fchren wir am 25. Januar einen F3F SWISS CUP durch! Zu Gast sind wir bei der MG Langenthal bei Fischbach Kanton&hellip;<\/p>\n","protected":false},"author":1,"featured_media":1563,"comment_status":"open","ping_status":"open","sticky":false,"template":"","format":"standard","meta":{"footnotes":""},"categories":[33,17],"tags":[39],"_links":{"self":[{"href":"https:\/\/www.f3f.ch\/index.php?rest_route=\/wp\/v2\/posts\/2138"}],"collection":[{"href":"https:\/\/www.f3f.ch\/index.php?rest_route=\/wp\/v2\/posts"}],"about":[{"href":"https:\/\/www.f3f.ch\/index.php?rest_route=\/wp\/v2\/types\/post"}],"author":[{"embeddable":true,"href":"https:\/\/www.f3f.ch\/index.php?rest_route=\/wp\/v2\/users\/1"}],"replies":[{"embeddable":true,"href":"https:\/\/www.f3f.ch\/index.php?rest_route=%2Fwp%2Fv2%2Fcomments&post=2138"}],"version-history":[{"count":7,"href":"https:\/\/www.f3f.ch\/index.php?rest_route=\/wp\/v2\/posts\/2138\/revisions"}],"predecessor-version":[{"id":2147,"href":"https:\/\/www.f3f.ch\/index.php?rest_route=\/wp\/v2\/posts\/2138\/revisions\/2147"}],"wp:featuredmedia":[{"embeddable":true,"href":"https:\/\/www.f3f.ch\/index.php?rest_route=\/wp\/v2\/media\/1563"}],"wp:attachment":[{"href":"https:\/\/www.f3f.ch\/index.php?rest_route=%2Fwp%2Fv2%2Fmedia&parent=2138"}],"wp:term":[{"taxonomy":"category","embeddable":true,"href":"https:\/\/www.f3f.ch\/index.php?rest_route=%2Fwp%2Fv2%2Fcategories&post=2138"},{"taxonomy":"post_tag","embeddable":true,"href":"https:\/\/www.f3f.ch\/index.php?rest_route=%2Fwp%2Fv2%2Ftags&post=2138"}],"curies":[{"name":"wp","href":"https:\/\/api.w.org\/{rel}","templated":true}]}}