{"id":2358,"date":"2015-05-19T10:53:58","date_gmt":"2015-05-19T08:53:58","guid":{"rendered":"http:\/\/www.f3f.ch\/?p=2358"},"modified":"2015-05-20T23:48:16","modified_gmt":"2015-05-20T21:48:16","slug":"fai-f3f-almenland-race-2015-austria","status":"publish","type":"post","link":"https:\/\/www.f3f.ch\/?p=2358","title":{"rendered":"FAI F3F Almenland Race 2015, Austria"},"content":{"rendered":"<p style=\"text-align: center;\"><strong>FAI F3F Almenland race Austria<\/strong><\/p>\n<p style=\"text-align: center;\">8 \u2013 10 mai\u00a02015<br \/>\nReport by <strong>Jiri Hladky<\/strong><\/p>\n<p>&nbsp;<\/p>\n<p>&#8230;. questo sono tutti tre link diretti x i corti video che ho fatto in Austria al Almenland race 2015:<\/p>\n<p>This is my three short video from FAI F3F Almenland race 2015 (Austria):<\/p>\n<p>1. Part 1 Friday: first race day: <a href=\"https:\/\/youtu.be\/hE3znBqY3P8\">https:\/\/youtu.be\/hE3znBqY3P8<\/a><\/p>\n<p>2. Part 2 Saturday: second race day: <a href=\"https:\/\/youtu.be\/51ejpeHbRvA\">https:\/\/youtu.be\/51ejpeHbRvA<\/a><\/p>\n<p>3. Part 3 Sunday: third race day: <a href=\"https:\/\/youtu.be\/b2iTDItBpBM\">https:\/\/youtu.be\/b2iTDItBpBM<\/a><\/p>\n<p>Gara di tre giorni (ve, sa e do) a quale sono iscritti 35 concorrenti (15 austriaci, 8 slovacchi, 6 della rep. ceca, 5 tedeschi e uno svizzero: me). Favoriti quelli del posto forse il piu esperto Franz Prasch, Cecchi: V\u00e0clav Vojtisek, Radovan Plch e slovacco Frantisek Ruisl che ha volato molto bene alla gara scorsa a Donaupokal.<\/p>\n<p>Posto e molto bello (guarda le foto). Si trova nelle pre alpi austriache circa 50 km a Nord del Graz a ca 1400 msl.<\/p>\n<p>Si puo volare sui diversi versanti della montagna a dipendenza del vento.<\/p>\n<p>L&#8217;anno scorso hanno avuto un po sfortuna con il tempo. Cerano presenti solo 25 concorrenti e hanno fatto solo 4 giri validi in tre giorni. Tempi erano piuttosto alti che spazzavano da 46 a 80 secondi circa: complice pioggia, vento debole e direzione del vento oltre 45 gradi rispetto al pendio&#8230; Speriamo che questa volta si voler\u00e0 meglio.<\/p>\n<p>Porter\u00f2 con me anche Vampiro &#8222;leggero&#8220; da F3B (2 200g) di Zdenek Jesina che con poco vento viaggia forte (basta che vento \u00e8 piuttosto costante e non \u00e8 troppo turbolento). I slovacchi dicono che bisogna passare sopra le ali un grasso del maiale: cosi modello vola piu veloce . \ud83d\ude42 \ud83d\ude42<\/p>\n<p>Bello lo slogan del F3F.eu: ALL YOU NEED IS SPEED = tutto ci\u00f2 che serve \u00e8 la velocit\u00e0<\/p>\n<p>&nbsp;<\/p>\n<p><strong>Venerdi 8 aprile primo giorno della gara:<\/strong><\/p>\n<p>Ritrovo alle 08.30 con sorteggio ecc. Briefing alle 09.30 in decollo (10 minuti a piedi dal posteggio), primo volo alle 10.00. Abbiamo volato 6 rounds. Vento 4-6 m\/s turbolento. Si volava sul versante sud con il modello un po lontano dal pilota con il bosco di pini che faceva un po di sottovento. Non si sapeva bene se volare sopra gli alberi oppure d&#8217;avanti cera la turbolenza dapertutto. Atterraggi nelle zone diverse abbastanza facili. Qualche modello schiantato sul prato in velocit\u00e0 e qualche modello schiantato dopo lo stallo dinamico in virata (non miei\u00a0 \ud83d\ude42 \ud83d\ude42 .<\/p>\n<p>Oggi ci si aspetta vento forte intorno 20 m\/s da nord. Fino le 14 dovrebbe essere buona poi le previsioni danno acqua. Vediamo cosa decide direttore della gara.<\/p>\n<p><strong>Sabato 9 aprile secondo giorno della gara<\/strong><\/p>\n<p>&#8230; oggi \u00e8 andata mooolto peggio:<\/p>\n<p>la mattina una &#8222;scarpinata&#8220; di 30 minuti in cima della montagna esposta con versante verso nord con zaino pesante e borsa con modelli. Un solo giro di voli valido con poco vento laterale e scappare veloce giu a ripararsi nella baita dal temporale, poi verso le 3 di nuovo su che doveva esserci vento da 8m\/s, montare modelli ma niente vento allora poi di nuovo da altra parte della montagna x cercare il vento giusto montare di nuovo modelli, e vedere il vento calare di nuovo.<\/p>\n<p>Meno male che direttore della gara ha annullato la gara verso le 16.30 perch\u00e9 posto scelto era proprio brutto&#8230; mi fanno male le gambe (quadricipiti e polpacci) che ci vorr\u00e0 tutta la settimana prossima per smaltire acido lattico &#8230;<\/p>\n<p>Tutto questo per fare un peggior volo di tutti i miei tempi (90 secondi) lottando senza vento a salvare il mio Pitbull della morte certa pochi centimetri sopra le cime di pini sottostanti &#8230;.<\/p>\n<p>Domani la meteo dovrebbe essere piu meno come oggi. Speriamo che gli austriaci non ci fanno volare nell&#8217;ultimo buco in sottovento che ci hanno preparato per oggi&#8230; \ud83d\ude21 \ud83d\ude21<\/p>\n<p>In testa della gara \u00e8 per adesso SCHEDEL Sigfried, tedesco che credo \u00e8 anche in passato campione del mondo F5D? Vola in Germania dove non ha le montagne per allenarsi &#8230; Stamattina abbiamo fatto la colazione insieme. Mi ha dato qualche dritta per settare meglio il mio Pitbull (forse per quello che oggi ho fatto il mio peggior tempo \ud83d\ude15 \ud83d\ude15 \ud83d\ude15 ???).<\/p>\n<p><strong>Domenica 10 aprile: terzo e ultimo giorno di gara.<\/strong><\/p>\n<p>Ritrovo presto alle 9 gia in pendio. Vento molto laterale rispetto pendio oltre 10 m\/s con picchi oltre 23 m\/s, ma non regolare. Qualche nuvola di troppo che a tratti scaricava un po di acqua. Direttore ha spostato piu che si poteva le basi in maniera che si riusciva a volare con il vento nei limiti di tolleranza: non piu di 45 gradi rispetto il pendio. Abbiamo volato subito primo giro con un po di reflight causati da calo del vento. Poi ancora secondo ed ultimo (nonno giro in totale)&#8230;qui il vento diventava bastardo e la montagna a tratti non teneva piu. Alcuni piloti hanno dovuto atterrare di fretta dove si poteva altrimenti si rischiava di perdere il modello in fondo della vale: purtroppo \u00e8 successo al Sigi nominato ieri; dopo una lotta di 20 minuti a circa 1 km di profondit\u00e0 il suo Freestyler e atterrato da qualche parte dove solo lui lo ha visto di atterrare&#8230;quando io andavo via dopo la premiazione Sigi purtroppo cercava ancora il suo FS&#8230;<\/p>\n<p>La classifica generale: http:\/\/www.f3f.eu\/index.php\/item\/36-ergebnis-almenland-race-2015<\/p>\n<p>Ha vinto Radovan Plch&#8230; io sono arrivato 28 su 35, ho volato bene come solito solo ultimo giorno. Modelli ancora una volta sono arrivati a casa loro solo con qualche graffio&#8230; \ud83d\ude00 \ud83d\ude00 \ud83d\ude00<\/p>\n<p>Posto un po di foto e poi metto i link diretti per i filmati che montero se ce la faccio questa settimana.<br \/>\nSulle foto si vedono alcuni concorrenti piu anziani mooolto stanchi dopo le scarpinate degli gioni precedenti (la montagna ogni giorno che passava diventa sempre piu alta), la foto della birreria austriaca con la squadra della Rep. ceca delle 01.30 di domenica mattina, appena prima che ci hanno buttato fuori: da sinistra Radovan Plch dopo la 6ta birra, poi Miroslav Trsek che non ha bevuto niente ma guardava tutta la sera con questa espressone da gallo una austriaca non male al tavolo di fronte che festeggiava il suo compleanno e terzo tutto a destra V\u00e0clav Vojtisek dopo la 10ma birra (penso)&#8230;<\/p>\n<p><strong>Jiri Hladky<\/strong><\/p>\n<div id='gallery-1' class='gallery galleryid-2358 gallery-columns-3 gallery-size-thumbnail'>\n<dl class='gallery-item'>\n<dt class='gallery-icon landscape'>\n\t\t\t\t<a href='https:\/\/www.f3f.ch\/wp-content\/uploads\/2015\/05\/20150508_102416.jpg'><img loading=\"lazy\" decoding=\"async\" width=\"150\" height=\"150\" src=\"https:\/\/www.f3f.ch\/wp-content\/uploads\/2015\/05\/20150508_102416-150x150.jpg\" class=\"attachment-thumbnail size-thumbnail\" alt=\"\" \/><\/a>\n\t\t\t<\/dt>\n<\/dl>\n<dl class='gallery-item'>\n<dt class='gallery-icon landscape'>\n\t\t\t\t<a href='https:\/\/www.f3f.ch\/wp-content\/uploads\/2015\/05\/20150508_115611.jpg'><img loading=\"lazy\" decoding=\"async\" width=\"150\" height=\"150\" src=\"https:\/\/www.f3f.ch\/wp-content\/uploads\/2015\/05\/20150508_115611-150x150.jpg\" class=\"attachment-thumbnail size-thumbnail\" alt=\"\" \/><\/a>\n\t\t\t<\/dt>\n<\/dl>\n<dl class='gallery-item'>\n<dt class='gallery-icon landscape'>\n\t\t\t\t<a href='https:\/\/www.f3f.ch\/wp-content\/uploads\/2015\/05\/20150508_124746.jpg'><img loading=\"lazy\" decoding=\"async\" width=\"150\" height=\"150\" src=\"https:\/\/www.f3f.ch\/wp-content\/uploads\/2015\/05\/20150508_124746-150x150.jpg\" class=\"attachment-thumbnail size-thumbnail\" alt=\"\" \/><\/a>\n\t\t\t<\/dt>\n<\/dl>\n<p><br style=\"clear: both\" \/><\/p>\n<dl class='gallery-item'>\n<dt class='gallery-icon landscape'>\n\t\t\t\t<a href='https:\/\/www.f3f.ch\/wp-content\/uploads\/2015\/05\/20150509_101202.jpg'><img loading=\"lazy\" decoding=\"async\" width=\"150\" height=\"150\" src=\"https:\/\/www.f3f.ch\/wp-content\/uploads\/2015\/05\/20150509_101202-150x150.jpg\" class=\"attachment-thumbnail size-thumbnail\" alt=\"\" \/><\/a>\n\t\t\t<\/dt>\n<\/dl>\n<dl class='gallery-item'>\n<dt class='gallery-icon landscape'>\n\t\t\t\t<a href='https:\/\/www.f3f.ch\/wp-content\/uploads\/2015\/05\/20150509_102807.jpg'><img loading=\"lazy\" decoding=\"async\" width=\"150\" height=\"150\" src=\"https:\/\/www.f3f.ch\/wp-content\/uploads\/2015\/05\/20150509_102807-150x150.jpg\" class=\"attachment-thumbnail size-thumbnail\" alt=\"\" \/><\/a>\n\t\t\t<\/dt>\n<\/dl>\n<dl class='gallery-item'>\n<dt class='gallery-icon landscape'>\n\t\t\t\t<a href='https:\/\/www.f3f.ch\/wp-content\/uploads\/2015\/05\/20150509_104645.jpg'><img loading=\"lazy\" decoding=\"async\" width=\"150\" height=\"150\" src=\"https:\/\/www.f3f.ch\/wp-content\/uploads\/2015\/05\/20150509_104645-150x150.jpg\" class=\"attachment-thumbnail size-thumbnail\" alt=\"\" \/><\/a>\n\t\t\t<\/dt>\n<\/dl>\n<p><br style=\"clear: both\" \/><\/p>\n<dl class='gallery-item'>\n<dt class='gallery-icon landscape'>\n\t\t\t\t<a href='https:\/\/www.f3f.ch\/wp-content\/uploads\/2015\/05\/20150509_125143.jpg'><img loading=\"lazy\" decoding=\"async\" width=\"150\" height=\"150\" src=\"https:\/\/www.f3f.ch\/wp-content\/uploads\/2015\/05\/20150509_125143-150x150.jpg\" class=\"attachment-thumbnail size-thumbnail\" alt=\"\" \/><\/a>\n\t\t\t<\/dt>\n<\/dl>\n<dl class='gallery-item'>\n<dt class='gallery-icon landscape'>\n\t\t\t\t<a href='https:\/\/www.f3f.ch\/wp-content\/uploads\/2015\/05\/20150509_223445.jpg'><img loading=\"lazy\" decoding=\"async\" width=\"150\" height=\"150\" src=\"https:\/\/www.f3f.ch\/wp-content\/uploads\/2015\/05\/20150509_223445-150x150.jpg\" class=\"attachment-thumbnail size-thumbnail\" alt=\"\" \/><\/a>\n\t\t\t<\/dt>\n<\/dl>\n<dl class='gallery-item'>\n<dt class='gallery-icon landscape'>\n\t\t\t\t<a href='https:\/\/www.f3f.ch\/wp-content\/uploads\/2015\/05\/20150510_093521.jpg'><img loading=\"lazy\" decoding=\"async\" width=\"150\" height=\"150\" src=\"https:\/\/www.f3f.ch\/wp-content\/uploads\/2015\/05\/20150510_093521-150x150.jpg\" class=\"attachment-thumbnail size-thumbnail\" alt=\"\" \/><\/a>\n\t\t\t<\/dt>\n<\/dl>\n<p><br style=\"clear: both\" \/>\n\t\t<\/div>\n<p>&nbsp;<\/p>\n<p>&nbsp;<\/p>\n<p>&nbsp;<\/p>\n","protected":false},"excerpt":{"rendered":"<p>FAI F3F Almenland race Austria 8 \u2013 10 mai\u00a02015 Report by Jiri Hladky &nbsp; &#8230;. questo sono tutti tre link diretti x i corti video che ho fatto in Austria al Almenland race 2015: This is my three short video&hellip;<\/p>\n","protected":false},"author":1,"featured_media":2368,"comment_status":"open","ping_status":"open","sticky":false,"template":"","format":"standard","meta":{"footnotes":""},"categories":[17],"tags":[26,27],"_links":{"self":[{"href":"https:\/\/www.f3f.ch\/index.php?rest_route=\/wp\/v2\/posts\/2358"}],"collection":[{"href":"https:\/\/www.f3f.ch\/index.php?rest_route=\/wp\/v2\/posts"}],"about":[{"href":"https:\/\/www.f3f.ch\/index.php?rest_route=\/wp\/v2\/types\/post"}],"author":[{"embeddable":true,"href":"https:\/\/www.f3f.ch\/index.php?rest_route=\/wp\/v2\/users\/1"}],"replies":[{"embeddable":true,"href":"https:\/\/www.f3f.ch\/index.php?rest_route=%2Fwp%2Fv2%2Fcomments&post=2358"}],"version-history":[{"count":15,"href":"https:\/\/www.f3f.ch\/index.php?rest_route=\/wp\/v2\/posts\/2358\/revisions"}],"predecessor-version":[{"id":2438,"href":"https:\/\/www.f3f.ch\/index.php?rest_route=\/wp\/v2\/posts\/2358\/revisions\/2438"}],"wp:featuredmedia":[{"embeddable":true,"href":"https:\/\/www.f3f.ch\/index.php?rest_route=\/wp\/v2\/media\/2368"}],"wp:attachment":[{"href":"https:\/\/www.f3f.ch\/index.php?rest_route=%2Fwp%2Fv2%2Fmedia&parent=2358"}],"wp:term":[{"taxonomy":"category","embeddable":true,"href":"https:\/\/www.f3f.ch\/index.php?rest_route=%2Fwp%2Fv2%2Fcategories&post=2358"},{"taxonomy":"post_tag","embeddable":true,"href":"https:\/\/www.f3f.ch\/index.php?rest_route=%2Fwp%2Fv2%2Ftags&post=2358"}],"curies":[{"name":"wp","href":"https:\/\/api.w.org\/{rel}","templated":true}]}}