{"id":2474,"date":"2015-07-11T10:16:24","date_gmt":"2015-07-11T08:16:24","guid":{"rendered":"http:\/\/www.f3f.ch\/?p=2474"},"modified":"2015-07-11T10:20:22","modified_gmt":"2015-07-11T08:20:22","slug":"alpiner-erstflug-ask-21-von-oliver-goldammer","status":"publish","type":"post","link":"https:\/\/www.f3f.ch\/?p=2474","title":{"rendered":"Alpiner Erstflug ASK-21 von Oliver Goldammer"},"content":{"rendered":"<p>ASK-21 von RC-Flight-Academy \/ Massstab: 1:3,3 \/ SW: 520cm \/ Gewicht: ca. 15kg &#8211; das sind die Kennzahlen des neuen Scale-Seglers von Oliver Goldammer.<br \/>\nK\u00f6nnen wir diesen am Hang starten?<br \/>\nWie wird sich das Modell in den ersten Sekunden (ohne viel Fahrt) verhalten?<br \/>\nWie schwierig wird die Landung sein?<br \/>\nWie bringen wir das grosse, schwere Modell auf den Startpunkt?<\/p>\n<p>Wagt es Oli \u00fcberhaupt, sein Lieblingsflieger am Hang zu starten &#8211; und danach zu landen???<\/p>\n<p>Alle Spekulationen und berechtigte \u00dcberlegungen wurden in unseren Hahnenmoos-Hangflugferien mit wunderbaren Fl\u00fcgen am Lavey-Grat ausger\u00e4umt und die Sicherheit, dass die Gr\u00f6sse \/ Gewicht \/ &#8230; f\u00fcr dieses Modell kein Problem f\u00fcr den Einsatz im Hangflug darstellt, ist nun wesentlich gest\u00e4rkt.<\/p>\n<p>Nat\u00fcrlich hat Oli das ganze nicht am Schalmi (oder so) gemacht: es musste der Laveygrat sein, erstmals knapp 200 H\u00f6henmeter \u00fcber dem Hahnenmoos und dann etwas schwierigere Landebedingungen.<\/p>\n<p>Seht selber &#8230;<\/p>\n<p>LG Kurt<\/p>\n","protected":false},"excerpt":{"rendered":"<p>ASK-21 von RC-Flight-Academy \/ Massstab: 1:3,3 \/ SW: 520cm \/ Gewicht: ca. 15kg &#8211; das sind die Kennzahlen des neuen Scale-Seglers von Oliver Goldammer. K\u00f6nnen wir diesen am Hang starten? Wie wird sich das Modell in den ersten Sekunden (ohne&hellip;<\/p>\n","protected":false},"author":5,"featured_media":0,"comment_status":"open","ping_status":"open","sticky":false,"template":"","format":"video","meta":{"footnotes":""},"categories":[1],"tags":[],"_links":{"self":[{"href":"https:\/\/www.f3f.ch\/index.php?rest_route=\/wp\/v2\/posts\/2474"}],"collection":[{"href":"https:\/\/www.f3f.ch\/index.php?rest_route=\/wp\/v2\/posts"}],"about":[{"href":"https:\/\/www.f3f.ch\/index.php?rest_route=\/wp\/v2\/types\/post"}],"author":[{"embeddable":true,"href":"https:\/\/www.f3f.ch\/index.php?rest_route=\/wp\/v2\/users\/5"}],"replies":[{"embeddable":true,"href":"https:\/\/www.f3f.ch\/index.php?rest_route=%2Fwp%2Fv2%2Fcomments&post=2474"}],"version-history":[{"count":4,"href":"https:\/\/www.f3f.ch\/index.php?rest_route=\/wp\/v2\/posts\/2474\/revisions"}],"predecessor-version":[{"id":2478,"href":"https:\/\/www.f3f.ch\/index.php?rest_route=\/wp\/v2\/posts\/2474\/revisions\/2478"}],"wp:attachment":[{"href":"https:\/\/www.f3f.ch\/index.php?rest_route=%2Fwp%2Fv2%2Fmedia&parent=2474"}],"wp:term":[{"taxonomy":"category","embeddable":true,"href":"https:\/\/www.f3f.ch\/index.php?rest_route=%2Fwp%2Fv2%2Fcategories&post=2474"},{"taxonomy":"post_tag","embeddable":true,"href":"https:\/\/www.f3f.ch\/index.php?rest_route=%2Fwp%2Fv2%2Ftags&post=2474"}],"curies":[{"name":"wp","href":"https:\/\/api.w.org\/{rel}","templated":true}]}}