{"id":2480,"date":"2015-07-22T21:29:01","date_gmt":"2015-07-22T19:29:01","guid":{"rendered":"http:\/\/www.f3f.ch\/?p=2480"},"modified":"2015-07-24T12:23:53","modified_gmt":"2015-07-24T10:23:53","slug":"f3f-fai-lemoncello-cup-2015-col-de-tende-f","status":"publish","type":"post","link":"https:\/\/www.f3f.ch\/?p=2480","title":{"rendered":"F3F FAI Lemoncello Cup 2015, Col de Tende (F)"},"content":{"rendered":"<p><strong>Limoncello Cup 2015, F3F am Col de Tende<\/strong><\/p>\n<p>Auf der Startliste standen f\u00fcnf Swiss Pilots um in den Bergen zwischen Italien und Frankreich ihr F3F-K\u00f6nnen zu messen.<br \/>\nDer Col de Tende oder Colli di Tenda\u00a0ist ein \u00dcbergang \u00fcber die Alpen\u00a0zwischen Italien und Frankreich in der Region Piemont (I) und Provence-Alpes-C\u00f4te d\u2019Azur (F).<br \/>\nMarkus buchte f\u00fcr Team DUBAI standesgem\u00e4ss einem **** Grand Hotel in Limone (I) um einen m\u00f6glichst angenehmen Aufenthalt sicherzustellen, f\u00fcr einen *Bergprimaten doch etwas ungew\u00f6hndlich.<\/p>\n<div id=\"attachment_2496\" style=\"width: 690px\" class=\"wp-caption aligncenter\"><a href=\"http:\/\/www.f3f.ch\/wp-content\/uploads\/2015\/07\/P7160052_DxO.jpg\"><img loading=\"lazy\" decoding=\"async\" aria-describedby=\"caption-attachment-2496\" class=\"size-large wp-image-2496\" src=\"http:\/\/www.f3f.ch\/wp-content\/uploads\/2015\/07\/P7160052_DxO-1024x768.jpg\" alt=\"OLYMPUS DIGITAL CAMERA\" width=\"680\" height=\"510\" srcset=\"https:\/\/www.f3f.ch\/wp-content\/uploads\/2015\/07\/P7160052_DxO-1024x768.jpg 1024w, https:\/\/www.f3f.ch\/wp-content\/uploads\/2015\/07\/P7160052_DxO-300x225.jpg 300w, https:\/\/www.f3f.ch\/wp-content\/uploads\/2015\/07\/P7160052_DxO-680x510.jpg 680w, https:\/\/www.f3f.ch\/wp-content\/uploads\/2015\/07\/P7160052_DxO-940x705.jpg 940w\" sizes=\"(max-width: 680px) 100vw, 680px\" \/><\/a><\/p>\n<p id=\"caption-attachment-2496\" class=\"wp-caption-text\">Colli di Tenda<\/p>\n<\/div>\n<p>Die Fahrt am Vortag des Wettbewerbs nach Limone verlief problemlos und es schien einem schon fast als ob man vor der &#8222;Haust\u00fcr&#8220; einen Eurotourwettbewerb besucht. Am Mittag kurz eingecheckt im Grand Hotel und dann hoch zum ca.1900 m\u00fcM Colli di Tende.<\/p>\n<div id=\"attachment_2494\" style=\"width: 690px\" class=\"wp-caption aligncenter\"><a href=\"http:\/\/www.f3f.ch\/wp-content\/uploads\/2015\/07\/P7160043_DxO.jpg\"><img loading=\"lazy\" decoding=\"async\" aria-describedby=\"caption-attachment-2494\" class=\"size-large wp-image-2494\" src=\"http:\/\/www.f3f.ch\/wp-content\/uploads\/2015\/07\/P7160043_DxO-1024x768.jpg\" alt=\"OLYMPUS DIGITAL CAMERA\" width=\"680\" height=\"510\" srcset=\"https:\/\/www.f3f.ch\/wp-content\/uploads\/2015\/07\/P7160043_DxO-1024x768.jpg 1024w, https:\/\/www.f3f.ch\/wp-content\/uploads\/2015\/07\/P7160043_DxO-300x225.jpg 300w, https:\/\/www.f3f.ch\/wp-content\/uploads\/2015\/07\/P7160043_DxO-680x510.jpg 680w, https:\/\/www.f3f.ch\/wp-content\/uploads\/2015\/07\/P7160043_DxO-940x705.jpg 940w\" sizes=\"(max-width: 680px) 100vw, 680px\" \/><\/a><\/p>\n<p id=\"caption-attachment-2494\" class=\"wp-caption-text\">Col de Tende<\/p>\n<\/div>\n<div id=\"attachment_2492\" style=\"width: 690px\" class=\"wp-caption aligncenter\"><a href=\"http:\/\/www.f3f.ch\/wp-content\/uploads\/2015\/07\/P7160030_DxO.jpg\"><img loading=\"lazy\" decoding=\"async\" aria-describedby=\"caption-attachment-2492\" class=\"size-large wp-image-2492\" src=\"http:\/\/www.f3f.ch\/wp-content\/uploads\/2015\/07\/P7160030_DxO-1024x576.jpg\" alt=\"OLYMPUS DIGITAL CAMERA\" width=\"680\" height=\"383\" srcset=\"https:\/\/www.f3f.ch\/wp-content\/uploads\/2015\/07\/P7160030_DxO-1024x576.jpg 1024w, https:\/\/www.f3f.ch\/wp-content\/uploads\/2015\/07\/P7160030_DxO-300x169.jpg 300w, https:\/\/www.f3f.ch\/wp-content\/uploads\/2015\/07\/P7160030_DxO-680x383.jpg 680w, https:\/\/www.f3f.ch\/wp-content\/uploads\/2015\/07\/P7160030_DxO-940x529.jpg 940w\" sizes=\"(max-width: 680px) 100vw, 680px\" \/><\/a><\/p>\n<p id=\"caption-attachment-2492\" class=\"wp-caption-text\">Pierre mit Shinto<\/p>\n<\/div>\n<div id=\"attachment_2493\" style=\"width: 690px\" class=\"wp-caption aligncenter\"><a href=\"http:\/\/www.f3f.ch\/wp-content\/uploads\/2015\/07\/P7160038_DxO.jpg\"><img loading=\"lazy\" decoding=\"async\" aria-describedby=\"caption-attachment-2493\" class=\"size-large wp-image-2493\" src=\"http:\/\/www.f3f.ch\/wp-content\/uploads\/2015\/07\/P7160038_DxO-1024x768.jpg\" alt=\"OLYMPUS DIGITAL CAMERA\" width=\"680\" height=\"510\" srcset=\"https:\/\/www.f3f.ch\/wp-content\/uploads\/2015\/07\/P7160038_DxO-1024x768.jpg 1024w, https:\/\/www.f3f.ch\/wp-content\/uploads\/2015\/07\/P7160038_DxO-300x225.jpg 300w, https:\/\/www.f3f.ch\/wp-content\/uploads\/2015\/07\/P7160038_DxO-680x510.jpg 680w, https:\/\/www.f3f.ch\/wp-content\/uploads\/2015\/07\/P7160038_DxO-940x705.jpg 940w\" sizes=\"(max-width: 680px) 100vw, 680px\" \/><\/a><\/p>\n<p id=\"caption-attachment-2493\" class=\"wp-caption-text\">Pierre Rondel<\/p>\n<\/div>\n<p>Ein herrliches Bergpanorama, tolles Wetter mit Wind, Anfahrtsm\u00f6glichkeit bis zum Spot und eine interessante Bergkante sorgten schonmal f\u00fcr gute Grundstimung. \ud83d\ude42 Unsere Freunde von Team Engelberg waren auch schon da und mit deutschen und franz\u00f6sischen Kollegen schon fleissig am Kante rocken. Der Wind stand gerade drauf und es schien erstmal als ob der Kurs nicht besonders schwierig ist. Doch der Eindruck t\u00e4uscht, H\u00f6henluft und die sporadischen B\u00f6en an der linken Wende \u00fcberraschten fast Jeden. Ich durfte zur Linken nach wenigen Strecken schonmal einen heftigen Abriss erleben welcher gl\u00fccklicherweise vom Hang weg ausflog. Nach einigen Trainigsrunden war es dann soweit, das A-Modell von Markus knallte nach einem Abriss in den Felsen.<\/p>\n<div id=\"attachment_2495\" style=\"width: 690px\" class=\"wp-caption aligncenter\"><a href=\"http:\/\/www.f3f.ch\/wp-content\/uploads\/2015\/07\/P7160051_DxO.jpg\"><img loading=\"lazy\" decoding=\"async\" aria-describedby=\"caption-attachment-2495\" class=\"size-large wp-image-2495\" src=\"http:\/\/www.f3f.ch\/wp-content\/uploads\/2015\/07\/P7160051_DxO-1024x768.jpg\" alt=\"OLYMPUS DIGITAL CAMERA\" width=\"680\" height=\"510\" srcset=\"https:\/\/www.f3f.ch\/wp-content\/uploads\/2015\/07\/P7160051_DxO-1024x768.jpg 1024w, https:\/\/www.f3f.ch\/wp-content\/uploads\/2015\/07\/P7160051_DxO-300x225.jpg 300w, https:\/\/www.f3f.ch\/wp-content\/uploads\/2015\/07\/P7160051_DxO-680x510.jpg 680w, https:\/\/www.f3f.ch\/wp-content\/uploads\/2015\/07\/P7160051_DxO-940x705.jpg 940w\" sizes=\"(max-width: 680px) 100vw, 680px\" \/><\/a><\/p>\n<p id=\"caption-attachment-2495\" class=\"wp-caption-text\">freies Taining<\/p>\n<\/div>\n<div id=\"attachment_2510\" style=\"width: 690px\" class=\"wp-caption aligncenter\"><a href=\"http:\/\/www.f3f.ch\/wp-content\/uploads\/2015\/07\/primate_1.jpg\"><img loading=\"lazy\" decoding=\"async\" aria-describedby=\"caption-attachment-2510\" class=\"wp-image-2510 size-large\" src=\"http:\/\/www.f3f.ch\/wp-content\/uploads\/2015\/07\/primate_1-842x1024.jpg\" alt=\"primate_1\" width=\"680\" height=\"827\" srcset=\"https:\/\/www.f3f.ch\/wp-content\/uploads\/2015\/07\/primate_1-842x1024.jpg 842w, https:\/\/www.f3f.ch\/wp-content\/uploads\/2015\/07\/primate_1-247x300.jpg 247w, https:\/\/www.f3f.ch\/wp-content\/uploads\/2015\/07\/primate_1-680x827.jpg 680w, https:\/\/www.f3f.ch\/wp-content\/uploads\/2015\/07\/primate_1-300x365.jpg 300w, https:\/\/www.f3f.ch\/wp-content\/uploads\/2015\/07\/primate_1-940x1143.jpg 940w, https:\/\/www.f3f.ch\/wp-content\/uploads\/2015\/07\/primate_1.jpg 960w\" sizes=\"(max-width: 680px) 100vw, 680px\" \/><\/a><\/p>\n<p id=\"caption-attachment-2510\" class=\"wp-caption-text\">*der Bergprimate am Werk<\/p>\n<\/div>\n<div id=\"attachment_2499\" style=\"width: 690px\" class=\"wp-caption aligncenter\"><a href=\"http:\/\/www.f3f.ch\/wp-content\/uploads\/2015\/07\/P7160080_DxO.jpg\"><img loading=\"lazy\" decoding=\"async\" aria-describedby=\"caption-attachment-2499\" class=\"size-large wp-image-2499\" src=\"http:\/\/www.f3f.ch\/wp-content\/uploads\/2015\/07\/P7160080_DxO-1024x768.jpg\" alt=\"OLYMPUS DIGITAL CAMERA\" width=\"680\" height=\"510\" srcset=\"https:\/\/www.f3f.ch\/wp-content\/uploads\/2015\/07\/P7160080_DxO-1024x768.jpg 1024w, https:\/\/www.f3f.ch\/wp-content\/uploads\/2015\/07\/P7160080_DxO-300x225.jpg 300w, https:\/\/www.f3f.ch\/wp-content\/uploads\/2015\/07\/P7160080_DxO-680x510.jpg 680w, https:\/\/www.f3f.ch\/wp-content\/uploads\/2015\/07\/P7160080_DxO-940x705.jpg 940w\" sizes=\"(max-width: 680px) 100vw, 680px\" \/><\/a><\/p>\n<p id=\"caption-attachment-2499\" class=\"wp-caption-text\">die Schwaben<\/p>\n<\/div>\n<div id=\"attachment_2501\" style=\"width: 690px\" class=\"wp-caption aligncenter\"><a href=\"http:\/\/www.f3f.ch\/wp-content\/uploads\/2015\/07\/P7160091_DxO.jpg\"><img loading=\"lazy\" decoding=\"async\" aria-describedby=\"caption-attachment-2501\" class=\"size-large wp-image-2501\" src=\"http:\/\/www.f3f.ch\/wp-content\/uploads\/2015\/07\/P7160091_DxO-1024x576.jpg\" alt=\"OLYMPUS DIGITAL CAMERA\" width=\"680\" height=\"383\" srcset=\"https:\/\/www.f3f.ch\/wp-content\/uploads\/2015\/07\/P7160091_DxO-1024x576.jpg 1024w, https:\/\/www.f3f.ch\/wp-content\/uploads\/2015\/07\/P7160091_DxO-300x169.jpg 300w, https:\/\/www.f3f.ch\/wp-content\/uploads\/2015\/07\/P7160091_DxO-680x382.jpg 680w, https:\/\/www.f3f.ch\/wp-content\/uploads\/2015\/07\/P7160091_DxO-940x529.jpg 940w\" sizes=\"(max-width: 680px) 100vw, 680px\" \/><\/a><\/p>\n<p id=\"caption-attachment-2501\" class=\"wp-caption-text\">Drops 277<\/p>\n<\/div>\n<div id=\"attachment_2500\" style=\"width: 690px\" class=\"wp-caption aligncenter\"><a href=\"http:\/\/www.f3f.ch\/wp-content\/uploads\/2015\/07\/P7160081_DxO.jpg\"><img loading=\"lazy\" decoding=\"async\" aria-describedby=\"caption-attachment-2500\" class=\"size-large wp-image-2500\" src=\"http:\/\/www.f3f.ch\/wp-content\/uploads\/2015\/07\/P7160081_DxO-1024x576.jpg\" alt=\"OLYMPUS DIGITAL CAMERA\" width=\"680\" height=\"383\" srcset=\"https:\/\/www.f3f.ch\/wp-content\/uploads\/2015\/07\/P7160081_DxO-1024x576.jpg 1024w, https:\/\/www.f3f.ch\/wp-content\/uploads\/2015\/07\/P7160081_DxO-300x169.jpg 300w, https:\/\/www.f3f.ch\/wp-content\/uploads\/2015\/07\/P7160081_DxO-680x382.jpg 680w, https:\/\/www.f3f.ch\/wp-content\/uploads\/2015\/07\/P7160081_DxO-940x529.jpg 940w\" sizes=\"(max-width: 680px) 100vw, 680px\" \/><\/a><\/p>\n<p id=\"caption-attachment-2500\" class=\"wp-caption-text\">perfektes Bergwetter<\/p>\n<\/div>\n<div id=\"attachment_2497\" style=\"width: 690px\" class=\"wp-caption aligncenter\"><a href=\"http:\/\/www.f3f.ch\/wp-content\/uploads\/2015\/07\/P7160065_DxO.jpg\"><img loading=\"lazy\" decoding=\"async\" aria-describedby=\"caption-attachment-2497\" class=\"size-large wp-image-2497\" src=\"http:\/\/www.f3f.ch\/wp-content\/uploads\/2015\/07\/P7160065_DxO-1024x576.jpg\" alt=\"OLYMPUS DIGITAL CAMERA\" width=\"680\" height=\"383\" srcset=\"https:\/\/www.f3f.ch\/wp-content\/uploads\/2015\/07\/P7160065_DxO-1024x576.jpg 1024w, https:\/\/www.f3f.ch\/wp-content\/uploads\/2015\/07\/P7160065_DxO-300x169.jpg 300w, https:\/\/www.f3f.ch\/wp-content\/uploads\/2015\/07\/P7160065_DxO-680x383.jpg 680w, https:\/\/www.f3f.ch\/wp-content\/uploads\/2015\/07\/P7160065_DxO-940x529.jpg 940w\" sizes=\"(max-width: 680px) 100vw, 680px\" \/><\/a><\/p>\n<p id=\"caption-attachment-2497\" class=\"wp-caption-text\">Siggi mit Freestyler<\/p>\n<\/div>\n<p>Der steile Abhang lies Markus in k\u00fcrze zu einem *Bergprimaten (*siehe Fotos) mutieren. Geschickt kraxelte der Mutant im Abhang rum und brachte nach kurzer Zeit die abgest\u00fcrzte Beute hoch und pr\u00e4sentierte diese stolz vor den anwesenden Pros. Der Schaden hielt sich zwar in Grenzen (hat er gut gebaut der DUBAI), Verbinder und Abziehschnautze futsch, doch das A-Modell war f\u00fcr den kommenden Wettbewerb nicht mehr verf\u00fcgbar. Mit etwas Anpassung der Settings und Fluglinie hofften wir dann die Abrissgefahr zu bannen. Die Wettbewerbstage forderten an der linken Wende noch viele weitere Opfer. Geflogen wurde dann bis in den Abend hinein.<\/p>\n<div id=\"attachment_2490\" style=\"width: 549px\" class=\"wp-caption aligncenter\"><a href=\"http:\/\/www.f3f.ch\/wp-content\/uploads\/2015\/07\/P7160024_DxO.jpg\"><img loading=\"lazy\" decoding=\"async\" aria-describedby=\"caption-attachment-2490\" class=\"size-large wp-image-2490\" src=\"http:\/\/www.f3f.ch\/wp-content\/uploads\/2015\/07\/P7160024_DxO-539x1024.jpg\" alt=\"OLYMPUS DIGITAL CAMERA\" width=\"539\" height=\"1024\" srcset=\"https:\/\/www.f3f.ch\/wp-content\/uploads\/2015\/07\/P7160024_DxO-539x1024.jpg 539w, https:\/\/www.f3f.ch\/wp-content\/uploads\/2015\/07\/P7160024_DxO-158x300.jpg 158w, https:\/\/www.f3f.ch\/wp-content\/uploads\/2015\/07\/P7160024_DxO-680x1293.jpg 680w, https:\/\/www.f3f.ch\/wp-content\/uploads\/2015\/07\/P7160024_DxO-300x570.jpg 300w, https:\/\/www.f3f.ch\/wp-content\/uploads\/2015\/07\/P7160024_DxO-940x1787.jpg 940w, https:\/\/www.f3f.ch\/wp-content\/uploads\/2015\/07\/P7160024_DxO.jpg 1542w\" sizes=\"(max-width: 539px) 100vw, 539px\" \/><\/a><\/p>\n<p id=\"caption-attachment-2490\" class=\"wp-caption-text\">is futsch<\/p>\n<\/div>\n<div id=\"attachment_2491\" style=\"width: 690px\" class=\"wp-caption aligncenter\"><a href=\"http:\/\/www.f3f.ch\/wp-content\/uploads\/2015\/07\/P7160027_DxO.jpg\"><img loading=\"lazy\" decoding=\"async\" aria-describedby=\"caption-attachment-2491\" class=\"size-large wp-image-2491\" src=\"http:\/\/www.f3f.ch\/wp-content\/uploads\/2015\/07\/P7160027_DxO-1024x576.jpg\" alt=\"OLYMPUS DIGITAL CAMERA\" width=\"680\" height=\"383\" srcset=\"https:\/\/www.f3f.ch\/wp-content\/uploads\/2015\/07\/P7160027_DxO-1024x576.jpg 1024w, https:\/\/www.f3f.ch\/wp-content\/uploads\/2015\/07\/P7160027_DxO-300x169.jpg 300w, https:\/\/www.f3f.ch\/wp-content\/uploads\/2015\/07\/P7160027_DxO-680x383.jpg 680w, https:\/\/www.f3f.ch\/wp-content\/uploads\/2015\/07\/P7160027_DxO-940x529.jpg 940w\" sizes=\"(max-width: 680px) 100vw, 680px\" \/><\/a><\/p>\n<p id=\"caption-attachment-2491\" class=\"wp-caption-text\">die Pros<\/p>\n<\/div>\n<div id=\"attachment_2485\" style=\"width: 690px\" class=\"wp-caption aligncenter\"><a href=\"http:\/\/www.f3f.ch\/wp-content\/uploads\/2015\/07\/P7160009_DxO.jpg\"><img loading=\"lazy\" decoding=\"async\" aria-describedby=\"caption-attachment-2485\" class=\"size-large wp-image-2485\" src=\"http:\/\/www.f3f.ch\/wp-content\/uploads\/2015\/07\/P7160009_DxO-1024x576.jpg\" alt=\"OLYMPUS DIGITAL CAMERA\" width=\"680\" height=\"383\" srcset=\"https:\/\/www.f3f.ch\/wp-content\/uploads\/2015\/07\/P7160009_DxO-1024x576.jpg 1024w, https:\/\/www.f3f.ch\/wp-content\/uploads\/2015\/07\/P7160009_DxO-300x169.jpg 300w, https:\/\/www.f3f.ch\/wp-content\/uploads\/2015\/07\/P7160009_DxO-680x383.jpg 680w, https:\/\/www.f3f.ch\/wp-content\/uploads\/2015\/07\/P7160009_DxO-940x529.jpg 940w\" sizes=\"(max-width: 680px) 100vw, 680px\" \/><\/a><\/p>\n<p id=\"caption-attachment-2485\" class=\"wp-caption-text\">beachclub<\/p>\n<\/div>\n<div id=\"attachment_2486\" style=\"width: 690px\" class=\"wp-caption aligncenter\"><a href=\"http:\/\/www.f3f.ch\/wp-content\/uploads\/2015\/07\/P7160016_DxO.jpg\"><img loading=\"lazy\" decoding=\"async\" aria-describedby=\"caption-attachment-2486\" class=\"size-large wp-image-2486\" src=\"http:\/\/www.f3f.ch\/wp-content\/uploads\/2015\/07\/P7160016_DxO-1024x768.jpg\" alt=\"OLYMPUS DIGITAL CAMERA\" width=\"680\" height=\"510\" srcset=\"https:\/\/www.f3f.ch\/wp-content\/uploads\/2015\/07\/P7160016_DxO-1024x768.jpg 1024w, https:\/\/www.f3f.ch\/wp-content\/uploads\/2015\/07\/P7160016_DxO-300x225.jpg 300w, https:\/\/www.f3f.ch\/wp-content\/uploads\/2015\/07\/P7160016_DxO-680x510.jpg 680w, https:\/\/www.f3f.ch\/wp-content\/uploads\/2015\/07\/P7160016_DxO-940x705.jpg 940w\" sizes=\"(max-width: 680px) 100vw, 680px\" \/><\/a><\/p>\n<p id=\"caption-attachment-2486\" class=\"wp-caption-text\">d\u00e4 SportsMaa<\/p>\n<\/div>\n<div id=\"attachment_2484\" style=\"width: 690px\" class=\"wp-caption aligncenter\"><a href=\"http:\/\/www.f3f.ch\/wp-content\/uploads\/2015\/07\/P7160007_DxO.jpg\"><img loading=\"lazy\" decoding=\"async\" aria-describedby=\"caption-attachment-2484\" class=\"size-large wp-image-2484\" src=\"http:\/\/www.f3f.ch\/wp-content\/uploads\/2015\/07\/P7160007_DxO-1024x576.jpg\" alt=\"OLYMPUS DIGITAL CAMERA\" width=\"680\" height=\"383\" srcset=\"https:\/\/www.f3f.ch\/wp-content\/uploads\/2015\/07\/P7160007_DxO-1024x576.jpg 1024w, https:\/\/www.f3f.ch\/wp-content\/uploads\/2015\/07\/P7160007_DxO-300x169.jpg 300w, https:\/\/www.f3f.ch\/wp-content\/uploads\/2015\/07\/P7160007_DxO-680x383.jpg 680w, https:\/\/www.f3f.ch\/wp-content\/uploads\/2015\/07\/P7160007_DxO-940x529.jpg 940w\" sizes=\"(max-width: 680px) 100vw, 680px\" \/><\/a><\/p>\n<p id=\"caption-attachment-2484\" class=\"wp-caption-text\">Siggi Schedel<\/p>\n<\/div>\n<p>Gegen 21 Uhr traffen sich vier Swiss Pilots (Reto \u00fcbernachtete auf dem Berg) und Siggi in Limone um allerlei italienische Spezialit\u00e4ten zu verputzen, LECKER!<\/p>\n<p><strong>Tag 1<\/strong><br \/>\nDie Rennleitung empfing uns auf dem Berg mit Caf\u00e9 und Croissant, briefte und startete den Wettbewerb kurz nach 10 Uhr. Das Wetter war perfekt, Wind stand genau auf die Kante. Rick (NL) durfte den Wettbewerb starten.<br \/>\nDie Bedingugnen waren Anfangs noch etwas schwankend und wurden zusehens st\u00e4rker. Ab Runde 3 gings dann ziehmlich gleichm\u00e4ssig zur Sache. Um vorne dabei zu sein brauchte man 35, 36-iger Zeiten. Markus flog mit seinem Radical Jazz sehr ausgeglichen, traf eine gute Linie und flog schnell, was ihm am Ende das Tages Platz 1 bescherte. Reto wollte es in der ersten Runde wissen und lies es gleich krachen, leider nicht bei der Zeit, sein Modell krachte in den felsigen Hang, zero Point. Ab Runde 2 machte er es dann erheblich besser und flog auch schnelle Zeiten. Eberhard flog Anfangs ebenfalls gute Zeiten musste aber leider einen Landeschaden hinnehmen und seinen neuen Stinger repen.<a href=\"http:\/\/www.f3f.ch\/wp-content\/uploads\/2015\/07\/F3F_Tende2015-014.jpg\"><img loading=\"lazy\" decoding=\"async\" class=\"aligncenter size-large wp-image-2516\" src=\"http:\/\/www.f3f.ch\/wp-content\/uploads\/2015\/07\/F3F_Tende2015-014-1024x683.jpg\" alt=\"F3F_Tende2015 014\" width=\"680\" height=\"454\" srcset=\"https:\/\/www.f3f.ch\/wp-content\/uploads\/2015\/07\/F3F_Tende2015-014-1024x683.jpg 1024w, https:\/\/www.f3f.ch\/wp-content\/uploads\/2015\/07\/F3F_Tende2015-014-300x200.jpg 300w, https:\/\/www.f3f.ch\/wp-content\/uploads\/2015\/07\/F3F_Tende2015-014-680x453.jpg 680w, https:\/\/www.f3f.ch\/wp-content\/uploads\/2015\/07\/F3F_Tende2015-014-940x627.jpg 940w\" sizes=\"(max-width: 680px) 100vw, 680px\" \/><\/a><br \/>\nMartin Kopp und ich eierten noch etwas rum oder flogen zu lang oder zu wenig agressiv. Nach ein paar Runden war bei meinem Modell der V-Leitwerksverbinder durch und nach einem Modellwechsel erreichte ich dann auch mal eine 37.XX. Die letzen zwei Runden des Tages zeigten ein deutlich abnehmende Leistung des Wetters an der Kante. So konnten die Letzten der Runde niemals an Zeiten des ersten Blocks des Starterfelds herankommen.<br \/>\n11 Runden! am ersten Tag sprechen f\u00fcr sich, ein granioser Auftakt an diesem Wettbewerb. Verlierer\u00a0des Tages\u00a0war Siggi, er hatte mit technischen Problemen und Materialverlust zu k\u00e4mpfen. Sieger des Tages wurde Markus Meissner, er \u00fcberraschte wohl einige Favoriten mit seiner Leistung.<\/p>\n<p><strong>Tag 2<\/strong><br \/>\nNach 10 Uhr gings auf zur Runde 12, die Bedinungen waren noch schwach. Meine Strategie, so nahe wie m\u00f6glich \u00fcber der Kante zu fliegen, wurde (zu recht) mit einem Penalti geahndet. Die ersten zwei Runden zeigten dann wieder wie am Vorabend eine starke Leistungs\u00e4nderung im Wetter, diesmal von schwach in Richtung gut. Der zweite Renntag brachte sichtbar variablere Verh\u00e4ltnisse, Ausreisser in den Zeiten zeigten dies deutlich an. So gab es ganz gute, so um die tiefen 30, bis schlechte gegen 60-iger Zeiten. Einige bekamen auch mal richtig miese Luft ab. Reto&#8217;s 2-te Viper versenkte sich leider in den Felsen. Er hatte sie vor dem Start auf Freiflug geschaltet (Power off). Nicht nur Reto hatte Pech, so gab es wieder einige Opfer wie an Tag 1 an der linken Wende.<a href=\"http:\/\/www.f3f.ch\/wp-content\/uploads\/2015\/07\/F3F_Tende2015-030.jpg\"><img loading=\"lazy\" decoding=\"async\" class=\"aligncenter size-large wp-image-2517\" src=\"http:\/\/www.f3f.ch\/wp-content\/uploads\/2015\/07\/F3F_Tende2015-030-1024x683.jpg\" alt=\"F3F_Tende2015 030\" width=\"680\" height=\"454\" srcset=\"https:\/\/www.f3f.ch\/wp-content\/uploads\/2015\/07\/F3F_Tende2015-030-1024x683.jpg 1024w, https:\/\/www.f3f.ch\/wp-content\/uploads\/2015\/07\/F3F_Tende2015-030-300x200.jpg 300w, https:\/\/www.f3f.ch\/wp-content\/uploads\/2015\/07\/F3F_Tende2015-030-680x453.jpg 680w, https:\/\/www.f3f.ch\/wp-content\/uploads\/2015\/07\/F3F_Tende2015-030-940x627.jpg 940w\" sizes=\"(max-width: 680px) 100vw, 680px\" \/><\/a><a href=\"http:\/\/www.f3f.ch\/wp-content\/uploads\/2015\/07\/F3F_Tende2015-007.jpg\"><img loading=\"lazy\" decoding=\"async\" class=\"aligncenter size-large wp-image-2515\" src=\"http:\/\/www.f3f.ch\/wp-content\/uploads\/2015\/07\/F3F_Tende2015-007-1024x683.jpg\" alt=\"F3F_Tende2015 007\" width=\"680\" height=\"454\" srcset=\"https:\/\/www.f3f.ch\/wp-content\/uploads\/2015\/07\/F3F_Tende2015-007-1024x683.jpg 1024w, https:\/\/www.f3f.ch\/wp-content\/uploads\/2015\/07\/F3F_Tende2015-007-300x200.jpg 300w, https:\/\/www.f3f.ch\/wp-content\/uploads\/2015\/07\/F3F_Tende2015-007-680x453.jpg 680w, https:\/\/www.f3f.ch\/wp-content\/uploads\/2015\/07\/F3F_Tende2015-007-940x627.jpg 940w\" sizes=\"(max-width: 680px) 100vw, 680px\" \/><\/a><a href=\"http:\/\/www.f3f.ch\/wp-content\/uploads\/2015\/07\/F3F_Tende2015-004.jpg\"><img loading=\"lazy\" decoding=\"async\" class=\"aligncenter size-large wp-image-2514\" src=\"http:\/\/www.f3f.ch\/wp-content\/uploads\/2015\/07\/F3F_Tende2015-004-1024x683.jpg\" alt=\"F3F_Tende2015 004\" width=\"680\" height=\"454\" srcset=\"https:\/\/www.f3f.ch\/wp-content\/uploads\/2015\/07\/F3F_Tende2015-004-1024x683.jpg 1024w, https:\/\/www.f3f.ch\/wp-content\/uploads\/2015\/07\/F3F_Tende2015-004-300x200.jpg 300w, https:\/\/www.f3f.ch\/wp-content\/uploads\/2015\/07\/F3F_Tende2015-004-680x453.jpg 680w, https:\/\/www.f3f.ch\/wp-content\/uploads\/2015\/07\/F3F_Tende2015-004-940x627.jpg 940w\" sizes=\"(max-width: 680px) 100vw, 680px\" \/><\/a><br \/>\nRunde 7 wurde gestartet dann aber abrupt durch einen Windwechsel gestoppt. Der Wind drehte schlagartig von S\u00fcd auf Nord und zog nun die H\u00e4nge runter. Ich selber war zu diesem Zeitpunkt am Warteschleife fliegen um bald freien Raum f\u00fcr die Landung zu erhalten. Pl\u00f6tzlich sp\u00fchlte es meinen Flieger ins Tal. Nach erfolgloser Thermiksuche musste ich dann -300 Meter weiter unten mir einen der sp\u00e4rlichen Aussenlandem\u00f6glichkeiten suchen. Zum Gl\u00fcck konnte ich den Flieger noch auf Sicht landen. Der Sportsmaa Martin Kopp wollte noch etwas k\u00f6rperliche Ert\u00fcchtigung und holte mir den Flieger aus dem Tal hoch. DANKE Martin!!! Phillipe Lanes hatte weniger Gl\u00fcck und musste seinen Shinto in einer baumreichen Zone absetzen. Die Bergungsaktion war somit auch deutlich schwieriger und dauerte auch entsprechen l\u00e4nger. Die Runde wurde unterbrochen und um 16:15 komplett gestrichen. Ein Wechsel auf den Nordhang h\u00e4tte wohl zuviel Zeit in Anspruch genommen um noch eine Runde zu fliegen. Somit war mit fliegen an diesem Tag erstmal Schluss.<br \/>\nMit K\u00f6nnen und etwas Wettergl\u00fcck k\u00e4mpfte sich Sebastiene Lanes an Markus vorbei. Pierre Rondel und Matthieu Mervelt waren nach Tag 2 dem *Bergprimaten hart auf den Fersen. Markus hatte an diesem Tag vor allem gegen die m\u00e4ssigen Bedinungen anzuk\u00e4mpfen, konnte sich aber dennoch auf Platz 2 halten. Aufsteiger des Tages war definitiv Siggi, er konnte sich vom letzten auf den Platz 8 vorarbeiten! RESPEKT!<br \/>\nAm Abend fuhren wird dann noch zum Bankett in Tende wo wir bei gutem Essen und Trinken einen geselligen Abend mit allerlei europ\u00e4ischen F3F Kollegen genossen.<\/p>\n<p><strong>Tag 3<\/strong><br \/>\nDer letzte Tag brachte\u00a0wieder gutes Wetter und wir durften noch weitere 8! Runden fliegen. Auf den vorderen R\u00e4ngen wurde abermals hart um die Podestpl\u00e4tze gek\u00e4mpft. Sebastiene musste sich nicht \u00fcber schlechte Bedinungen beklagen und lieferte solide schnelle Runden ab. Pierre musste sich hart jeden Punkt erk\u00e4mpfen und Matthieu flog einfach schnell, als Einziger konnte er in diesem Wettbewerb mit einer 28.xx eine sub 30 fliegen.<a href=\"http:\/\/www.f3f.ch\/wp-content\/uploads\/2015\/07\/F3F_Tende2015-042.jpg\"><img loading=\"lazy\" decoding=\"async\" class=\"aligncenter size-large wp-image-2518\" src=\"http:\/\/www.f3f.ch\/wp-content\/uploads\/2015\/07\/F3F_Tende2015-042-1024x683.jpg\" alt=\"F3F_Tende2015 042\" width=\"680\" height=\"454\" srcset=\"https:\/\/www.f3f.ch\/wp-content\/uploads\/2015\/07\/F3F_Tende2015-042-1024x683.jpg 1024w, https:\/\/www.f3f.ch\/wp-content\/uploads\/2015\/07\/F3F_Tende2015-042-300x200.jpg 300w, https:\/\/www.f3f.ch\/wp-content\/uploads\/2015\/07\/F3F_Tende2015-042-680x453.jpg 680w, https:\/\/www.f3f.ch\/wp-content\/uploads\/2015\/07\/F3F_Tende2015-042-940x627.jpg 940w\" sizes=\"(max-width: 680px) 100vw, 680px\" \/><\/a><a href=\"http:\/\/www.f3f.ch\/wp-content\/uploads\/2015\/07\/F3F_Tende2015-063.jpg\"><img loading=\"lazy\" decoding=\"async\" class=\"aligncenter size-large wp-image-2519\" src=\"http:\/\/www.f3f.ch\/wp-content\/uploads\/2015\/07\/F3F_Tende2015-063-1024x683.jpg\" alt=\"F3F_Tende2015 063\" width=\"680\" height=\"454\" srcset=\"https:\/\/www.f3f.ch\/wp-content\/uploads\/2015\/07\/F3F_Tende2015-063-1024x683.jpg 1024w, https:\/\/www.f3f.ch\/wp-content\/uploads\/2015\/07\/F3F_Tende2015-063-300x200.jpg 300w, https:\/\/www.f3f.ch\/wp-content\/uploads\/2015\/07\/F3F_Tende2015-063-680x453.jpg 680w, https:\/\/www.f3f.ch\/wp-content\/uploads\/2015\/07\/F3F_Tende2015-063-940x627.jpg 940w\" sizes=\"(max-width: 680px) 100vw, 680px\" \/><\/a><br \/>\nMarkus schlug sich tapfer, doch leider schlichen sich kleine Fehler ein, was ihm dann wichtige Punkte kostete. Reto war am Vorabend nach einer missgl\u00fcckten Landung mit fliegbarem Material ausgeschossen. Am letzten Tag trat er dann mit einer invaliden Viper an und schlug sich damit recht gut. Eberhard konnte seine guten Fl\u00fcge von den Vortagen nicht wiederholen und machte ein paar grobe Kringel. Martin Kopp lieferte an diesem Tag ein paar gute Fl\u00fcge ab. Ich selber kamm erst nach einem geh\u00f6rigen Anschiss meines Teamkollegen gegen Ende des Wettbewerbs noch richtig auf Fahrt und durfte 2-mal eine 35.XX buchen was f\u00fcr mich meine PB an internationelen Wettbewerben bedeutet.<\/p>\n<p>Die Franzosen gewinnen verdient, sie k\u00e4mpften hart und waren immer flexiebel sich den Bedingungen sofort anzupassen. Die Kollegen aus dem grossen Kanton brachten nicht weniger als f\u00fcnf Piloten unter die ersten 10. Team &#8222;Schwaben&#8220; konnte sich gar komplett in die ersten 10 fliegen. Markus ist nat\u00fcrlich unser Held, er brachte am ersten Tag die Favoriten ganz schon ins schwitzen und\u00a0forderte auch\u00a0in den folgenden Tagen die Franzosen\u00a0ganz geh\u00f6rig.<\/p>\n<div id=\"attachment_2508\" style=\"width: 690px\" class=\"wp-caption aligncenter\"><a href=\"http:\/\/www.f3f.ch\/wp-content\/uploads\/2015\/07\/P7190136_DxO.jpg\"><img loading=\"lazy\" decoding=\"async\" aria-describedby=\"caption-attachment-2508\" class=\"size-large wp-image-2508\" src=\"http:\/\/www.f3f.ch\/wp-content\/uploads\/2015\/07\/P7190136_DxO-1024x768.jpg\" alt=\"OLYMPUS DIGITAL CAMERA\" width=\"680\" height=\"510\" srcset=\"https:\/\/www.f3f.ch\/wp-content\/uploads\/2015\/07\/P7190136_DxO-1024x768.jpg 1024w, https:\/\/www.f3f.ch\/wp-content\/uploads\/2015\/07\/P7190136_DxO-300x225.jpg 300w, https:\/\/www.f3f.ch\/wp-content\/uploads\/2015\/07\/P7190136_DxO-680x510.jpg 680w, https:\/\/www.f3f.ch\/wp-content\/uploads\/2015\/07\/P7190136_DxO-940x705.jpg 940w\" sizes=\"(max-width: 680px) 100vw, 680px\" \/><\/a><\/p>\n<p id=\"caption-attachment-2508\" class=\"wp-caption-text\">1. Platz Sebastiene Lanes 2. Platz Matthieu Mervelet 3. Platz Pierre Rondel<\/p>\n<\/div>\n<div id=\"attachment_2509\" style=\"width: 538px\" class=\"wp-caption aligncenter\"><a href=\"http:\/\/www.f3f.ch\/wp-content\/uploads\/2015\/07\/P7190143_DxO.jpg\"><img loading=\"lazy\" decoding=\"async\" aria-describedby=\"caption-attachment-2509\" class=\"size-large wp-image-2509\" src=\"http:\/\/www.f3f.ch\/wp-content\/uploads\/2015\/07\/P7190143_DxO-528x1024.jpg\" alt=\"OLYMPUS DIGITAL CAMERA\" width=\"528\" height=\"1024\" srcset=\"https:\/\/www.f3f.ch\/wp-content\/uploads\/2015\/07\/P7190143_DxO-528x1024.jpg 528w, https:\/\/www.f3f.ch\/wp-content\/uploads\/2015\/07\/P7190143_DxO-155x300.jpg 155w, https:\/\/www.f3f.ch\/wp-content\/uploads\/2015\/07\/P7190143_DxO-680x1319.jpg 680w, https:\/\/www.f3f.ch\/wp-content\/uploads\/2015\/07\/P7190143_DxO-300x582.jpg 300w, https:\/\/www.f3f.ch\/wp-content\/uploads\/2015\/07\/P7190143_DxO-940x1823.jpg 940w, https:\/\/www.f3f.ch\/wp-content\/uploads\/2015\/07\/P7190143_DxO.jpg 1655w\" sizes=\"(max-width: 528px) 100vw, 528px\" \/><\/a><\/p>\n<p id=\"caption-attachment-2509\" class=\"wp-caption-text\">der Schnellste<\/p>\n<\/div>\n<div id=\"attachment_2504\" style=\"width: 619px\" class=\"wp-caption aligncenter\"><a href=\"http:\/\/www.f3f.ch\/wp-content\/uploads\/2015\/07\/P7190106_DxO.jpg\"><img loading=\"lazy\" decoding=\"async\" aria-describedby=\"caption-attachment-2504\" class=\"size-large wp-image-2504\" src=\"http:\/\/www.f3f.ch\/wp-content\/uploads\/2015\/07\/P7190106_DxO-609x1024.jpg\" alt=\"OLYMPUS DIGITAL CAMERA\" width=\"609\" height=\"1024\" srcset=\"https:\/\/www.f3f.ch\/wp-content\/uploads\/2015\/07\/P7190106_DxO-609x1024.jpg 609w, https:\/\/www.f3f.ch\/wp-content\/uploads\/2015\/07\/P7190106_DxO-178x300.jpg 178w, https:\/\/www.f3f.ch\/wp-content\/uploads\/2015\/07\/P7190106_DxO-680x1143.jpg 680w, https:\/\/www.f3f.ch\/wp-content\/uploads\/2015\/07\/P7190106_DxO-300x504.jpg 300w, https:\/\/www.f3f.ch\/wp-content\/uploads\/2015\/07\/P7190106_DxO-940x1580.jpg 940w\" sizes=\"(max-width: 609px) 100vw, 609px\" \/><\/a><\/p>\n<p id=\"caption-attachment-2504\" class=\"wp-caption-text\">hat er gut gemacht, der amtierende Schweizermeister<\/p>\n<\/div>\n<p>25! Runden, geschont wurde nichts und niemand, erlebnissreich, hart umk\u00e4mpft, materialintensiv, erf\u00fcllend&#8230;was f\u00fcr ein Wettbewerb!<br \/>\nGut organisiert und durchgef\u00fchrt durch die COHEN&#8217;s, unterst\u00fctzt durch viele Helfer und Sponsoren. MERCI, MERCI, DANKE! gerne wieder!<\/p>\n<p>Rangliste<br \/>\nhttp:\/\/f3xvault.com\/?action=event&#038;function=event_view&#038;event_id=556<\/p>\n<p>Markus Meissner mit 96.22 %<br \/>\nReto Blumer mit 92.49 %<br \/>\nEberhard Rosemann mit 91.85 %<br \/>\nMartin Ulrich mit 86.79 %<br \/>\nMartin Kopp mit 86.29 %<\/p>\n<p>Text: Martin Ulrich<br \/>\nFotos: Martin Kopp, Martin Ulrich<\/p>\n<p>*Alle \u00c4hnlichkeiten mit lebenden Personen und realen Handlungen sind rein zuf\u00e4llig<\/p>\n<p>IMPRESSIONEN<\/p>\n<p><a href=\"http:\/\/www.f3f.ch\/wp-content\/uploads\/2015\/07\/P7190108_DxO.jpg\"><img loading=\"lazy\" decoding=\"async\" class=\"size-large wp-image-2506\" src=\"http:\/\/www.f3f.ch\/wp-content\/uploads\/2015\/07\/P7190108_DxO-1024x768.jpg\" alt=\"OLYMPUS DIGITAL CAMERA\" width=\"680\" height=\"510\" srcset=\"https:\/\/www.f3f.ch\/wp-content\/uploads\/2015\/07\/P7190108_DxO-1024x768.jpg 1024w, https:\/\/www.f3f.ch\/wp-content\/uploads\/2015\/07\/P7190108_DxO-300x225.jpg 300w, https:\/\/www.f3f.ch\/wp-content\/uploads\/2015\/07\/P7190108_DxO-680x510.jpg 680w, https:\/\/www.f3f.ch\/wp-content\/uploads\/2015\/07\/P7190108_DxO-940x705.jpg 940w\" sizes=\"(max-width: 680px) 100vw, 680px\" \/><\/a><\/p>\n<p><a href=\"http:\/\/www.f3f.ch\/wp-content\/uploads\/2015\/07\/P7190103_DxO.jpg\"><img loading=\"lazy\" decoding=\"async\" class=\"size-large wp-image-2503\" src=\"http:\/\/www.f3f.ch\/wp-content\/uploads\/2015\/07\/P7190103_DxO-1024x576.jpg\" alt=\"OLYMPUS DIGITAL CAMERA\" width=\"680\" height=\"383\" srcset=\"https:\/\/www.f3f.ch\/wp-content\/uploads\/2015\/07\/P7190103_DxO-1024x576.jpg 1024w, https:\/\/www.f3f.ch\/wp-content\/uploads\/2015\/07\/P7190103_DxO-300x169.jpg 300w, https:\/\/www.f3f.ch\/wp-content\/uploads\/2015\/07\/P7190103_DxO-680x383.jpg 680w, https:\/\/www.f3f.ch\/wp-content\/uploads\/2015\/07\/P7190103_DxO-940x529.jpg 940w\" sizes=\"(max-width: 680px) 100vw, 680px\" \/><\/a><\/p>\n<p><a href=\"http:\/\/www.f3f.ch\/wp-content\/uploads\/2015\/07\/P7190107_DxO.jpg\"><img loading=\"lazy\" decoding=\"async\" class=\"size-large wp-image-2505\" src=\"http:\/\/www.f3f.ch\/wp-content\/uploads\/2015\/07\/P7190107_DxO-1024x576.jpg\" alt=\"OLYMPUS DIGITAL CAMERA\" width=\"680\" height=\"383\" srcset=\"https:\/\/www.f3f.ch\/wp-content\/uploads\/2015\/07\/P7190107_DxO-1024x576.jpg 1024w, https:\/\/www.f3f.ch\/wp-content\/uploads\/2015\/07\/P7190107_DxO-300x169.jpg 300w, https:\/\/www.f3f.ch\/wp-content\/uploads\/2015\/07\/P7190107_DxO-680x383.jpg 680w, https:\/\/www.f3f.ch\/wp-content\/uploads\/2015\/07\/P7190107_DxO-940x529.jpg 940w\" sizes=\"(max-width: 680px) 100vw, 680px\" \/><\/a><\/p>\n<p><a href=\"http:\/\/www.f3f.ch\/wp-content\/uploads\/2015\/07\/P7190100_DxO.jpg\"><img loading=\"lazy\" decoding=\"async\" class=\"size-large wp-image-2502\" src=\"http:\/\/www.f3f.ch\/wp-content\/uploads\/2015\/07\/P7190100_DxO-1024x576.jpg\" alt=\"OLYMPUS DIGITAL CAMERA\" width=\"680\" height=\"383\" srcset=\"https:\/\/www.f3f.ch\/wp-content\/uploads\/2015\/07\/P7190100_DxO-1024x576.jpg 1024w, https:\/\/www.f3f.ch\/wp-content\/uploads\/2015\/07\/P7190100_DxO-300x169.jpg 300w, https:\/\/www.f3f.ch\/wp-content\/uploads\/2015\/07\/P7190100_DxO-680x383.jpg 680w, https:\/\/www.f3f.ch\/wp-content\/uploads\/2015\/07\/P7190100_DxO-940x529.jpg 940w\" sizes=\"(max-width: 680px) 100vw, 680px\" \/><\/a><\/p>\n<p><a href=\"http:\/\/www.f3f.ch\/wp-content\/uploads\/2015\/07\/P7190112_DxO.jpg\"><img loading=\"lazy\" decoding=\"async\" class=\"size-large wp-image-2507\" src=\"http:\/\/www.f3f.ch\/wp-content\/uploads\/2015\/07\/P7190112_DxO-1024x576.jpg\" alt=\"OLYMPUS DIGITAL CAMERA\" width=\"680\" height=\"383\" srcset=\"https:\/\/www.f3f.ch\/wp-content\/uploads\/2015\/07\/P7190112_DxO-1024x576.jpg 1024w, https:\/\/www.f3f.ch\/wp-content\/uploads\/2015\/07\/P7190112_DxO-300x169.jpg 300w, https:\/\/www.f3f.ch\/wp-content\/uploads\/2015\/07\/P7190112_DxO-680x382.jpg 680w, https:\/\/www.f3f.ch\/wp-content\/uploads\/2015\/07\/P7190112_DxO-940x529.jpg 940w\" sizes=\"(max-width: 680px) 100vw, 680px\" \/><\/a><\/p>\n<p>&nbsp;<\/p>\n","protected":false},"excerpt":{"rendered":"<p>Limoncello Cup 2015, F3F am Col de Tende Auf der Startliste standen f\u00fcnf Swiss Pilots um in den Bergen zwischen Italien und Frankreich ihr F3F-K\u00f6nnen zu messen. Der Col de Tende oder Colli di Tenda\u00a0ist ein \u00dcbergang \u00fcber die Alpen\u00a0zwischen&hellip;<\/p>\n","protected":false},"author":1,"featured_media":2498,"comment_status":"open","ping_status":"open","sticky":false,"template":"","format":"standard","meta":{"footnotes":""},"categories":[17],"tags":[28,60,26,27],"_links":{"self":[{"href":"https:\/\/www.f3f.ch\/index.php?rest_route=\/wp\/v2\/posts\/2480"}],"collection":[{"href":"https:\/\/www.f3f.ch\/index.php?rest_route=\/wp\/v2\/posts"}],"about":[{"href":"https:\/\/www.f3f.ch\/index.php?rest_route=\/wp\/v2\/types\/post"}],"author":[{"embeddable":true,"href":"https:\/\/www.f3f.ch\/index.php?rest_route=\/wp\/v2\/users\/1"}],"replies":[{"embeddable":true,"href":"https:\/\/www.f3f.ch\/index.php?rest_route=%2Fwp%2Fv2%2Fcomments&post=2480"}],"version-history":[{"count":19,"href":"https:\/\/www.f3f.ch\/index.php?rest_route=\/wp\/v2\/posts\/2480\/revisions"}],"predecessor-version":[{"id":2533,"href":"https:\/\/www.f3f.ch\/index.php?rest_route=\/wp\/v2\/posts\/2480\/revisions\/2533"}],"wp:featuredmedia":[{"embeddable":true,"href":"https:\/\/www.f3f.ch\/index.php?rest_route=\/wp\/v2\/media\/2498"}],"wp:attachment":[{"href":"https:\/\/www.f3f.ch\/index.php?rest_route=%2Fwp%2Fv2%2Fmedia&parent=2480"}],"wp:term":[{"taxonomy":"category","embeddable":true,"href":"https:\/\/www.f3f.ch\/index.php?rest_route=%2Fwp%2Fv2%2Fcategories&post=2480"},{"taxonomy":"post_tag","embeddable":true,"href":"https:\/\/www.f3f.ch\/index.php?rest_route=%2Fwp%2Fv2%2Ftags&post=2480"}],"curies":[{"name":"wp","href":"https:\/\/api.w.org\/{rel}","templated":true}]}}