{"id":2604,"date":"2015-09-23T11:35:02","date_gmt":"2015-09-23T09:35:02","guid":{"rendered":"http:\/\/www.f3f.ch\/?p=2604"},"modified":"2015-09-23T12:10:10","modified_gmt":"2015-09-23T10:10:10","slug":"f3f-sm-2015-termine","status":"publish","type":"post","link":"https:\/\/www.f3f.ch\/?p=2604","title":{"rendered":"F3F SM 2015 &#8211; Termine"},"content":{"rendered":"<p>Liebe Fliegerkollegen Wir m\u00f6chten noch dieses Jahr wenn m\u00f6glich die F3F-SM durchf\u00fchren. Da einige Piloten international recht aktiv und auch erfolgreich t\u00e4tig sind und der letzte Wettbewerb erst am 13.Okt. zu Ende geht, m\u00f6chten wir die Interessierten bitten, die folgenden Wochenende (17.\/18.und 24.\/25. Okt. und allenfalls noch 31.Okt.\/1. Nov.) freizuhalten. Die SM findet aber nur an einem Tag statt. Wie \u00fcblich ist die Auswahl des Hanges erst einige Tage vor der Durchf\u00fchrung m\u00f6glich. M\u00f6glicherweise werden wir einen Versuch auf den Fideriser Heubergen (GR) starten; allerdings k\u00f6nnte die H\u00f6henlage von 2000m uns einen Streich spielen in dieser Jahreszeit. Anmelden kann man sich direkt auf der SMV Webseite unter Veranstaltungen (18.Okt).<\/p>\n<p>Beste Gr\u00fcsse<\/p>\n<p>Rudolf Schaub<\/p>\n","protected":false},"excerpt":{"rendered":"<p>Liebe Fliegerkollegen Wir m\u00f6chten noch dieses Jahr wenn m\u00f6glich die F3F-SM durchf\u00fchren. Da einige Piloten international recht aktiv und auch erfolgreich t\u00e4tig sind und der letzte Wettbewerb erst am 13.Okt. zu Ende geht, m\u00f6chten wir die Interessierten bitten, die folgenden&hellip;<\/p>\n","protected":false},"author":1,"featured_media":958,"comment_status":"open","ping_status":"open","sticky":false,"template":"","format":"standard","meta":{"footnotes":""},"categories":[17],"tags":[],"_links":{"self":[{"href":"https:\/\/www.f3f.ch\/index.php?rest_route=\/wp\/v2\/posts\/2604"}],"collection":[{"href":"https:\/\/www.f3f.ch\/index.php?rest_route=\/wp\/v2\/posts"}],"about":[{"href":"https:\/\/www.f3f.ch\/index.php?rest_route=\/wp\/v2\/types\/post"}],"author":[{"embeddable":true,"href":"https:\/\/www.f3f.ch\/index.php?rest_route=\/wp\/v2\/users\/1"}],"replies":[{"embeddable":true,"href":"https:\/\/www.f3f.ch\/index.php?rest_route=%2Fwp%2Fv2%2Fcomments&post=2604"}],"version-history":[{"count":3,"href":"https:\/\/www.f3f.ch\/index.php?rest_route=\/wp\/v2\/posts\/2604\/revisions"}],"predecessor-version":[{"id":2607,"href":"https:\/\/www.f3f.ch\/index.php?rest_route=\/wp\/v2\/posts\/2604\/revisions\/2607"}],"wp:featuredmedia":[{"embeddable":true,"href":"https:\/\/www.f3f.ch\/index.php?rest_route=\/wp\/v2\/media\/958"}],"wp:attachment":[{"href":"https:\/\/www.f3f.ch\/index.php?rest_route=%2Fwp%2Fv2%2Fmedia&parent=2604"}],"wp:term":[{"taxonomy":"category","embeddable":true,"href":"https:\/\/www.f3f.ch\/index.php?rest_route=%2Fwp%2Fv2%2Fcategories&post=2604"},{"taxonomy":"post_tag","embeddable":true,"href":"https:\/\/www.f3f.ch\/index.php?rest_route=%2Fwp%2Fv2%2Ftags&post=2604"}],"curies":[{"name":"wp","href":"https:\/\/api.w.org\/{rel}","templated":true}]}}