{"id":2723,"date":"2015-10-26T01:18:33","date_gmt":"2015-10-25T23:18:33","guid":{"rendered":"http:\/\/www.f3f.ch\/?p=2723"},"modified":"2015-10-26T10:17:51","modified_gmt":"2015-10-26T08:17:51","slug":"f3f-schweizermeisterschaft-2015","status":"publish","type":"post","link":"https:\/\/www.f3f.ch\/?p=2723","title":{"rendered":"F3F Schweizermeisterschaft 2015"},"content":{"rendered":"<p>Es hat funktioniert! Die Aussichten auf Wind f\u00fcr dieses Wochenende waren \u00e4usserst sp\u00e4rlich und die Entscheidung die Meisterschaft durchzuf\u00fchren musste etwas herausgez\u00f6gert werden. Wie so oft strich der Wind auch dieses Wochenende eher um die Schweiz als ins Land. Es zeigte sich jedoch aus Frankreich eine hohe S\u00fcdweststr\u00f6mung an, welche zwischen Genf bis Jura unser Land streifen sollte. Nun war die Hoffnung da dass an\u00a0Reto&#8217;s Haushang Auta Chia wir etwas von dieser Str\u00f6mung abbekommen k\u00f6nnten. Nach R\u00fccksprache mit meinen Beratern und Wetterschm\u00f6ckern\u00a0und Studium allerlei Windvorhersagen entschloss ich dann die F3F SM durchzuf\u00fchren.<br \/>\nEs ist schon etwas seltsam wenn man am Morgen fr\u00fch die halbe Schweiz abf\u00e4hrt und nirgends bewegt sich ein Blatt. Selbst in Charmey stand die Luft noch. Ich war dann doch sehr erleichtert als wir, Moritz H\u00e4nsli und ich, kurz nach 9 Uhr am Hang ankamen und sahen das oben schon Piloten ihre Flieger im Wind segeln liessen. \ud83d\ude42<br \/>\nReto brachte frischen Zopf und Fruchts\u00e4fte f\u00fcr die erste St\u00e4rkung,\u00a0so musste also niemand ohne Fr\u00fchst\u00fcck den steilen Hang hoch kraxeln. \ud83d\ude42<br \/>\nOben am Hang zeigte sich bereits ein F3F tauglicher Wind von &gt;3 m\/s und einige nutzten die Gelegenheit ihre Modelle noch einzufliegen. Nach briefen und organisieren war es dann bald soweit um mit 18 Teilnehmern den F3F Schweizermeister 2015 auszufliegen.<\/p>\n<p>Um 10:40 Uhr konnte nach der Installation des F3F Equipments durch viele helfende H\u00e4nde dann der erste Durchgang gestartet werden. Eberhard Rosemann er\u00f6ffnete mit Startnummer 1 den Wettbewerb. Nach zwei Teilnehmern wurde jedoch schon unterbrochen wegen zu wenig Wind. Um konstante 3 m\/s Wind zu erhalten wurde der Windmesser kurzer Hand optimaler aufgestellt so das wir konstant \u00fcber 3 m\/s Wind messen konnten. Dies bedeutete jedoch auch ein Neustart der Runde. Also alles nochmal von vorne.<br \/>\nRunde 1 brachte Zeiten von 62 bis 95 Sekunden. Insgesamt war der Wind in Runde 1 noch recht wechselhaft. Der Platzhirsch Reto Blumer konnte den 1000-nder f\u00fcr sich buchen. Runde 2 brachte dann schon deutlich konstantere Verh\u00e4ltnisse, in der Tendenz zu etwas st\u00e4rkeren Bedingungen. Diesmal musste Reto, dicht gefolgt von Stefan Bertschi,\u00a0den Rundensieg an Markus Meissner abgeben welcher mit 54.02 &#8222;einen auf die Bank&#8220; f\u00fcr seine Titelverteidigung schrieb. Die Bedingungen wurden immer besser und Pascal L\u00fcdi flog als erster an diesem Tag eine Sub 50 mit einem sauberen Flug und entschied Runde 3 f\u00fcr sich. Der Dubai Werkspilot Meissner holte den Sieg in Runde 4 vor Reto und mir. Stefan Bertschi hatte in Runde 4 die A-Karte gezogen und musste seinen Flieger fast eine Minute lang durch kalte Luft schaukeln. Nicht so in Runde 5, Stefan bekam den &#8222;Chilbibonus&#8220; und durfte die wohl einzig nennenswerte Thermikblase des Tages umsetzen. Als Routinier lies er sich dies nat\u00fcrlich nicht entgehen und flog dann auch gleich die Tagesbestzeit mit 48.08 Sekunden.<br \/>\nDie Bedingungen waren bis dahin schon recht gut um konstante 6 m\/s und als um 14:10 Runde 6 gestartet wurde zog es noch etwas an bis in B\u00f6henspitzen von 10 m\/s. Thomas W\u00e4ckerlin machte\u00a0Runde 6 mit einer 50-iger Zeit f\u00fcr sich klar gefolgt von Stefan von Ah und Oliver Goldhammer. Oli holte sich dann Runde 7 vor Pascal und Stefan Bertschi. Der Wind war inzwischen wieder abgeflaut gegen 3-4 m\/s als um 15:20 Uhr Runde 8 gestartet wurde. Moritz H\u00e4nsli hatte inzwischen rausgefunden wie er seinen schweren Highlander bei schwachen Bedingungen bewegen muss und holte sich den 1000-nder in dieser Runde vor Reto Blumer und Paul B\u00f6hlen. Wenige Minuten vor 16 Uhr konnten wir dann die letzte Runde starten. Der Wind legte wieder einen Meter zu. Am meisten Konzentrationsverm\u00f6gen hatte noch Pascal L\u00fcdi welcher mit einer 54-iger Zeit die letzte Runde f\u00fcr sich entschied. Somit endete der Wettbewerb um 16:30 Uhr mit 9 Runden!<\/p>\n<div id='gallery-1' class='gallery galleryid-2723 gallery-columns-4 gallery-size-thumbnail'>\n<dl class='gallery-item'>\n<dt class='gallery-icon landscape'>\n\t\t\t\t<a href='https:\/\/www.f3f.ch\/wp-content\/uploads\/2015\/10\/PA240977.jpg'><img loading=\"lazy\" decoding=\"async\" width=\"150\" height=\"150\" src=\"https:\/\/www.f3f.ch\/wp-content\/uploads\/2015\/10\/PA240977-150x150.jpg\" class=\"attachment-thumbnail size-thumbnail\" alt=\"\" aria-describedby=\"gallery-1-2714\" \/><\/a>\n\t\t\t<\/dt>\n<dd class='wp-caption-text gallery-caption' id='gallery-1-2714'>\n\t\t\t\tAuta Chia\n\t\t\t\t<\/dd>\n<\/dl>\n<dl class='gallery-item'>\n<dt class='gallery-icon landscape'>\n\t\t\t\t<a href='https:\/\/www.f3f.ch\/wp-content\/uploads\/2015\/10\/PA240968.jpg'><img loading=\"lazy\" decoding=\"async\" width=\"150\" height=\"150\" src=\"https:\/\/www.f3f.ch\/wp-content\/uploads\/2015\/10\/PA240968-150x150.jpg\" class=\"attachment-thumbnail size-thumbnail\" alt=\"\" aria-describedby=\"gallery-1-2711\" \/><\/a>\n\t\t\t<\/dt>\n<dd class='wp-caption-text gallery-caption' id='gallery-1-2711'>\n\t\t\t\tAuta Chia\n\t\t\t\t<\/dd>\n<\/dl>\n<dl class='gallery-item'>\n<dt class='gallery-icon landscape'>\n\t\t\t\t<a href='https:\/\/www.f3f.ch\/wp-content\/uploads\/2015\/10\/PA241004.jpg'><img loading=\"lazy\" decoding=\"async\" width=\"150\" height=\"150\" src=\"https:\/\/www.f3f.ch\/wp-content\/uploads\/2015\/10\/PA241004-150x150.jpg\" class=\"attachment-thumbnail size-thumbnail\" alt=\"\" aria-describedby=\"gallery-1-2719\" \/><\/a>\n\t\t\t<\/dt>\n<dd class='wp-caption-text gallery-caption' id='gallery-1-2719'>\n\t\t\t\tPaul B\u00f6hlen\n\t\t\t\t<\/dd>\n<\/dl>\n<dl class='gallery-item'>\n<dt class='gallery-icon landscape'>\n\t\t\t\t<a href='https:\/\/www.f3f.ch\/wp-content\/uploads\/2015\/10\/PA240996.jpg'><img loading=\"lazy\" decoding=\"async\" width=\"150\" height=\"150\" src=\"https:\/\/www.f3f.ch\/wp-content\/uploads\/2015\/10\/PA240996-150x150.jpg\" class=\"attachment-thumbnail size-thumbnail\" alt=\"\" aria-describedby=\"gallery-1-2718\" \/><\/a>\n\t\t\t<\/dt>\n<dd class='wp-caption-text gallery-caption' id='gallery-1-2718'>\n\t\t\t\tam Start\n\t\t\t\t<\/dd>\n<\/dl>\n<p><br style=\"clear: both\" \/><\/p>\n<dl class='gallery-item'>\n<dt class='gallery-icon landscape'>\n\t\t\t\t<a href='https:\/\/www.f3f.ch\/wp-content\/uploads\/2015\/10\/PA240995.jpg'><img loading=\"lazy\" decoding=\"async\" width=\"150\" height=\"150\" src=\"https:\/\/www.f3f.ch\/wp-content\/uploads\/2015\/10\/PA240995-150x150.jpg\" class=\"attachment-thumbnail size-thumbnail\" alt=\"\" aria-describedby=\"gallery-1-2717\" \/><\/a>\n\t\t\t<\/dt>\n<dd class='wp-caption-text gallery-caption' id='gallery-1-2717'>\n\t\t\t\tder Schweizermeister\n\t\t\t\t<\/dd>\n<\/dl>\n<dl class='gallery-item'>\n<dt class='gallery-icon landscape'>\n\t\t\t\t<a href='https:\/\/www.f3f.ch\/wp-content\/uploads\/2015\/10\/PA240978.jpg'><img loading=\"lazy\" decoding=\"async\" width=\"150\" height=\"150\" src=\"https:\/\/www.f3f.ch\/wp-content\/uploads\/2015\/10\/PA240978-150x150.jpg\" class=\"attachment-thumbnail size-thumbnail\" alt=\"\" aria-describedby=\"gallery-1-2715\" \/><\/a>\n\t\t\t<\/dt>\n<dd class='wp-caption-text gallery-caption' id='gallery-1-2715'>\n\t\t\t\tMartin Kopp\n\t\t\t\t<\/dd>\n<\/dl>\n<dl class='gallery-item'>\n<dt class='gallery-icon landscape'>\n\t\t\t\t<a href='https:\/\/www.f3f.ch\/wp-content\/uploads\/2015\/10\/PA240948.jpg'><img loading=\"lazy\" decoding=\"async\" width=\"150\" height=\"150\" src=\"https:\/\/www.f3f.ch\/wp-content\/uploads\/2015\/10\/PA240948-150x150.jpg\" class=\"attachment-thumbnail size-thumbnail\" alt=\"\" aria-describedby=\"gallery-1-2708\" \/><\/a>\n\t\t\t<\/dt>\n<dd class='wp-caption-text gallery-caption' id='gallery-1-2708'>\n\t\t\t\tOli Goldhammer\n\t\t\t\t<\/dd>\n<\/dl>\n<dl class='gallery-item'>\n<dt class='gallery-icon landscape'>\n\t\t\t\t<a href='https:\/\/www.f3f.ch\/wp-content\/uploads\/2015\/10\/PA240994.jpg'><img loading=\"lazy\" decoding=\"async\" width=\"150\" height=\"150\" src=\"https:\/\/www.f3f.ch\/wp-content\/uploads\/2015\/10\/PA240994-150x150.jpg\" class=\"attachment-thumbnail size-thumbnail\" alt=\"\" aria-describedby=\"gallery-1-2716\" \/><\/a>\n\t\t\t<\/dt>\n<dd class='wp-caption-text gallery-caption' id='gallery-1-2716'>\n\t\t\t\tReto\n\t\t\t\t<\/dd>\n<\/dl>\n<p><br style=\"clear: both\" \/><\/p>\n<dl class='gallery-item'>\n<dt class='gallery-icon landscape'>\n\t\t\t\t<a href='https:\/\/www.f3f.ch\/wp-content\/uploads\/2015\/10\/PA240971.jpg'><img loading=\"lazy\" decoding=\"async\" width=\"150\" height=\"150\" src=\"https:\/\/www.f3f.ch\/wp-content\/uploads\/2015\/10\/PA240971-150x150.jpg\" class=\"attachment-thumbnail size-thumbnail\" alt=\"\" aria-describedby=\"gallery-1-2713\" \/><\/a>\n\t\t\t<\/dt>\n<dd class='wp-caption-text gallery-caption' id='gallery-1-2713'>\n\t\t\t\tThomas W\u00e4ckerlin\n\t\t\t\t<\/dd>\n<\/dl>\n<dl class='gallery-item'>\n<dt class='gallery-icon landscape'>\n\t\t\t\t<a href='https:\/\/www.f3f.ch\/wp-content\/uploads\/2015\/10\/PA240970.jpg'><img loading=\"lazy\" decoding=\"async\" width=\"150\" height=\"150\" src=\"https:\/\/www.f3f.ch\/wp-content\/uploads\/2015\/10\/PA240970-150x150.jpg\" class=\"attachment-thumbnail size-thumbnail\" alt=\"\" aria-describedby=\"gallery-1-2712\" \/><\/a>\n\t\t\t<\/dt>\n<dd class='wp-caption-text gallery-caption' id='gallery-1-2712'>\n\t\t\t\tRuedi Schaub unser CD\n\t\t\t\t<\/dd>\n<\/dl>\n<dl class='gallery-item'>\n<dt class='gallery-icon landscape'>\n\t\t\t\t<a href='https:\/\/www.f3f.ch\/wp-content\/uploads\/2015\/10\/PA240954.jpg'><img loading=\"lazy\" decoding=\"async\" width=\"150\" height=\"150\" src=\"https:\/\/www.f3f.ch\/wp-content\/uploads\/2015\/10\/PA240954-150x150.jpg\" class=\"attachment-thumbnail size-thumbnail\" alt=\"\" aria-describedby=\"gallery-1-2709\" \/><\/a>\n\t\t\t<\/dt>\n<dd class='wp-caption-text gallery-caption' id='gallery-1-2709'>\n\t\t\t\tMoritz H\u00e4nsli\n\t\t\t\t<\/dd>\n<\/dl>\n<dl class='gallery-item'>\n<dt class='gallery-icon landscape'>\n\t\t\t\t<a href='https:\/\/www.f3f.ch\/wp-content\/uploads\/2015\/10\/PA240960.jpg'><img loading=\"lazy\" decoding=\"async\" width=\"150\" height=\"150\" src=\"https:\/\/www.f3f.ch\/wp-content\/uploads\/2015\/10\/PA240960-150x150.jpg\" class=\"attachment-thumbnail size-thumbnail\" alt=\"\" aria-describedby=\"gallery-1-2710\" \/><\/a>\n\t\t\t<\/dt>\n<dd class='wp-caption-text gallery-caption' id='gallery-1-2710'>\n\t\t\t\tFribourger Land\n\t\t\t\t<\/dd>\n<\/dl>\n<p><br style=\"clear: both\" \/><\/p>\n<dl class='gallery-item'>\n<dt class='gallery-icon landscape'>\n\t\t\t\t<a href='https:\/\/www.f3f.ch\/wp-content\/uploads\/2015\/10\/PA241005.jpg'><img loading=\"lazy\" decoding=\"async\" width=\"150\" height=\"150\" src=\"https:\/\/www.f3f.ch\/wp-content\/uploads\/2015\/10\/PA241005-150x150.jpg\" class=\"attachment-thumbnail size-thumbnail\" alt=\"\" aria-describedby=\"gallery-1-2720\" \/><\/a>\n\t\t\t<\/dt>\n<dd class='wp-caption-text gallery-caption' id='gallery-1-2720'>\n\t\t\t\tfliegen bis zum Abend\n\t\t\t\t<\/dd>\n<\/dl>\n<p>\t\t\t<br style='clear: both' \/>\n\t\t<\/div>\n<p>Beim Abstieg vom Hang bemerkte ich das nur wenige Meter unter dem Hang absolute Windstille herrschte. Mensch hatten wir ein Gl\u00fcck das die H\u00f6henstr\u00f6mung uns etwas Wind bescherte. Moritz und ich machten uns sofort auf um die Resultate auszuwerten und fuhren ins Tal wo wir in authentischer Fribourger Beiz Tabellen mit Zahlen f\u00fctterten. Nach doppelter Kontrolle stand es dann fest.\u00a0<strong><span style=\"color: #ff0000;\"> <span style=\"text-decoration: underline;\"><a style=\"color: #ff0000; text-decoration: underline;\" href=\"http:\/\/www.f3xvault.com\/?action=event&amp;function=event_view&amp;event_id=622\">Alle Resultate auf F3XVAULT<\/a><\/span>\u00a0<\/span><\/strong><\/p>\n<p>F3F Schweizermeister 2015 ist&#8230;.<\/p>\n<p>Markus MEISSNER mit 7655 Punkten<br \/>\ner verteidigt somit erfolgreich den Schweizermeistertitel und best\u00e4tigt seine gute Saisonform\u00a0aus Eurotour und Word Cup<\/p>\n<p>Silber geht an&#8230;<\/p>\n<p>Pascal L\u00dcDI mit 7551 Punkten<br \/>\ner ist ein Neuling auf dem F3F Podest. Pascal hat mit Konstanz und sauberem Flugstil beeindruckt.<\/p>\n<p>Bronze geht an&#8230;<\/p>\n<p>Thomas W\u00c4CKERLIN mit 7543 Punkten<br \/>\nder vielseitige Modellflugwettbewerbler Thomas wiederholt den dritten Platz vom letzten Jahr<\/p>\n<p>Herzliche GRATULATION!<\/p>\n<p><a href=\"http:\/\/www.f3f.ch\/wp-content\/uploads\/2015\/10\/PA241048.jpg\"><img loading=\"lazy\" decoding=\"async\" class=\"aligncenter size-large wp-image-2721\" src=\"http:\/\/www.f3f.ch\/wp-content\/uploads\/2015\/10\/PA241048-1024x958.jpg\" alt=\"PA241048\" width=\"680\" height=\"636\" srcset=\"https:\/\/www.f3f.ch\/wp-content\/uploads\/2015\/10\/PA241048-1024x958.jpg 1024w, https:\/\/www.f3f.ch\/wp-content\/uploads\/2015\/10\/PA241048-300x281.jpg 300w, https:\/\/www.f3f.ch\/wp-content\/uploads\/2015\/10\/PA241048-680x636.jpg 680w, https:\/\/www.f3f.ch\/wp-content\/uploads\/2015\/10\/PA241048-940x879.jpg 940w, https:\/\/www.f3f.ch\/wp-content\/uploads\/2015\/10\/PA241048.jpg 1155w\" sizes=\"(max-width: 680px) 100vw, 680px\" \/><\/a><\/p>\n<p>Herzlichen Dank an alle Teilnehmer und Helfer f\u00fcr diese tolle F3F Schweizermeisterschaft! Mir hat es sehr viel Spass gemacht mit Euch!<\/p>\n<p>Martin Ulrich<\/p>\n<p><a href=\"http:\/\/www.f3f.ch\/wp-content\/uploads\/2015\/10\/PA241053.jpg\"><img loading=\"lazy\" decoding=\"async\" class=\"aligncenter size-large wp-image-2722\" src=\"http:\/\/www.f3f.ch\/wp-content\/uploads\/2015\/10\/PA241053-1024x576.jpg\" alt=\"PA241053\" width=\"680\" height=\"383\" srcset=\"https:\/\/www.f3f.ch\/wp-content\/uploads\/2015\/10\/PA241053-1024x576.jpg 1024w, https:\/\/www.f3f.ch\/wp-content\/uploads\/2015\/10\/PA241053-300x169.jpg 300w, https:\/\/www.f3f.ch\/wp-content\/uploads\/2015\/10\/PA241053-680x382.jpg 680w, https:\/\/www.f3f.ch\/wp-content\/uploads\/2015\/10\/PA241053-940x529.jpg 940w\" sizes=\"(max-width: 680px) 100vw, 680px\" \/><\/a><\/p>\n<p><span style=\"text-decoration: underline;\"><a href=\"http:\/\/www.f3xvault.com\/?action=event&amp;function=event_view&amp;event_id=622\" target=\"_blank\">Alle Resultate auf F3XVAULT<\/a><\/span><\/p>\n<p>PS: Klick auf die Bilder f\u00fcr volle Gr\u00f6sse<\/p>\n","protected":false},"excerpt":{"rendered":"<p>Es hat funktioniert! Die Aussichten auf Wind f\u00fcr dieses Wochenende waren \u00e4usserst sp\u00e4rlich und die Entscheidung die Meisterschaft durchzuf\u00fchren musste etwas herausgez\u00f6gert werden. Wie so oft strich der Wind auch dieses Wochenende eher um die Schweiz als ins Land. Es&hellip;<\/p>\n","protected":false},"author":1,"featured_media":2722,"comment_status":"open","ping_status":"open","sticky":false,"template":"","format":"standard","meta":{"footnotes":""},"categories":[33,17],"tags":[37],"_links":{"self":[{"href":"https:\/\/www.f3f.ch\/index.php?rest_route=\/wp\/v2\/posts\/2723"}],"collection":[{"href":"https:\/\/www.f3f.ch\/index.php?rest_route=\/wp\/v2\/posts"}],"about":[{"href":"https:\/\/www.f3f.ch\/index.php?rest_route=\/wp\/v2\/types\/post"}],"author":[{"embeddable":true,"href":"https:\/\/www.f3f.ch\/index.php?rest_route=\/wp\/v2\/users\/1"}],"replies":[{"embeddable":true,"href":"https:\/\/www.f3f.ch\/index.php?rest_route=%2Fwp%2Fv2%2Fcomments&post=2723"}],"version-history":[{"count":10,"href":"https:\/\/www.f3f.ch\/index.php?rest_route=\/wp\/v2\/posts\/2723\/revisions"}],"predecessor-version":[{"id":2735,"href":"https:\/\/www.f3f.ch\/index.php?rest_route=\/wp\/v2\/posts\/2723\/revisions\/2735"}],"wp:featuredmedia":[{"embeddable":true,"href":"https:\/\/www.f3f.ch\/index.php?rest_route=\/wp\/v2\/media\/2722"}],"wp:attachment":[{"href":"https:\/\/www.f3f.ch\/index.php?rest_route=%2Fwp%2Fv2%2Fmedia&parent=2723"}],"wp:term":[{"taxonomy":"category","embeddable":true,"href":"https:\/\/www.f3f.ch\/index.php?rest_route=%2Fwp%2Fv2%2Fcategories&post=2723"},{"taxonomy":"post_tag","embeddable":true,"href":"https:\/\/www.f3f.ch\/index.php?rest_route=%2Fwp%2Fv2%2Ftags&post=2723"}],"curies":[{"name":"wp","href":"https:\/\/api.w.org\/{rel}","templated":true}]}}