{"id":3249,"date":"2016-10-30T12:45:35","date_gmt":"2016-10-30T10:45:35","guid":{"rendered":"http:\/\/www.f3f.ch\/?p=3249"},"modified":"2016-10-30T12:47:01","modified_gmt":"2016-10-30T10:47:01","slug":"f3f-schweizermeisterschaft-2016-resultate","status":"publish","type":"post","link":"https:\/\/www.f3f.ch\/?p=3249","title":{"rendered":"F3F Schweizermeisterschaft 2016 \u2013 Resultate"},"content":{"rendered":"<p>Markus MEISSNER gewinnt\u00a0erneut den Titel des F3F Schweizermeisters vor Eberhard ROSEMANN und Pascal L\u00dcDI.<br \/>\nGRATULATION!<\/p>\n<p><a href=\"http:\/\/www.f3f.ch\/wp-content\/uploads\/2016\/10\/WhatsApp-Image-2016-10-29-at-17.09.10.jpeg\"><img loading=\"lazy\" decoding=\"async\" class=\"aligncenter size-large wp-image-3252\" src=\"http:\/\/www.f3f.ch\/wp-content\/uploads\/2016\/10\/WhatsApp-Image-2016-10-29-at-17.09.10-1024x576.jpeg\" alt=\"whatsapp-image-2016-10-29-at-17-09-10\" width=\"680\" height=\"383\" srcset=\"https:\/\/www.f3f.ch\/wp-content\/uploads\/2016\/10\/WhatsApp-Image-2016-10-29-at-17.09.10-1024x576.jpeg 1024w, https:\/\/www.f3f.ch\/wp-content\/uploads\/2016\/10\/WhatsApp-Image-2016-10-29-at-17.09.10-300x169.jpeg 300w, https:\/\/www.f3f.ch\/wp-content\/uploads\/2016\/10\/WhatsApp-Image-2016-10-29-at-17.09.10-768x432.jpeg 768w, https:\/\/www.f3f.ch\/wp-content\/uploads\/2016\/10\/WhatsApp-Image-2016-10-29-at-17.09.10-680x383.jpeg 680w, https:\/\/www.f3f.ch\/wp-content\/uploads\/2016\/10\/WhatsApp-Image-2016-10-29-at-17.09.10-940x529.jpeg 940w, https:\/\/www.f3f.ch\/wp-content\/uploads\/2016\/10\/WhatsApp-Image-2016-10-29-at-17.09.10.jpeg 1328w\" sizes=\"(max-width: 680px) 100vw, 680px\" \/><\/a><\/p>\n<p>Wir durften gestern Samstag 29. Oktober in Absprache mit den Gleitschirmfliegern die Bisekante am Gurnigel\u00a0f\u00fcr die F3F SM 2016 nutzen. Hier nochmals vielen Dank an jene Gleitschirmpiloten welche sich\u00a0verst\u00e4ndnisvoll zeigten uns\u00a0f\u00fcr\u00a0diesen Tag\u00a0die Kante zu \u00fcberlassen.<br \/>\nDer Hang war f\u00fcr jeden von uns neues Fluggebiet, somit hatte keiner einen Heimvorteil. Die Location war perfekt f\u00fcr uns um ein faires F3F Race zu fliegen.<br \/>\nZugang und Platzverh\u00e4ltnisse waren top um einen sicheren Wettbewerb durchf\u00fchren zu k\u00f6nnen.<br \/>\nAcht Runden wurden geflogen bei ausgeglichenen Bedingungen. Der Wind wehte zwischen 6 und 9 m\/s auf die Kante. Beste Zeiten waren zwischen 52 und 60 Sekunden.<br \/>\nMarkus MEISSNER war ab der 2 Runde unantastbar und flog den Titel souver\u00e4n ein. Eberhard ROSEMANN\u00a0k\u00e4mpfte sich Runde f\u00fcr Runde vor und durfte von den Penalties seiner Mitstreiter provitieren. Pascal L\u00dcDI flog ab der 2-ten Runde auf den vorderen Positionen und konnte durch Konstanz seine Medaille sichern.<\/p>\n<p><a href=\"http:\/\/www.f3f.ch\/wp-content\/uploads\/2016\/10\/rangliste.jpg\"><img loading=\"lazy\" decoding=\"async\" class=\"aligncenter size-large wp-image-3251\" src=\"http:\/\/www.f3f.ch\/wp-content\/uploads\/2016\/10\/rangliste-1024x403.jpg\" alt=\"rangliste\" width=\"680\" height=\"268\" srcset=\"https:\/\/www.f3f.ch\/wp-content\/uploads\/2016\/10\/rangliste-1024x403.jpg 1024w, https:\/\/www.f3f.ch\/wp-content\/uploads\/2016\/10\/rangliste-300x118.jpg 300w, https:\/\/www.f3f.ch\/wp-content\/uploads\/2016\/10\/rangliste-768x303.jpg 768w, https:\/\/www.f3f.ch\/wp-content\/uploads\/2016\/10\/rangliste-680x268.jpg 680w, https:\/\/www.f3f.ch\/wp-content\/uploads\/2016\/10\/rangliste-940x370.jpg 940w, https:\/\/www.f3f.ch\/wp-content\/uploads\/2016\/10\/rangliste.jpg 1602w\" sizes=\"(max-width: 680px) 100vw, 680px\" \/><\/a><a href=\"http:\/\/www.f3f.ch\/wp-content\/uploads\/2016\/10\/chart.jpg\"><img loading=\"lazy\" decoding=\"async\" class=\"aligncenter size-large wp-image-3255\" src=\"http:\/\/www.f3f.ch\/wp-content\/uploads\/2016\/10\/chart-1024x502.jpg\" alt=\"chart\" width=\"680\" height=\"333\" srcset=\"https:\/\/www.f3f.ch\/wp-content\/uploads\/2016\/10\/chart-1024x502.jpg 1024w, https:\/\/www.f3f.ch\/wp-content\/uploads\/2016\/10\/chart-300x147.jpg 300w, https:\/\/www.f3f.ch\/wp-content\/uploads\/2016\/10\/chart-768x377.jpg 768w, https:\/\/www.f3f.ch\/wp-content\/uploads\/2016\/10\/chart-680x334.jpg 680w, https:\/\/www.f3f.ch\/wp-content\/uploads\/2016\/10\/chart-940x461.jpg 940w, https:\/\/www.f3f.ch\/wp-content\/uploads\/2016\/10\/chart.jpg 1321w\" sizes=\"(max-width: 680px) 100vw, 680px\" \/><\/a><\/p>\n<p>Alle Details auf <a href=\"http:\/\/www.f3xvault.com\/?action=event&amp;function=event_view&amp;event_id=848\" target=\"_blank\">F3XVAULT&#8230;<\/a><\/p>\n<p>Es war eine entspannte und ausgeglichene SM. Vielen Dank an die Pilots f\u00fcrs teilnehmen und die Unterst\u00fctzung bei der Durchf\u00fchrung.<br \/>\nF3F SWISS PILOTS sind eifach geili Siech\u00e4! \ud83d\ude42<\/p>\n<p>Euer elP Martin ULRICH<\/p>\n<p>PS: Fotos folgen&#8230;<\/p>\n","protected":false},"excerpt":{"rendered":"<p>Markus MEISSNER gewinnt\u00a0erneut den Titel des F3F Schweizermeisters vor Eberhard ROSEMANN und Pascal L\u00dcDI. GRATULATION! Wir durften gestern Samstag 29. Oktober in Absprache mit den Gleitschirmfliegern die Bisekante am Gurnigel\u00a0f\u00fcr die F3F SM 2016 nutzen. Hier nochmals vielen Dank an&hellip;<\/p>\n","protected":false},"author":1,"featured_media":3254,"comment_status":"open","ping_status":"open","sticky":false,"template":"","format":"standard","meta":{"footnotes":""},"categories":[1,33,17],"tags":[37],"_links":{"self":[{"href":"https:\/\/www.f3f.ch\/index.php?rest_route=\/wp\/v2\/posts\/3249"}],"collection":[{"href":"https:\/\/www.f3f.ch\/index.php?rest_route=\/wp\/v2\/posts"}],"about":[{"href":"https:\/\/www.f3f.ch\/index.php?rest_route=\/wp\/v2\/types\/post"}],"author":[{"embeddable":true,"href":"https:\/\/www.f3f.ch\/index.php?rest_route=\/wp\/v2\/users\/1"}],"replies":[{"embeddable":true,"href":"https:\/\/www.f3f.ch\/index.php?rest_route=%2Fwp%2Fv2%2Fcomments&post=3249"}],"version-history":[{"count":4,"href":"https:\/\/www.f3f.ch\/index.php?rest_route=\/wp\/v2\/posts\/3249\/revisions"}],"predecessor-version":[{"id":3258,"href":"https:\/\/www.f3f.ch\/index.php?rest_route=\/wp\/v2\/posts\/3249\/revisions\/3258"}],"wp:featuredmedia":[{"embeddable":true,"href":"https:\/\/www.f3f.ch\/index.php?rest_route=\/wp\/v2\/media\/3254"}],"wp:attachment":[{"href":"https:\/\/www.f3f.ch\/index.php?rest_route=%2Fwp%2Fv2%2Fmedia&parent=3249"}],"wp:term":[{"taxonomy":"category","embeddable":true,"href":"https:\/\/www.f3f.ch\/index.php?rest_route=%2Fwp%2Fv2%2Fcategories&post=3249"},{"taxonomy":"post_tag","embeddable":true,"href":"https:\/\/www.f3f.ch\/index.php?rest_route=%2Fwp%2Fv2%2Ftags&post=3249"}],"curies":[{"name":"wp","href":"https:\/\/api.w.org\/{rel}","templated":true}]}}