{"id":3678,"date":"2017-10-23T10:30:24","date_gmt":"2017-10-23T08:30:24","guid":{"rendered":"http:\/\/www.f3f.ch\/?p=3678"},"modified":"2017-10-23T14:42:18","modified_gmt":"2017-10-23T12:42:18","slug":"f3f-schweizermeisterschaft-2017","status":"publish","type":"post","link":"https:\/\/www.f3f.ch\/?p=3678","title":{"rendered":"F3F Schweizermeisterschaft 2017"},"content":{"rendered":"<p>Endlich wieder mal eine SM auf dem Hahnenmoos, haben wir uns gedacht. Wegen dem angek\u00fcndigten S\u00fcdwestwind schien der Schalmigrat jedoch nicht geeignet zu sein und es musste eine andere L\u00f6sung gesucht werden. Kurzfristig hat dann unser el Presidente (er hat wohl immer einen Plan B im Kopf) den bew\u00e4hrten Hang am Auta Chia aus dem \u00c4rmel gezaubert, der sollte f\u00fcr eine gelungene SM herhalten; lassen wir uns mal \u00fcberraschen.<\/p>\n<p>Nach einer langen Autofahrt ins sch\u00f6ne und h\u00fcgelige Fribourgerland durften wir noch einen kurzen aber knackigen Anstieg zu Fuss bew\u00e4ltigen. W\u00e4hrend dem hochkraxlen war es absolut windstill, aber wir erinnerten uns daran, was unser Pr\u00e4si in der Einladung geschrieben hatte; man soll sich unten nicht irritieren lassen, oben w\u00fcrde es dann schon blasen. Naja, wir werden sehen. Oben angekommen mussten wir ihm dann Recht geben; w\u00e4hrend die einen die Messanlage aufstellten und andere ihre Flieger bereitstellten wurde bereits kr\u00e4ftig geflogen. Ja, mit diesen Windverh\u00e4ltnissen sollte eine regul\u00e4re SM m\u00f6glich sein. P\u00fcnktlich nach dem Briefing ging es dann los und Paul B\u00f6hlen wurde ausgelost um die SM 2017 zu er\u00f6ffnen.\u00a0 Der Wind war anf\u00e4nglich noch moderat und es wurden Zeiten zwischen 59 und 81 Sekunden\u00a0geflogen. So nach der zweiten Runde fing dann der Wind an zu schw\u00e4cheln und es wurde zu einer Lotterie. Nach unz\u00e4hligen Refilghts und einer gl\u00fccklicherweise gegl\u00fcckten Aussenlandung schlief dann der Wind allm\u00e4hlich fast g\u00e4nzlich ein, und die Motivation sank bei manchem der 20 Teilnehmer. Nach nicht mal drei abgeschlossenen Runden kam bei einigen sogar die Bef\u00fcrchtung auf, dass diese SM nicht mal mehr fertig geflogen werden k\u00f6nnte.<\/p>\n<p>Aber dann nach der Mittagszeit kam das, worauf wir die ganze Zeit gehofft haben und es konnte wieder weiter geflogen werden. Mit Windst\u00e4rken um die\u00a05 \u2013\u00a07.5 m\/s\u00a0konnten Zeiten so um die 50 Sekunden wurden geflogen. Markus hat wieder mal gezeigt wer der Meister ist, und hat mit 44,99 Sekunden f\u00fcr die bisherige\u00a0Tagesbestzeit gesorgt. F\u00fcr Stimmung hat aber auch Paul B\u00f6hlen gesorgt, der nach einer zu fr\u00fchen Wende im B gegen den Hang ausgeholt hat. Um einen Einschlag zu vermeiden musste er dann aufziehen und musste die B-Wende um den Baum machen, der unmittelbar rechts von der Visieranlage gestanden ist. Neben einer folglich schlechten Zeit war der einzige Schaden der dabei entstanden ist ein Penalty von 100 Punkten. Im halbstundentakt wurde so Runde an Runde geflogen und es machte richtig Spass. Ja, das sind die Verh\u00e4ltnisse, die wir beim F3F lieben und dank den recht stabilen Verh\u00e4ltnissen waren somit auch faire Bedingungen gegeben.\u00a0Weil es so viel Spass gemacht und niemand dagegen war, wurde\u00a0entschieden, die letzte und siebte Runde noch nach 16.00 Uhr zu starten. Der alte und neue Schweizermeister Markus Meissner brennte dann noch zum Schluss die definitive Bestzeit mit 42.68 in den Hang und besiegelte somit verdient seinen Titel.<\/p>\n<p>Zusammengefasst war es ein geiler Tag mit geilen Sieche an einem wundersch\u00f6nen Ort, und hierf\u00fcr geb\u00fchrt unserem Pr\u00e4sidenten Martin Ulrich f\u00fcr die Organisation ein riesen Dankesch\u00f6n. Ich freue mich bereits wieder auf die SM 2018, und wer weiss, vielleicht klappt es dann mit dem Schalmi auf dem Hahnenmoos.<\/p>\n<p>Oli Geesing<\/p>\n<p>1. Platz Markus MEISSNER<br \/>\n2. Platz Thomas W\u00c4CKERLIN, 98.22%<br \/>\n3. Platz Martin ULRICH, 96.26%<\/p>\n<p>Alle Resultate sind \u00fcbrigens\u00a0auf <a href=\"http:\/\/www.f3xvault.com\/?action=event&amp;function=event_view&amp;event_id=1027\" target=\"_blank\" rel=\"noopener\">F3X Vault <\/a>nachzulesen.<br \/>\nNoch eine Bericht von Ruedi Schaub auf der <a href=\"http:\/\/www.modellflug.ch\/news.aspx?contid=10452&amp;lang=DE\" target=\"_blank\" rel=\"noopener\">SMV Website<\/a>.<\/p>\n<p>Fotos von Martin KOPP<\/p>\n<div id='gallery-1' class='gallery galleryid-3678 gallery-columns-2 gallery-size-medium'>\n<dl class='gallery-item'>\n<dt class='gallery-icon landscape'>\n\t\t\t\t<a href='https:\/\/www.f3f.ch\/wp-content\/uploads\/2017\/10\/IMG_4380.jpg'><img loading=\"lazy\" decoding=\"async\" width=\"300\" height=\"200\" src=\"https:\/\/www.f3f.ch\/wp-content\/uploads\/2017\/10\/IMG_4380-300x200.jpg\" class=\"attachment-medium size-medium\" alt=\"\" aria-describedby=\"gallery-1-3676\" srcset=\"https:\/\/www.f3f.ch\/wp-content\/uploads\/2017\/10\/IMG_4380-300x200.jpg 300w, https:\/\/www.f3f.ch\/wp-content\/uploads\/2017\/10\/IMG_4380-768x512.jpg 768w, https:\/\/www.f3f.ch\/wp-content\/uploads\/2017\/10\/IMG_4380-1024x683.jpg 1024w, https:\/\/www.f3f.ch\/wp-content\/uploads\/2017\/10\/IMG_4380-680x453.jpg 680w, https:\/\/www.f3f.ch\/wp-content\/uploads\/2017\/10\/IMG_4380-940x627.jpg 940w\" sizes=\"(max-width: 300px) 100vw, 300px\" \/><\/a>\n\t\t\t<\/dt>\n<dd class='wp-caption-text gallery-caption' id='gallery-1-3676'>\n\t\t\t\tFreestyler 5 von Stefan Bertschi\n\t\t\t\t<\/dd>\n<\/dl>\n<dl class='gallery-item'>\n<dt class='gallery-icon landscape'>\n\t\t\t\t<a href='https:\/\/www.f3f.ch\/wp-content\/uploads\/2017\/10\/IMG_4394.jpg'><img loading=\"lazy\" decoding=\"async\" width=\"300\" height=\"200\" src=\"https:\/\/www.f3f.ch\/wp-content\/uploads\/2017\/10\/IMG_4394-300x200.jpg\" class=\"attachment-medium size-medium\" alt=\"\" aria-describedby=\"gallery-1-3675\" srcset=\"https:\/\/www.f3f.ch\/wp-content\/uploads\/2017\/10\/IMG_4394-300x200.jpg 300w, https:\/\/www.f3f.ch\/wp-content\/uploads\/2017\/10\/IMG_4394-768x512.jpg 768w, https:\/\/www.f3f.ch\/wp-content\/uploads\/2017\/10\/IMG_4394-1024x683.jpg 1024w, https:\/\/www.f3f.ch\/wp-content\/uploads\/2017\/10\/IMG_4394-680x453.jpg 680w, https:\/\/www.f3f.ch\/wp-content\/uploads\/2017\/10\/IMG_4394-940x627.jpg 940w\" sizes=\"(max-width: 300px) 100vw, 300px\" \/><\/a>\n\t\t\t<\/dt>\n<dd class='wp-caption-text gallery-caption' id='gallery-1-3675'>\n\t\t\t\tPike Precision von Stefan Trapp\n\t\t\t\t<\/dd>\n<\/dl>\n<p><br style=\"clear: both\" \/><\/p>\n<dl class='gallery-item'>\n<dt class='gallery-icon landscape'>\n\t\t\t\t<a href='https:\/\/www.f3f.ch\/wp-content\/uploads\/2017\/10\/IMG_4355.jpg'><img loading=\"lazy\" decoding=\"async\" width=\"300\" height=\"200\" src=\"https:\/\/www.f3f.ch\/wp-content\/uploads\/2017\/10\/IMG_4355-300x200.jpg\" class=\"attachment-medium size-medium\" alt=\"\" aria-describedby=\"gallery-1-3674\" srcset=\"https:\/\/www.f3f.ch\/wp-content\/uploads\/2017\/10\/IMG_4355-300x200.jpg 300w, https:\/\/www.f3f.ch\/wp-content\/uploads\/2017\/10\/IMG_4355-768x512.jpg 768w, https:\/\/www.f3f.ch\/wp-content\/uploads\/2017\/10\/IMG_4355-1024x683.jpg 1024w, https:\/\/www.f3f.ch\/wp-content\/uploads\/2017\/10\/IMG_4355-680x453.jpg 680w, https:\/\/www.f3f.ch\/wp-content\/uploads\/2017\/10\/IMG_4355-940x627.jpg 940w\" sizes=\"(max-width: 300px) 100vw, 300px\" \/><\/a>\n\t\t\t<\/dt>\n<dd class='wp-caption-text gallery-caption' id='gallery-1-3674'>\n\t\t\t\tAvatar von Hansruedi Riniker\n\t\t\t\t<\/dd>\n<\/dl>\n<dl class='gallery-item'>\n<dt class='gallery-icon landscape'>\n\t\t\t\t<a href='https:\/\/www.f3f.ch\/wp-content\/uploads\/2017\/10\/IMG_4333.jpg'><img loading=\"lazy\" decoding=\"async\" width=\"300\" height=\"200\" src=\"https:\/\/www.f3f.ch\/wp-content\/uploads\/2017\/10\/IMG_4333-300x200.jpg\" class=\"attachment-medium size-medium\" alt=\"\" aria-describedby=\"gallery-1-3673\" srcset=\"https:\/\/www.f3f.ch\/wp-content\/uploads\/2017\/10\/IMG_4333-300x200.jpg 300w, https:\/\/www.f3f.ch\/wp-content\/uploads\/2017\/10\/IMG_4333-768x512.jpg 768w, https:\/\/www.f3f.ch\/wp-content\/uploads\/2017\/10\/IMG_4333-1024x683.jpg 1024w, https:\/\/www.f3f.ch\/wp-content\/uploads\/2017\/10\/IMG_4333-680x453.jpg 680w, https:\/\/www.f3f.ch\/wp-content\/uploads\/2017\/10\/IMG_4333-940x627.jpg 940w\" sizes=\"(max-width: 300px) 100vw, 300px\" \/><\/a>\n\t\t\t<\/dt>\n<dd class='wp-caption-text gallery-caption' id='gallery-1-3673'>\n\t\t\t\tFreestyler 5 von Martin Ulrich\n\t\t\t\t<\/dd>\n<\/dl>\n<p><br style=\"clear: both\" \/><\/p>\n<dl class='gallery-item'>\n<dt class='gallery-icon landscape'>\n\t\t\t\t<a href='https:\/\/www.f3f.ch\/wp-content\/uploads\/2017\/10\/IMG_4319.jpg'><img loading=\"lazy\" decoding=\"async\" width=\"300\" height=\"200\" src=\"https:\/\/www.f3f.ch\/wp-content\/uploads\/2017\/10\/IMG_4319-300x200.jpg\" class=\"attachment-medium size-medium\" alt=\"\" aria-describedby=\"gallery-1-3672\" srcset=\"https:\/\/www.f3f.ch\/wp-content\/uploads\/2017\/10\/IMG_4319-300x200.jpg 300w, https:\/\/www.f3f.ch\/wp-content\/uploads\/2017\/10\/IMG_4319-768x512.jpg 768w, https:\/\/www.f3f.ch\/wp-content\/uploads\/2017\/10\/IMG_4319-1024x683.jpg 1024w, https:\/\/www.f3f.ch\/wp-content\/uploads\/2017\/10\/IMG_4319-680x453.jpg 680w, https:\/\/www.f3f.ch\/wp-content\/uploads\/2017\/10\/IMG_4319-940x627.jpg 940w\" sizes=\"(max-width: 300px) 100vw, 300px\" \/><\/a>\n\t\t\t<\/dt>\n<dd class='wp-caption-text gallery-caption' id='gallery-1-3672'>\n\t\t\t\tDie Swiss Pilots warten auf Wind\n\t\t\t\t<\/dd>\n<\/dl>\n<dl class='gallery-item'>\n<dt class='gallery-icon landscape'>\n\t\t\t\t<a href='https:\/\/www.f3f.ch\/wp-content\/uploads\/2017\/10\/IMG_4300.jpg'><img loading=\"lazy\" decoding=\"async\" width=\"300\" height=\"200\" src=\"https:\/\/www.f3f.ch\/wp-content\/uploads\/2017\/10\/IMG_4300-300x200.jpg\" class=\"attachment-medium size-medium\" alt=\"\" aria-describedby=\"gallery-1-3671\" srcset=\"https:\/\/www.f3f.ch\/wp-content\/uploads\/2017\/10\/IMG_4300-300x200.jpg 300w, https:\/\/www.f3f.ch\/wp-content\/uploads\/2017\/10\/IMG_4300-768x512.jpg 768w, https:\/\/www.f3f.ch\/wp-content\/uploads\/2017\/10\/IMG_4300-1024x683.jpg 1024w, https:\/\/www.f3f.ch\/wp-content\/uploads\/2017\/10\/IMG_4300-680x453.jpg 680w, https:\/\/www.f3f.ch\/wp-content\/uploads\/2017\/10\/IMG_4300-940x627.jpg 940w\" sizes=\"(max-width: 300px) 100vw, 300px\" \/><\/a>\n\t\t\t<\/dt>\n<dd class='wp-caption-text gallery-caption' id='gallery-1-3671'>\n\t\t\t\tStart\n\t\t\t\t<\/dd>\n<\/dl>\n<p><br style=\"clear: both\" \/><\/p>\n<dl class='gallery-item'>\n<dt class='gallery-icon landscape'>\n\t\t\t\t<a href='https:\/\/www.f3f.ch\/wp-content\/uploads\/2017\/10\/IMG_4299.jpg'><img loading=\"lazy\" decoding=\"async\" width=\"300\" height=\"200\" src=\"https:\/\/www.f3f.ch\/wp-content\/uploads\/2017\/10\/IMG_4299-300x200.jpg\" class=\"attachment-medium size-medium\" alt=\"\" aria-describedby=\"gallery-1-3670\" srcset=\"https:\/\/www.f3f.ch\/wp-content\/uploads\/2017\/10\/IMG_4299-300x200.jpg 300w, https:\/\/www.f3f.ch\/wp-content\/uploads\/2017\/10\/IMG_4299-768x512.jpg 768w, https:\/\/www.f3f.ch\/wp-content\/uploads\/2017\/10\/IMG_4299-1024x683.jpg 1024w, https:\/\/www.f3f.ch\/wp-content\/uploads\/2017\/10\/IMG_4299-680x453.jpg 680w, https:\/\/www.f3f.ch\/wp-content\/uploads\/2017\/10\/IMG_4299-940x627.jpg 940w\" sizes=\"(max-width: 300px) 100vw, 300px\" \/><\/a>\n\t\t\t<\/dt>\n<dd class='wp-caption-text gallery-caption' id='gallery-1-3670'>\n\t\t\t\tRuedi Schaub\n\t\t\t\t<\/dd>\n<\/dl>\n<dl class='gallery-item'>\n<dt class='gallery-icon landscape'>\n\t\t\t\t<a href='https:\/\/www.f3f.ch\/wp-content\/uploads\/2017\/10\/IMG_4298.jpg'><img loading=\"lazy\" decoding=\"async\" width=\"300\" height=\"200\" src=\"https:\/\/www.f3f.ch\/wp-content\/uploads\/2017\/10\/IMG_4298-300x200.jpg\" class=\"attachment-medium size-medium\" alt=\"\" aria-describedby=\"gallery-1-3669\" srcset=\"https:\/\/www.f3f.ch\/wp-content\/uploads\/2017\/10\/IMG_4298-300x200.jpg 300w, https:\/\/www.f3f.ch\/wp-content\/uploads\/2017\/10\/IMG_4298-768x512.jpg 768w, https:\/\/www.f3f.ch\/wp-content\/uploads\/2017\/10\/IMG_4298-1024x683.jpg 1024w, https:\/\/www.f3f.ch\/wp-content\/uploads\/2017\/10\/IMG_4298-680x453.jpg 680w, https:\/\/www.f3f.ch\/wp-content\/uploads\/2017\/10\/IMG_4298-940x627.jpg 940w\" sizes=\"(max-width: 300px) 100vw, 300px\" \/><\/a>\n\t\t\t<\/dt>\n<dd class='wp-caption-text gallery-caption' id='gallery-1-3669'>\n\t\t\t\tA-Frame, A-Base, A-Team\n\t\t\t\t<\/dd>\n<\/dl>\n<p><br style=\"clear: both\" \/><\/p>\n<dl class='gallery-item'>\n<dt class='gallery-icon landscape'>\n\t\t\t\t<a href='https:\/\/www.f3f.ch\/wp-content\/uploads\/2017\/10\/P1030188.jpg'><img loading=\"lazy\" decoding=\"async\" width=\"300\" height=\"169\" src=\"https:\/\/www.f3f.ch\/wp-content\/uploads\/2017\/10\/P1030188-300x169.jpg\" class=\"attachment-medium size-medium\" alt=\"\" aria-describedby=\"gallery-1-3668\" srcset=\"https:\/\/www.f3f.ch\/wp-content\/uploads\/2017\/10\/P1030188-300x169.jpg 300w, https:\/\/www.f3f.ch\/wp-content\/uploads\/2017\/10\/P1030188-768x432.jpg 768w, https:\/\/www.f3f.ch\/wp-content\/uploads\/2017\/10\/P1030188-1024x576.jpg 1024w, https:\/\/www.f3f.ch\/wp-content\/uploads\/2017\/10\/P1030188-680x383.jpg 680w, https:\/\/www.f3f.ch\/wp-content\/uploads\/2017\/10\/P1030188-940x529.jpg 940w\" sizes=\"(max-width: 300px) 100vw, 300px\" \/><\/a>\n\t\t\t<\/dt>\n<dd class='wp-caption-text gallery-caption' id='gallery-1-3668'>\n\t\t\t\tPoser\n\t\t\t\t<\/dd>\n<\/dl>\n<p>\t\t\t<br style='clear: both' \/>\n\t\t<\/div>\n","protected":false},"excerpt":{"rendered":"<p>Endlich wieder mal eine SM auf dem Hahnenmoos, haben wir uns gedacht. Wegen dem angek\u00fcndigten S\u00fcdwestwind schien der Schalmigrat jedoch nicht geeignet zu sein und es musste eine andere L\u00f6sung gesucht werden. Kurzfristig hat dann unser el Presidente (er hat&hellip;<\/p>\n","protected":false},"author":13,"featured_media":3668,"comment_status":"open","ping_status":"open","sticky":false,"template":"","format":"standard","meta":{"footnotes":""},"categories":[1,33,17],"tags":[37],"_links":{"self":[{"href":"https:\/\/www.f3f.ch\/index.php?rest_route=\/wp\/v2\/posts\/3678"}],"collection":[{"href":"https:\/\/www.f3f.ch\/index.php?rest_route=\/wp\/v2\/posts"}],"about":[{"href":"https:\/\/www.f3f.ch\/index.php?rest_route=\/wp\/v2\/types\/post"}],"author":[{"embeddable":true,"href":"https:\/\/www.f3f.ch\/index.php?rest_route=\/wp\/v2\/users\/13"}],"replies":[{"embeddable":true,"href":"https:\/\/www.f3f.ch\/index.php?rest_route=%2Fwp%2Fv2%2Fcomments&post=3678"}],"version-history":[{"count":7,"href":"https:\/\/www.f3f.ch\/index.php?rest_route=\/wp\/v2\/posts\/3678\/revisions"}],"predecessor-version":[{"id":3687,"href":"https:\/\/www.f3f.ch\/index.php?rest_route=\/wp\/v2\/posts\/3678\/revisions\/3687"}],"wp:featuredmedia":[{"embeddable":true,"href":"https:\/\/www.f3f.ch\/index.php?rest_route=\/wp\/v2\/media\/3668"}],"wp:attachment":[{"href":"https:\/\/www.f3f.ch\/index.php?rest_route=%2Fwp%2Fv2%2Fmedia&parent=3678"}],"wp:term":[{"taxonomy":"category","embeddable":true,"href":"https:\/\/www.f3f.ch\/index.php?rest_route=%2Fwp%2Fv2%2Fcategories&post=3678"},{"taxonomy":"post_tag","embeddable":true,"href":"https:\/\/www.f3f.ch\/index.php?rest_route=%2Fwp%2Fv2%2Ftags&post=3678"}],"curies":[{"name":"wp","href":"https:\/\/api.w.org\/{rel}","templated":true}]}}