{"id":3708,"date":"2018-04-09T22:40:45","date_gmt":"2018-04-09T20:40:45","guid":{"rendered":"http:\/\/www.f3f.ch\/?p=3708"},"modified":"2018-04-12T10:35:08","modified_gmt":"2018-04-12T08:35:08","slug":"training-dk-2018","status":"publish","type":"post","link":"https:\/\/www.f3f.ch\/?p=3708","title":{"rendered":"Training DK 2018"},"content":{"rendered":"<p>Da 2018 ein WM Jahr ist, haben wir letztes Jahr entschieden, eine Trainingswoche in D\u00e4nemark durchzuf\u00fchren. Zun\u00e4chst war geplant, beim traditionsreichen Osterwettbewerb mitzufliegen. Leider wurde der Termin auf eine Woche vorgezogen, sodass dieser in unsere Reisepl\u00e4ne dann doch nicht reinpasste. Schade. Eine Trainingswoche mit abschliessendem internationalen Wettbewerb ist irgendwie das Salz in der Suppe.<\/p>\n<p>Resu und Peter reisten bereits am Sonntag nach Klitm\u00f6ller. Steff, Martin und ich fuhren um 22.00 Uhr am Montag ab und nach 14 Stunden kamen auch wir nach einer durchgefahrenen Nacht an. Wir bezogen das Ferienhaus, und da der Wind bereits ordentlich aus ONO bliess fuhren wir direkt zum WM Hang Kridvejen. Der Wind kam schr\u00e4g von rechts und so konnten wir gut Crosswind fliegen \u00fcben.<\/p>\n<p>Die automatische Anlage (FCD) mit Camera spuckte an diesem Tag noch ein wenig, wie sich sp\u00e4ter rausstellte war die Cameraposition der A Wende nicht optimal gew\u00e4hlt. Der Bildausschnitt war zu klein, um sinnvoll alle Wendenstile zu detektieren.<\/p>\n<p>Die Sonne zeigte sich nicht, und es war recht schattig mit 3 grad bei 10m\/s.<\/p>\n<p>Der darauffolgende Tag, war ziemlich experimentell. Wir hatten OSO, und f\u00fcr diese Windrichtung stand kein Hang zur Verf\u00fcgung. Entweder verboten oder das Landefeld war frisch umgepfl\u00fcgt worden. Wir machten uns auf Entdeckerreise in den S\u00fcden. Wir fanden dann diesen \u201eKein Hang\u201c. \u201eKein Hang\u201c ist eigentlich ein Strand mit einer Baumreihe im Hintergrund. \u201eHangh\u00f6he\u201c ca. 1m. Die M\u00f6wen zeigten aber, dass da irgendwas gehen k\u00f6nnte. Wir probierten es dann aus. Mein Radical Jazz musste dran glauben. Und siehe da, es funktionierte nicht mal schlecht. Bei dynamischem Flugstil machte das sogar Spass. Der Wind mit 12m\/s und 1 Grad Lufttemperatur begrenzte aber die Flugdauer merklich. Steff und Martin taten es mir gleich und somit konnten wir ein sehr spezielles Hangflugerlebnis teilen.<\/p>\n<div id=\"attachment_3716\" style=\"width: 690px\" class=\"wp-caption aligncenter\"><a href=\"http:\/\/www.f3f.ch\/wp-content\/uploads\/2018\/04\/f3f_dk_2018004.jpg\"><img loading=\"lazy\" decoding=\"async\" aria-describedby=\"caption-attachment-3716\" class=\"size-large wp-image-3716\" src=\"http:\/\/www.f3f.ch\/wp-content\/uploads\/2018\/04\/f3f_dk_2018004-1024x576.jpg\" alt=\"\" width=\"680\" height=\"383\" srcset=\"https:\/\/www.f3f.ch\/wp-content\/uploads\/2018\/04\/f3f_dk_2018004-1024x576.jpg 1024w, https:\/\/www.f3f.ch\/wp-content\/uploads\/2018\/04\/f3f_dk_2018004-300x169.jpg 300w, https:\/\/www.f3f.ch\/wp-content\/uploads\/2018\/04\/f3f_dk_2018004-768x432.jpg 768w, https:\/\/www.f3f.ch\/wp-content\/uploads\/2018\/04\/f3f_dk_2018004-680x383.jpg 680w, https:\/\/www.f3f.ch\/wp-content\/uploads\/2018\/04\/f3f_dk_2018004-940x529.jpg 940w, https:\/\/www.f3f.ch\/wp-content\/uploads\/2018\/04\/f3f_dk_2018004.jpg 2048w\" sizes=\"(max-width: 680px) 100vw, 680px\" \/><\/a><\/p>\n<p id=\"caption-attachment-3716\" class=\"wp-caption-text\">kein Hang<\/p>\n<\/div>\n<div id=\"attachment_3717\" style=\"width: 690px\" class=\"wp-caption aligncenter\"><a href=\"http:\/\/www.f3f.ch\/wp-content\/uploads\/2018\/04\/f3f_dk_2018005.jpg\"><img loading=\"lazy\" decoding=\"async\" aria-describedby=\"caption-attachment-3717\" class=\"size-large wp-image-3717\" src=\"http:\/\/www.f3f.ch\/wp-content\/uploads\/2018\/04\/f3f_dk_2018005-1024x768.jpg\" alt=\"\" width=\"680\" height=\"510\" srcset=\"https:\/\/www.f3f.ch\/wp-content\/uploads\/2018\/04\/f3f_dk_2018005-1024x768.jpg 1024w, https:\/\/www.f3f.ch\/wp-content\/uploads\/2018\/04\/f3f_dk_2018005-300x225.jpg 300w, https:\/\/www.f3f.ch\/wp-content\/uploads\/2018\/04\/f3f_dk_2018005-768x576.jpg 768w, https:\/\/www.f3f.ch\/wp-content\/uploads\/2018\/04\/f3f_dk_2018005-680x510.jpg 680w, https:\/\/www.f3f.ch\/wp-content\/uploads\/2018\/04\/f3f_dk_2018005-940x705.jpg 940w, https:\/\/www.f3f.ch\/wp-content\/uploads\/2018\/04\/f3f_dk_2018005.jpg 2048w\" sizes=\"(max-width: 680px) 100vw, 680px\" \/><\/a><\/p>\n<p id=\"caption-attachment-3717\" class=\"wp-caption-text\">warme Kleidung &#8211; gute Laune -Stefan<\/p>\n<\/div>\n<p>Tag 3 war dann Vigs\u00f6 Tag somit hatte ich Gelegenheit mein WM \u201eTrauma\u201c an diesen Hang zu verarbeiten. 10 m\/s f\u00fchrten dann zu 50 bis 43er Zeiten. Das Wetter wurde immer besser und die Sonne zeigte sich immer mehr.<\/p>\n<p>Tag 4 war dann wieder Kridvejen das heisst NO. An diesem Tag nutzen wir die Gelegenheit das Pumpen zu \u00fcben. Pumpen ist das dynamische Aufschaukeln vor dem Streckeneinflug. Freute mich zu sehen, dass speziell Resu hier sehr schnell das Richtige machte. Ist es doch in R\u00fcgen ein wichtiges Element um eine gute Einflugh\u00f6he innerhalb 30 sec zu erhalten. Aber auch Martin, Steff und Peter verbesserten hier ihre Pumpf\u00e4higkeiten drastisch.<\/p>\n<div id='gallery-1' class='gallery galleryid-3708 gallery-columns-2 gallery-size-medium'>\n<dl class='gallery-item'>\n<dt class='gallery-icon landscape'>\n\t\t\t\t<a href='https:\/\/www.f3f.ch\/wp-content\/uploads\/2018\/04\/f3f_dk_2018010.jpg'><img loading=\"lazy\" decoding=\"async\" width=\"300\" height=\"225\" src=\"https:\/\/www.f3f.ch\/wp-content\/uploads\/2018\/04\/f3f_dk_2018010-300x225.jpg\" class=\"attachment-medium size-medium\" alt=\"\" aria-describedby=\"gallery-1-3722\" srcset=\"https:\/\/www.f3f.ch\/wp-content\/uploads\/2018\/04\/f3f_dk_2018010-300x225.jpg 300w, https:\/\/www.f3f.ch\/wp-content\/uploads\/2018\/04\/f3f_dk_2018010-768x576.jpg 768w, https:\/\/www.f3f.ch\/wp-content\/uploads\/2018\/04\/f3f_dk_2018010-1024x768.jpg 1024w, https:\/\/www.f3f.ch\/wp-content\/uploads\/2018\/04\/f3f_dk_2018010-680x510.jpg 680w, https:\/\/www.f3f.ch\/wp-content\/uploads\/2018\/04\/f3f_dk_2018010-940x705.jpg 940w, https:\/\/www.f3f.ch\/wp-content\/uploads\/2018\/04\/f3f_dk_2018010.jpg 2048w\" sizes=\"(max-width: 300px) 100vw, 300px\" \/><\/a>\n\t\t\t<\/dt>\n<dd class='wp-caption-text gallery-caption' id='gallery-1-3722'>\n\t\t\t\tShinto\n\t\t\t\t<\/dd>\n<\/dl>\n<dl class='gallery-item'>\n<dt class='gallery-icon landscape'>\n\t\t\t\t<a href='https:\/\/www.f3f.ch\/wp-content\/uploads\/2018\/04\/f3f_dk_2018009.jpg'><img loading=\"lazy\" decoding=\"async\" width=\"300\" height=\"225\" src=\"https:\/\/www.f3f.ch\/wp-content\/uploads\/2018\/04\/f3f_dk_2018009-300x225.jpg\" class=\"attachment-medium size-medium\" alt=\"\" aria-describedby=\"gallery-1-3721\" srcset=\"https:\/\/www.f3f.ch\/wp-content\/uploads\/2018\/04\/f3f_dk_2018009-300x225.jpg 300w, https:\/\/www.f3f.ch\/wp-content\/uploads\/2018\/04\/f3f_dk_2018009-768x576.jpg 768w, https:\/\/www.f3f.ch\/wp-content\/uploads\/2018\/04\/f3f_dk_2018009-1024x768.jpg 1024w, https:\/\/www.f3f.ch\/wp-content\/uploads\/2018\/04\/f3f_dk_2018009-680x510.jpg 680w, https:\/\/www.f3f.ch\/wp-content\/uploads\/2018\/04\/f3f_dk_2018009-940x705.jpg 940w, https:\/\/www.f3f.ch\/wp-content\/uploads\/2018\/04\/f3f_dk_2018009.jpg 2048w\" sizes=\"(max-width: 300px) 100vw, 300px\" \/><\/a>\n\t\t\t<\/dt>\n<dd class='wp-caption-text gallery-caption' id='gallery-1-3721'>\n\t\t\t\tMarkus\n\t\t\t\t<\/dd>\n<\/dl>\n<p><br style=\"clear: both\" \/><\/p>\n<dl class='gallery-item'>\n<dt class='gallery-icon landscape'>\n\t\t\t\t<a href='https:\/\/www.f3f.ch\/wp-content\/uploads\/2018\/04\/f3f_dk_2018007.jpg'><img loading=\"lazy\" decoding=\"async\" width=\"300\" height=\"225\" src=\"https:\/\/www.f3f.ch\/wp-content\/uploads\/2018\/04\/f3f_dk_2018007-300x225.jpg\" class=\"attachment-medium size-medium\" alt=\"\" aria-describedby=\"gallery-1-3719\" srcset=\"https:\/\/www.f3f.ch\/wp-content\/uploads\/2018\/04\/f3f_dk_2018007-300x225.jpg 300w, https:\/\/www.f3f.ch\/wp-content\/uploads\/2018\/04\/f3f_dk_2018007-768x576.jpg 768w, https:\/\/www.f3f.ch\/wp-content\/uploads\/2018\/04\/f3f_dk_2018007-1024x768.jpg 1024w, https:\/\/www.f3f.ch\/wp-content\/uploads\/2018\/04\/f3f_dk_2018007-680x510.jpg 680w, https:\/\/www.f3f.ch\/wp-content\/uploads\/2018\/04\/f3f_dk_2018007-940x705.jpg 940w, https:\/\/www.f3f.ch\/wp-content\/uploads\/2018\/04\/f3f_dk_2018007.jpg 2048w\" sizes=\"(max-width: 300px) 100vw, 300px\" \/><\/a>\n\t\t\t<\/dt>\n<dd class='wp-caption-text gallery-caption' id='gallery-1-3719'>\n\t\t\t\tPeter\n\t\t\t\t<\/dd>\n<\/dl>\n<dl class='gallery-item'>\n<dt class='gallery-icon landscape'>\n\t\t\t\t<a href='https:\/\/www.f3f.ch\/wp-content\/uploads\/2018\/04\/f3f_dk_2018006.jpg'><img loading=\"lazy\" decoding=\"async\" width=\"300\" height=\"225\" src=\"https:\/\/www.f3f.ch\/wp-content\/uploads\/2018\/04\/f3f_dk_2018006-300x225.jpg\" class=\"attachment-medium size-medium\" alt=\"\" aria-describedby=\"gallery-1-3718\" srcset=\"https:\/\/www.f3f.ch\/wp-content\/uploads\/2018\/04\/f3f_dk_2018006-300x225.jpg 300w, https:\/\/www.f3f.ch\/wp-content\/uploads\/2018\/04\/f3f_dk_2018006-768x576.jpg 768w, https:\/\/www.f3f.ch\/wp-content\/uploads\/2018\/04\/f3f_dk_2018006-1024x768.jpg 1024w, https:\/\/www.f3f.ch\/wp-content\/uploads\/2018\/04\/f3f_dk_2018006-680x510.jpg 680w, https:\/\/www.f3f.ch\/wp-content\/uploads\/2018\/04\/f3f_dk_2018006-940x705.jpg 940w, https:\/\/www.f3f.ch\/wp-content\/uploads\/2018\/04\/f3f_dk_2018006.jpg 2048w\" sizes=\"(max-width: 300px) 100vw, 300px\" \/><\/a>\n\t\t\t<\/dt>\n<dd class='wp-caption-text gallery-caption' id='gallery-1-3718'>\n\t\t\t\tResu\n\t\t\t\t<\/dd>\n<\/dl>\n<p><br style=\"clear: both\" \/>\n\t\t<\/div>\n<p>Tag 5 und 6 wieder in Kridvejen. Bei herrlichem Sonnenschein und ausreichend Wind.<\/p>\n<div id=\"attachment_3720\" style=\"width: 690px\" class=\"wp-caption aligncenter\"><a href=\"http:\/\/www.f3f.ch\/wp-content\/uploads\/2018\/04\/f3f_dk_2018008.jpg\"><img loading=\"lazy\" decoding=\"async\" aria-describedby=\"caption-attachment-3720\" class=\"size-large wp-image-3720\" src=\"http:\/\/www.f3f.ch\/wp-content\/uploads\/2018\/04\/f3f_dk_2018008-1024x768.jpg\" alt=\"\" width=\"680\" height=\"510\" srcset=\"https:\/\/www.f3f.ch\/wp-content\/uploads\/2018\/04\/f3f_dk_2018008-1024x768.jpg 1024w, https:\/\/www.f3f.ch\/wp-content\/uploads\/2018\/04\/f3f_dk_2018008-300x225.jpg 300w, https:\/\/www.f3f.ch\/wp-content\/uploads\/2018\/04\/f3f_dk_2018008-768x576.jpg 768w, https:\/\/www.f3f.ch\/wp-content\/uploads\/2018\/04\/f3f_dk_2018008-680x510.jpg 680w, https:\/\/www.f3f.ch\/wp-content\/uploads\/2018\/04\/f3f_dk_2018008-940x705.jpg 940w, https:\/\/www.f3f.ch\/wp-content\/uploads\/2018\/04\/f3f_dk_2018008.jpg 2048w\" sizes=\"(max-width: 680px) 100vw, 680px\" \/><\/a><\/p>\n<p id=\"caption-attachment-3720\" class=\"wp-caption-text\">Shinto<\/p>\n<\/div>\n<p>Tag 7 war dann Schwachwindfliegen an der D\u00fcne bei NW Wind angesagt. Blauer Himmel mit entsprechender Dauerbesonnung machten auch diesen Tag zu einem Erlebnis. Sch\u00f6ner Tag am Strand.<\/p>\n<p>Am Abend um 22.00 brachen wir dann wieder auf Richtung Heimat.<\/p>\n<p>Es gab auch leider wieder Bruch mit nach Hause zu tragen. Spizenreiter war dabei wohl ich, so muss ich durch eigene Fehler und Unkonzentriertheiten wieder einige Bastelstunden einplanen. Aber irgendwie ist die Zeit sowieso reif f\u00fcr etwas Neues\u2026mal sehen\u2026demn\u00e4chst mehr davon.<\/p>\n<p>Bedanken m\u00f6chte ich mich bei meinen Mitstreitern f\u00fcr diesen lehrreichen und spannenden Ausflug ans Meer. Hat Spass gemacht.<\/p>\n<p>Sehr zuversichtlich bin ich f\u00fcr die WM, da Resu als K\u00fcstenneuling hier gezeigt hat, das er seinen\u00a0 Flugstil sehr rasch den\u00a0 Bedingungen anpassen kann um dann das Beste aus der Luft herauszuholen.<\/p>\n<p>Mission war somit erfolgreich \ud83d\ude42<\/p>\n<p>Markus (Fotos Martin)<\/p>\n<div id=\"attachment_3715\" style=\"width: 690px\" class=\"wp-caption aligncenter\"><a href=\"http:\/\/www.f3f.ch\/wp-content\/uploads\/2018\/04\/f3f_dk_2018003.jpg\"><img loading=\"lazy\" decoding=\"async\" aria-describedby=\"caption-attachment-3715\" class=\"size-large wp-image-3715\" src=\"http:\/\/www.f3f.ch\/wp-content\/uploads\/2018\/04\/f3f_dk_2018003-1024x576.jpg\" alt=\"\" width=\"680\" height=\"383\" srcset=\"https:\/\/www.f3f.ch\/wp-content\/uploads\/2018\/04\/f3f_dk_2018003-1024x576.jpg 1024w, https:\/\/www.f3f.ch\/wp-content\/uploads\/2018\/04\/f3f_dk_2018003-300x169.jpg 300w, https:\/\/www.f3f.ch\/wp-content\/uploads\/2018\/04\/f3f_dk_2018003-768x432.jpg 768w, https:\/\/www.f3f.ch\/wp-content\/uploads\/2018\/04\/f3f_dk_2018003-680x383.jpg 680w, https:\/\/www.f3f.ch\/wp-content\/uploads\/2018\/04\/f3f_dk_2018003-940x529.jpg 940w, https:\/\/www.f3f.ch\/wp-content\/uploads\/2018\/04\/f3f_dk_2018003.jpg 2048w\" sizes=\"(max-width: 680px) 100vw, 680px\" \/><\/a><\/p>\n<p id=\"caption-attachment-3715\" class=\"wp-caption-text\">Poser<\/p>\n<\/div>\n","protected":false},"excerpt":{"rendered":"<p>Da 2018 ein WM Jahr ist, haben wir letztes Jahr entschieden, eine Trainingswoche in D\u00e4nemark durchzuf\u00fchren. Zun\u00e4chst war geplant, beim traditionsreichen Osterwettbewerb mitzufliegen. Leider wurde der Termin auf eine Woche vorgezogen, sodass dieser in unsere Reisepl\u00e4ne dann doch nicht reinpasste.&hellip;<\/p>\n","protected":false},"author":4,"featured_media":3714,"comment_status":"open","ping_status":"open","sticky":false,"template":"","format":"standard","meta":{"footnotes":""},"categories":[16],"tags":[29,9,81],"_links":{"self":[{"href":"https:\/\/www.f3f.ch\/index.php?rest_route=\/wp\/v2\/posts\/3708"}],"collection":[{"href":"https:\/\/www.f3f.ch\/index.php?rest_route=\/wp\/v2\/posts"}],"about":[{"href":"https:\/\/www.f3f.ch\/index.php?rest_route=\/wp\/v2\/types\/post"}],"author":[{"embeddable":true,"href":"https:\/\/www.f3f.ch\/index.php?rest_route=\/wp\/v2\/users\/4"}],"replies":[{"embeddable":true,"href":"https:\/\/www.f3f.ch\/index.php?rest_route=%2Fwp%2Fv2%2Fcomments&post=3708"}],"version-history":[{"count":7,"href":"https:\/\/www.f3f.ch\/index.php?rest_route=\/wp\/v2\/posts\/3708\/revisions"}],"predecessor-version":[{"id":3728,"href":"https:\/\/www.f3f.ch\/index.php?rest_route=\/wp\/v2\/posts\/3708\/revisions\/3728"}],"wp:featuredmedia":[{"embeddable":true,"href":"https:\/\/www.f3f.ch\/index.php?rest_route=\/wp\/v2\/media\/3714"}],"wp:attachment":[{"href":"https:\/\/www.f3f.ch\/index.php?rest_route=%2Fwp%2Fv2%2Fmedia&parent=3708"}],"wp:term":[{"taxonomy":"category","embeddable":true,"href":"https:\/\/www.f3f.ch\/index.php?rest_route=%2Fwp%2Fv2%2Fcategories&post=3708"},{"taxonomy":"post_tag","embeddable":true,"href":"https:\/\/www.f3f.ch\/index.php?rest_route=%2Fwp%2Fv2%2Ftags&post=3708"}],"curies":[{"name":"wp","href":"https:\/\/api.w.org\/{rel}","templated":true}]}}