{"id":4402,"date":"2018-06-01T17:15:50","date_gmt":"2018-06-01T15:15:50","guid":{"rendered":"http:\/\/www.f3f.ch\/?p=4402"},"modified":"2018-06-01T17:19:52","modified_gmt":"2018-06-01T15:19:52","slug":"f3f-rc-network-open-2018-vogesen-france","status":"publish","type":"post","link":"https:\/\/www.f3f.ch\/?p=4402","title":{"rendered":"F3F RC-Network Open 2018, Vogesen France"},"content":{"rendered":"<p>Das RC-Network Open als Teil der CONTEST Eurotour F3F und des FAI F3F World Cup erfreut die Schweizer F3F Szene mit ungeborchener Beliebtheit. 11 Schweizer Piloten waren gemeldet, somit stellten die Schweizer einen guten Viertel des Teilnehmerfeldes.<br \/>\nDie meisten waren bereits am Donnerstag angereist. Am Schweissel konnte dann auch ausgiebig Sportsflying betrieben werden. Nat\u00fcrlich hatten nicht nur wir Schweizer diese Idee, der Luftraum am Schweissel wurde im Verlauf des Nachmittags immer begehrter. In der Folge ereigneten sich Zusammenst\u00f6sse welche teils mehr teils weniger Blessuren an unseren Sportger\u00e4ten hinterliessen.<br \/>\nWie in den Vorjahren buchte Peter SIOMON unsere Unterkunft im Domaine des fines Fleurs du Terroir. Seit meinem letzten Besuch in 2016 wurde die Unterkunft da und dort von zweckm\u00e4ssig bis liebevoll restauriert. Am Vorabend durften wir dann schon mal bei Bierchen und Terrine de Maison den Magen beruhigen. Zum Abend servierte uns der Patron Els\u00e4sser Flamkuchen in allen Varianten, so lange bis jeder kurz vor dem platzen war. Der Hausherr weiss wie er uns zu verw\u00f6hnen hat.<\/p>\n<div id=\"attachment_4413\" style=\"width: 690px\" class=\"wp-caption aligncenter\"><a href=\"http:\/\/www.f3f.ch\/wp-content\/uploads\/2018\/05\/NEO_IMG_4663.jpg\"><img loading=\"lazy\" decoding=\"async\" aria-describedby=\"caption-attachment-4413\" class=\"size-large wp-image-4413\" src=\"http:\/\/www.f3f.ch\/wp-content\/uploads\/2018\/05\/NEO_IMG_4663-1024x667.jpg\" alt=\"\" width=\"680\" height=\"443\" srcset=\"https:\/\/www.f3f.ch\/wp-content\/uploads\/2018\/05\/NEO_IMG_4663-1024x667.jpg 1024w, https:\/\/www.f3f.ch\/wp-content\/uploads\/2018\/05\/NEO_IMG_4663-300x195.jpg 300w, https:\/\/www.f3f.ch\/wp-content\/uploads\/2018\/05\/NEO_IMG_4663-768x500.jpg 768w, https:\/\/www.f3f.ch\/wp-content\/uploads\/2018\/05\/NEO_IMG_4663-680x443.jpg 680w, https:\/\/www.f3f.ch\/wp-content\/uploads\/2018\/05\/NEO_IMG_4663-940x612.jpg 940w, https:\/\/www.f3f.ch\/wp-content\/uploads\/2018\/05\/NEO_IMG_4663.jpg 1206w\" sizes=\"(max-width: 680px) 100vw, 680px\" \/><\/a><\/p>\n<p id=\"caption-attachment-4413\" class=\"wp-caption-text\">NEO &#8211; das neue Teil von Markus MEISSNER<\/p>\n<\/div>\n<p>Tag 1<br \/>\nDer Wettbewerb startete am Batteriekopf an welchem ausreichend Wind stand. Die thermischen Einfl\u00fcsse sind jedoch bei Windgeschwindigkeiten von 3-7 m\/s doch recht heftig. Bis Runde vier konnten gut 10 Piloten &gt;90% erfliegen in Runde 4 und 5 waren es dann noch f\u00fcnf Wettk\u00e4mpfer. Nat\u00fcrlich konnte man auch so richtig die A-Karte ziehen und im Bereich &gt;55 Sekunden die 10 Strecken &#8222;genussvoll&#8220; ausfliegen.<br \/>\nNach dem ersten Tag stand Peter KOWALSKI, Radovan PLCH und Armin HORTZIZ ganz oben an der Rangliste. Sicher war ihnen das Wettergl\u00fcck hold, doch man muss Thermikblasen dann auch noch fehlerfrei ausfliegen und das k\u00f6nnen die Mannen halt. Markus MEISSNER konnte in Runde 3 gute 987 Punkte schreiben, Oli GOLDAMMER in Runde 4, 927 und in Runde 5, 950 Punkte. \ud83d\ude42<br \/>\nBester Schweizer war an diesem Tag Markus MEISSNER auf Rang 7. Mit seiner Eigenkonstruktion NEO lieferte er ein solides Wettbewerbsdeb\u00fct ab. Insgesamt konnten sich drei SWISS PILOTS unter die ersten 10 reihen. Spektakul\u00e4r wurde an diesem Tag der Wettbewerbszirkus aufgescheucht als eine RAFALE aus dem Tal aufsteigend im Tiefflug unser Luftraum durchquerte, den Bergr\u00fccken kreuzte und wieder ins n\u00e4chste Tal hinunter donnerte. Wahnsinn! \ud83d\ude2f<\/p>\n<p>Am Abend dann wie \u00fcblich &#8211; V\u00f6llerei beim Patron. \ud83d\ude42<\/p>\n<div id=\"attachment_4415\" style=\"width: 690px\" class=\"wp-caption aligncenter\"><a href=\"http:\/\/www.f3f.ch\/wp-content\/uploads\/2018\/05\/Rafale_IMG_4588.jpg\"><img loading=\"lazy\" decoding=\"async\" aria-describedby=\"caption-attachment-4415\" class=\"wp-image-4415 size-large\" src=\"http:\/\/www.f3f.ch\/wp-content\/uploads\/2018\/05\/Rafale_IMG_4588-1024x590.jpg\" alt=\"\" width=\"680\" height=\"392\" srcset=\"https:\/\/www.f3f.ch\/wp-content\/uploads\/2018\/05\/Rafale_IMG_4588-1024x590.jpg 1024w, https:\/\/www.f3f.ch\/wp-content\/uploads\/2018\/05\/Rafale_IMG_4588-300x173.jpg 300w, https:\/\/www.f3f.ch\/wp-content\/uploads\/2018\/05\/Rafale_IMG_4588-768x443.jpg 768w, https:\/\/www.f3f.ch\/wp-content\/uploads\/2018\/05\/Rafale_IMG_4588-680x392.jpg 680w, https:\/\/www.f3f.ch\/wp-content\/uploads\/2018\/05\/Rafale_IMG_4588-940x542.jpg 940w, https:\/\/www.f3f.ch\/wp-content\/uploads\/2018\/05\/Rafale_IMG_4588.jpg 1027w\" sizes=\"(max-width: 680px) 100vw, 680px\" \/><\/a><\/p>\n<p id=\"caption-attachment-4415\" class=\"wp-caption-text\">Rafale donnert \u00fcber den Platz<\/p>\n<\/div>\n<p>Tag 2<br \/>\nDer 2-te Wettbewerbstag begann um 10 Uhr am Batteriekopf ich durfte fr\u00fch starten, erwischte anst\u00e4ndige Luft und wetzte in 44 sec. die L\u00e4ngen ab. Nur Aubry GABANON erreichte auch die 44 die Anderen hatten wenig Wettwergl\u00fcck. Leider schlief der Wind zu Ende der Runde ein bzw. drehte auf West, die Runde musste, nach der \u00fcblichen Wartezeit, abgerochen werden. Mein 1000-nder war dahin. \ud83d\ude41<br \/>\nNun hiess es Umzug an den Schweissel. Um 14 Uhr war es dann soweit und wir konnten am Schweissel Runde 6 neu starten. Von den Schweizern hatte einzig Andreas BOEHLEN Wettergl\u00fcck und flog gute 996 Punkte ein. \ud83d\ude42<br \/>\nEine weitere Runde wurde begonnen konnte aber mangels Wind nicht fertig geflogen werden.<br \/>\nEinige SWISS PILOTS mussten an diesem Tag auf der Rangliste massiv absteigen.<\/p>\n<p>Zum Abend waren wir am Bankett in der Scheune, auch hier wurde anst\u00e4ndig renoviert und ausgebaut und zeigt sich heute ganz nett. Das Essen wie immer &#8211; deftig und gut. Immer wieder sch\u00f6n in gem\u00fctlichen Ambiente die Kontakte aus Europa zu pflegen. \ud83d\ude42<\/p>\n<p>&nbsp;<\/p>\n<div id=\"attachment_4437\" style=\"width: 690px\" class=\"wp-caption aligncenter\"><a href=\"http:\/\/www.f3f.ch\/wp-content\/uploads\/2018\/06\/F3F-RCN-Open-2018_013.jpg\"><img loading=\"lazy\" decoding=\"async\" aria-describedby=\"caption-attachment-4437\" class=\"size-large wp-image-4437\" src=\"http:\/\/www.f3f.ch\/wp-content\/uploads\/2018\/06\/F3F-RCN-Open-2018_013-1024x768.jpg\" alt=\"\" width=\"680\" height=\"510\" srcset=\"https:\/\/www.f3f.ch\/wp-content\/uploads\/2018\/06\/F3F-RCN-Open-2018_013-1024x768.jpg 1024w, https:\/\/www.f3f.ch\/wp-content\/uploads\/2018\/06\/F3F-RCN-Open-2018_013-300x225.jpg 300w, https:\/\/www.f3f.ch\/wp-content\/uploads\/2018\/06\/F3F-RCN-Open-2018_013-768x576.jpg 768w, https:\/\/www.f3f.ch\/wp-content\/uploads\/2018\/06\/F3F-RCN-Open-2018_013-680x510.jpg 680w, https:\/\/www.f3f.ch\/wp-content\/uploads\/2018\/06\/F3F-RCN-Open-2018_013-940x705.jpg 940w, https:\/\/www.f3f.ch\/wp-content\/uploads\/2018\/06\/F3F-RCN-Open-2018_013.jpg 1440w\" sizes=\"(max-width: 680px) 100vw, 680px\" \/><\/a><\/p>\n<p id=\"caption-attachment-4437\" class=\"wp-caption-text\">au \u00e4n Maa wo Fl\u00fc\u00fcger cha schmeiss\u00e4<\/p>\n<\/div>\n<p>&nbsp;<\/p>\n<p>Tag 3<br \/>\nDie Wettbewerbsfortsetzung wieder am Schweissel. Runde 7 brachte mir eine gute Thermik und ich durfte 953 Punkte schreiben. \ud83d\ude42 Viele von uns konnten verlorene Pl\u00e4tze wieder gut machen. Eine weitere Runde wurde gestartet doch oftmals unterbrochen bis der Wind wieder komplett ausblieb.<br \/>\nSomit war das 4 -te RCN Open relativ fr\u00fch beendet. Das Wetter gab einfach nichts mehr her.<\/p>\n<p>Jacky Kugler, Tobias Reik und ihre hervorragende Helfercrew hatten das Beste aus dem Wetter rausgeholt f\u00fcr dieses Jahr. Mehr war einfach nicht drin. Die Organisation und Wettbewerbsleitung war top. Besten Dank euch! \ud83d\ude0e<\/p>\n<p><a href=\"http:\/\/www.f3f.ch\/wp-content\/uploads\/2018\/06\/F3F-RCN-Open-2018_001.jpg\"><img loading=\"lazy\" decoding=\"async\" class=\"aligncenter size-large wp-image-4425\" src=\"http:\/\/www.f3f.ch\/wp-content\/uploads\/2018\/06\/F3F-RCN-Open-2018_001-1024x768.jpg\" alt=\"\" width=\"680\" height=\"510\" srcset=\"https:\/\/www.f3f.ch\/wp-content\/uploads\/2018\/06\/F3F-RCN-Open-2018_001-1024x768.jpg 1024w, https:\/\/www.f3f.ch\/wp-content\/uploads\/2018\/06\/F3F-RCN-Open-2018_001-300x225.jpg 300w, https:\/\/www.f3f.ch\/wp-content\/uploads\/2018\/06\/F3F-RCN-Open-2018_001-768x576.jpg 768w, https:\/\/www.f3f.ch\/wp-content\/uploads\/2018\/06\/F3F-RCN-Open-2018_001-680x510.jpg 680w, https:\/\/www.f3f.ch\/wp-content\/uploads\/2018\/06\/F3F-RCN-Open-2018_001-940x705.jpg 940w, https:\/\/www.f3f.ch\/wp-content\/uploads\/2018\/06\/F3F-RCN-Open-2018_001.jpg 1440w\" sizes=\"(max-width: 680px) 100vw, 680px\" \/><\/a><\/p>\n<p>Gewertet wurden 38 von 42 gemeldeten Piloten nach 7 Runden.<\/p>\n<p>Gewonnen hat:<\/p>\n<p>Platz 1. Peter KOWALSKI, Germany<br \/>\nPlatz 2. Radovan PLCH, Czech Republic, 97.72%<br \/>\nPlatz 3. Armin HORTZIZ, Germany, 96.65%<\/p>\n<p>Team Wertung:<br \/>\nPlatz 1. TEA SWILLERS mit Peter KOWALSKI, John PHILLIPS, Daniel SCHNEIDER<br \/>\nPlatz 2. F3F SWISS PILOTS 1 mit Andreas BOEHLEN, Martin ULRICH, Markus MEISSNER<br \/>\nPlatz 3. CZECH TEAM mit Radovan PLCH, Thomas WINKLER, Richard KOHL<\/p>\n<p>HERZLICHE GRATULATION!<\/p>\n<p>Schweizer Platzierungen:<\/p>\n<p>Platz 5. Res B\u00f6hlen, 93.49%<br \/>\nPlatz 6. Oli Goldammer, 93,14%<br \/>\nPlatz 11. Martin Kopp, 90,42%<br \/>\nPlatz 14. Martin Ulrich, 90.00%<br \/>\nPlatz 18. Markus Meissner, 89.77%<br \/>\nPlatz 22. Peter W\u00fcrmli, 86.60%<br \/>\nPlatz 30. Peter Simon, 83.16%<br \/>\nPlatz 35. Oli Geesing, 79.18%<br \/>\nPlatz 36. Kurt Eichenberger, 76.41%<br \/>\nPlatz 38. Hans-Ruedi Riniker, 74.60%<\/p>\n<p>Nat\u00fcrlich freut mich der 2.-te Platz in der Teamwertung sehr, doch ganz besonders auch die sch\u00f6ne Zeit mit euch SWISS PILOTS, jedes mal eine Freude! \ud83d\ude42<\/p>\n<div id=\"attachment_4446\" style=\"width: 690px\" class=\"wp-caption aligncenter\"><a href=\"http:\/\/www.f3f.ch\/wp-content\/uploads\/2018\/06\/F3F-RCN-Open-2018_022.jpg\"><img loading=\"lazy\" decoding=\"async\" aria-describedby=\"caption-attachment-4446\" class=\"size-large wp-image-4446\" src=\"http:\/\/www.f3f.ch\/wp-content\/uploads\/2018\/06\/F3F-RCN-Open-2018_022-1024x768.jpg\" alt=\"\" width=\"680\" height=\"510\" srcset=\"https:\/\/www.f3f.ch\/wp-content\/uploads\/2018\/06\/F3F-RCN-Open-2018_022-1024x768.jpg 1024w, https:\/\/www.f3f.ch\/wp-content\/uploads\/2018\/06\/F3F-RCN-Open-2018_022-300x225.jpg 300w, https:\/\/www.f3f.ch\/wp-content\/uploads\/2018\/06\/F3F-RCN-Open-2018_022-768x576.jpg 768w, https:\/\/www.f3f.ch\/wp-content\/uploads\/2018\/06\/F3F-RCN-Open-2018_022-680x510.jpg 680w, https:\/\/www.f3f.ch\/wp-content\/uploads\/2018\/06\/F3F-RCN-Open-2018_022-940x705.jpg 940w, https:\/\/www.f3f.ch\/wp-content\/uploads\/2018\/06\/F3F-RCN-Open-2018_022.jpg 1440w\" sizes=\"(max-width: 680px) 100vw, 680px\" \/><\/a><\/p>\n<p id=\"caption-attachment-4446\" class=\"wp-caption-text\">Freude herrscht<\/p>\n<\/div>\n<p>Alle Resultate auf\u00a0<a href=\"http:\/\/f3xvault.com\/?action=event&amp;function=event_view&amp;event_id=1264\" target=\"_blank\" rel=\"noopener\">http:\/\/f3xvault.com\/?action=event&amp;function=event_view&amp;event_id=1264<\/a><\/p>\n<p>Besten Dank an Martin Kopp f\u00fcr den Beitrag an Fotos. Beim Rafale war er voll drauf! Klasse! \ud83d\ude0e<\/p>\n<p>Modelle&#8230;einen Haufen SHINTO&#8217;s und FREESTYLER&#8217;s. PIKE PRECISION 1&amp;2, PITBULL 1&amp;2, Radical JAZZ, einige SONET, SONIX, STINGER etc. &#8230;<br \/>\nEigenbauten wie der NEO von Markus MEISSNER, noch ein Eigenbau (Name weiss ich nicht mehr) von Lukas KUGLER<br \/>\nGanz verschwunden sind diesmal NEEDEL&#8217;s<\/p>\n<p>&#8230;bis zum n\u00e4chten mal&#8230;<br \/>\nMartin Ulrich<\/p>\n<p>Bilder<\/p>\n<div id='gallery-1' class='gallery galleryid-4402 gallery-columns-3 gallery-size-thumbnail'>\n<dl class='gallery-item'>\n<dt class='gallery-icon landscape'>\n\t\t\t\t<a href='https:\/\/www.f3f.ch\/wp-content\/uploads\/2018\/05\/Dani_IMG_4646.jpg'><img loading=\"lazy\" decoding=\"async\" width=\"150\" height=\"150\" src=\"https:\/\/www.f3f.ch\/wp-content\/uploads\/2018\/05\/Dani_IMG_4646-150x150.jpg\" class=\"attachment-thumbnail size-thumbnail\" alt=\"\" aria-describedby=\"gallery-1-4409\" \/><\/a>\n\t\t\t<\/dt>\n<dd class='wp-caption-text gallery-caption' id='gallery-1-4409'>\n\t\t\t\tDanis gelber Clownfisch\n\t\t\t\t<\/dd>\n<\/dl>\n<dl class='gallery-item'>\n<dt class='gallery-icon landscape'>\n\t\t\t\t<a href='https:\/\/www.f3f.ch\/wp-content\/uploads\/2018\/05\/Depot_IMG_4632.jpg'><img loading=\"lazy\" decoding=\"async\" width=\"150\" height=\"150\" src=\"https:\/\/www.f3f.ch\/wp-content\/uploads\/2018\/05\/Depot_IMG_4632-150x150.jpg\" class=\"attachment-thumbnail size-thumbnail\" alt=\"\" aria-describedby=\"gallery-1-4410\" \/><\/a>\n\t\t\t<\/dt>\n<dd class='wp-caption-text gallery-caption' id='gallery-1-4410'>\n\t\t\t\tSportmans\n\t\t\t\t<\/dd>\n<\/dl>\n<dl class='gallery-item'>\n<dt class='gallery-icon landscape'>\n\t\t\t\t<a href='https:\/\/www.f3f.ch\/wp-content\/uploads\/2018\/05\/FS4Landing_IMG_4604.jpg'><img loading=\"lazy\" decoding=\"async\" width=\"150\" height=\"150\" src=\"https:\/\/www.f3f.ch\/wp-content\/uploads\/2018\/05\/FS4Landing_IMG_4604-150x150.jpg\" class=\"attachment-thumbnail size-thumbnail\" alt=\"\" aria-describedby=\"gallery-1-4411\" \/><\/a>\n\t\t\t<\/dt>\n<dd class='wp-caption-text gallery-caption' id='gallery-1-4411'>\n\t\t\t\tFreestyler 4 am Landen\n\t\t\t\t<\/dd>\n<\/dl>\n<p><br style=\"clear: both\" \/><\/p>\n<dl class='gallery-item'>\n<dt class='gallery-icon landscape'>\n\t\t\t\t<a href='https:\/\/www.f3f.ch\/wp-content\/uploads\/2018\/05\/Giele_IMG_4607.jpg'><img loading=\"lazy\" decoding=\"async\" width=\"150\" height=\"150\" src=\"https:\/\/www.f3f.ch\/wp-content\/uploads\/2018\/05\/Giele_IMG_4607-150x150.jpg\" class=\"attachment-thumbnail size-thumbnail\" alt=\"\" aria-describedby=\"gallery-1-4412\" \/><\/a>\n\t\t\t<\/dt>\n<dd class='wp-caption-text gallery-caption' id='gallery-1-4412'>\n\t\t\t\t2 mal Oli G aus B mit Kurt E\n\t\t\t\t<\/dd>\n<\/dl>\n<dl class='gallery-item'>\n<dt class='gallery-icon landscape'>\n\t\t\t\t<a href='https:\/\/www.f3f.ch\/wp-content\/uploads\/2018\/05\/NEO_IMG_4663.jpg'><img loading=\"lazy\" decoding=\"async\" width=\"150\" height=\"150\" src=\"https:\/\/www.f3f.ch\/wp-content\/uploads\/2018\/05\/NEO_IMG_4663-150x150.jpg\" class=\"attachment-thumbnail size-thumbnail\" alt=\"\" aria-describedby=\"gallery-1-4413\" \/><\/a>\n\t\t\t<\/dt>\n<dd class='wp-caption-text gallery-caption' id='gallery-1-4413'>\n\t\t\t\tNEO &#8211; das neue Teil von Markus MEISSNER\n\t\t\t\t<\/dd>\n<\/dl>\n<dl class='gallery-item'>\n<dt class='gallery-icon landscape'>\n\t\t\t\t<a href='https:\/\/www.f3f.ch\/wp-content\/uploads\/2018\/05\/PitBull_IMG_4652.jpg'><img loading=\"lazy\" decoding=\"async\" width=\"150\" height=\"150\" src=\"https:\/\/www.f3f.ch\/wp-content\/uploads\/2018\/05\/PitBull_IMG_4652-150x150.jpg\" class=\"attachment-thumbnail size-thumbnail\" alt=\"\" aria-describedby=\"gallery-1-4414\" \/><\/a>\n\t\t\t<\/dt>\n<dd class='wp-caption-text gallery-caption' id='gallery-1-4414'>\n\t\t\t\tBildbeschreibung im Bild\n\t\t\t\t<\/dd>\n<\/dl>\n<p><br style=\"clear: both\" \/><\/p>\n<dl class='gallery-item'>\n<dt class='gallery-icon landscape'>\n\t\t\t\t<a href='https:\/\/www.f3f.ch\/wp-content\/uploads\/2018\/05\/Rafale_IMG_4588.jpg'><img loading=\"lazy\" decoding=\"async\" width=\"150\" height=\"150\" src=\"https:\/\/www.f3f.ch\/wp-content\/uploads\/2018\/05\/Rafale_IMG_4588-150x150.jpg\" class=\"attachment-thumbnail size-thumbnail\" alt=\"\" aria-describedby=\"gallery-1-4415\" \/><\/a>\n\t\t\t<\/dt>\n<dd class='wp-caption-text gallery-caption' id='gallery-1-4415'>\n\t\t\t\tRafale\n\t\t\t\t<\/dd>\n<\/dl>\n<dl class='gallery-item'>\n<dt class='gallery-icon landscape'>\n\t\t\t\t<a href='https:\/\/www.f3f.ch\/wp-content\/uploads\/2018\/05\/Sonet_IMG_4629.jpg'><img loading=\"lazy\" decoding=\"async\" width=\"150\" height=\"150\" src=\"https:\/\/www.f3f.ch\/wp-content\/uploads\/2018\/05\/Sonet_IMG_4629-150x150.jpg\" class=\"attachment-thumbnail size-thumbnail\" alt=\"\" aria-describedby=\"gallery-1-4416\" \/><\/a>\n\t\t\t<\/dt>\n<dd class='wp-caption-text gallery-caption' id='gallery-1-4416'>\n\t\t\t\tSonet\n\t\t\t\t<\/dd>\n<\/dl>\n<dl class='gallery-item'>\n<dt class='gallery-icon landscape'>\n\t\t\t\t<a href='https:\/\/www.f3f.ch\/wp-content\/uploads\/2018\/05\/TobiWurf_IMG_4643.jpg'><img loading=\"lazy\" decoding=\"async\" width=\"150\" height=\"150\" src=\"https:\/\/www.f3f.ch\/wp-content\/uploads\/2018\/05\/TobiWurf_IMG_4643-150x150.jpg\" class=\"attachment-thumbnail size-thumbnail\" alt=\"\" aria-describedby=\"gallery-1-4417\" \/><\/a>\n\t\t\t<\/dt>\n<dd class='wp-caption-text gallery-caption' id='gallery-1-4417'>\n\t\t\t\tTobi wirft\n\t\t\t\t<\/dd>\n<\/dl>\n<p><br style=\"clear: both\" \/><\/p>\n<dl class='gallery-item'>\n<dt class='gallery-icon landscape'>\n\t\t\t\t<a href='https:\/\/www.f3f.ch\/wp-content\/uploads\/2018\/06\/F3F-RCN-Open-2018_002.jpg'><img loading=\"lazy\" decoding=\"async\" width=\"150\" height=\"150\" src=\"https:\/\/www.f3f.ch\/wp-content\/uploads\/2018\/06\/F3F-RCN-Open-2018_002-150x150.jpg\" class=\"attachment-thumbnail size-thumbnail\" alt=\"\" aria-describedby=\"gallery-1-4426\" \/><\/a>\n\t\t\t<\/dt>\n<dd class='wp-caption-text gallery-caption' id='gallery-1-4426'>\n\t\t\t\tTeam Celox\n\t\t\t\t<\/dd>\n<\/dl>\n<dl class='gallery-item'>\n<dt class='gallery-icon landscape'>\n\t\t\t\t<a href='https:\/\/www.f3f.ch\/wp-content\/uploads\/2018\/06\/F3F-RCN-Open-2018_003.jpg'><img loading=\"lazy\" decoding=\"async\" width=\"150\" height=\"150\" src=\"https:\/\/www.f3f.ch\/wp-content\/uploads\/2018\/06\/F3F-RCN-Open-2018_003-150x150.jpg\" class=\"attachment-thumbnail size-thumbnail\" alt=\"\" aria-describedby=\"gallery-1-4427\" \/><\/a>\n\t\t\t<\/dt>\n<dd class='wp-caption-text gallery-caption' id='gallery-1-4427'>\n\t\t\t\tOli G aus B\n\t\t\t\t<\/dd>\n<\/dl>\n<dl class='gallery-item'>\n<dt class='gallery-icon landscape'>\n\t\t\t\t<a href='https:\/\/www.f3f.ch\/wp-content\/uploads\/2018\/06\/F3F-RCN-Open-2018_004.jpg'><img loading=\"lazy\" decoding=\"async\" width=\"150\" height=\"150\" src=\"https:\/\/www.f3f.ch\/wp-content\/uploads\/2018\/06\/F3F-RCN-Open-2018_004-150x150.jpg\" class=\"attachment-thumbnail size-thumbnail\" alt=\"\" aria-describedby=\"gallery-1-4428\" \/><\/a>\n\t\t\t<\/dt>\n<dd class='wp-caption-text gallery-caption' id='gallery-1-4428'>\n\t\t\t\tPiotr\n\t\t\t\t<\/dd>\n<\/dl>\n<p><br style=\"clear: both\" \/><\/p>\n<dl class='gallery-item'>\n<dt class='gallery-icon landscape'>\n\t\t\t\t<a href='https:\/\/www.f3f.ch\/wp-content\/uploads\/2018\/06\/F3F-RCN-Open-2018_005.jpg'><img loading=\"lazy\" decoding=\"async\" width=\"150\" height=\"150\" src=\"https:\/\/www.f3f.ch\/wp-content\/uploads\/2018\/06\/F3F-RCN-Open-2018_005-150x150.jpg\" class=\"attachment-thumbnail size-thumbnail\" alt=\"\" aria-describedby=\"gallery-1-4429\" \/><\/a>\n\t\t\t<\/dt>\n<dd class='wp-caption-text gallery-caption' id='gallery-1-4429'>\n\t\t\t\tJacky\n\t\t\t\t<\/dd>\n<\/dl>\n<dl class='gallery-item'>\n<dt class='gallery-icon landscape'>\n\t\t\t\t<a href='https:\/\/www.f3f.ch\/wp-content\/uploads\/2018\/06\/F3F-RCN-Open-2018_006.jpg'><img loading=\"lazy\" decoding=\"async\" width=\"150\" height=\"150\" src=\"https:\/\/www.f3f.ch\/wp-content\/uploads\/2018\/06\/F3F-RCN-Open-2018_006-150x150.jpg\" class=\"attachment-thumbnail size-thumbnail\" alt=\"\" aria-describedby=\"gallery-1-4430\" \/><\/a>\n\t\t\t<\/dt>\n<dd class='wp-caption-text gallery-caption' id='gallery-1-4430'>\n\t\t\t\tObliwan can Tobi\n\t\t\t\t<\/dd>\n<\/dl>\n<dl class='gallery-item'>\n<dt class='gallery-icon landscape'>\n\t\t\t\t<a href='https:\/\/www.f3f.ch\/wp-content\/uploads\/2018\/06\/F3F-RCN-Open-2018_007.jpg'><img loading=\"lazy\" decoding=\"async\" width=\"150\" height=\"150\" src=\"https:\/\/www.f3f.ch\/wp-content\/uploads\/2018\/06\/F3F-RCN-Open-2018_007-150x150.jpg\" class=\"attachment-thumbnail size-thumbnail\" alt=\"\" aria-describedby=\"gallery-1-4431\" \/><\/a>\n\t\t\t<\/dt>\n<dd class='wp-caption-text gallery-caption' id='gallery-1-4431'>\n\t\t\t\tJanik\n\t\t\t\t<\/dd>\n<\/dl>\n<p><br style=\"clear: both\" \/><\/p>\n<dl class='gallery-item'>\n<dt class='gallery-icon landscape'>\n\t\t\t\t<a href='https:\/\/www.f3f.ch\/wp-content\/uploads\/2018\/06\/F3F-RCN-Open-2018_008.jpg'><img loading=\"lazy\" decoding=\"async\" width=\"150\" height=\"150\" src=\"https:\/\/www.f3f.ch\/wp-content\/uploads\/2018\/06\/F3F-RCN-Open-2018_008-150x150.jpg\" class=\"attachment-thumbnail size-thumbnail\" alt=\"\" aria-describedby=\"gallery-1-4432\" \/><\/a>\n\t\t\t<\/dt>\n<dd class='wp-caption-text gallery-caption' id='gallery-1-4432'>\n\t\t\t\tRCN Open 2018\n\t\t\t\t<\/dd>\n<\/dl>\n<dl class='gallery-item'>\n<dt class='gallery-icon landscape'>\n\t\t\t\t<a href='https:\/\/www.f3f.ch\/wp-content\/uploads\/2018\/06\/F3F-RCN-Open-2018_009.jpg'><img loading=\"lazy\" decoding=\"async\" width=\"150\" height=\"150\" src=\"https:\/\/www.f3f.ch\/wp-content\/uploads\/2018\/06\/F3F-RCN-Open-2018_009-150x150.jpg\" class=\"attachment-thumbnail size-thumbnail\" alt=\"\" aria-describedby=\"gallery-1-4433\" \/><\/a>\n\t\t\t<\/dt>\n<dd class='wp-caption-text gallery-caption' id='gallery-1-4433'>\n\t\t\t\tNEO\n\t\t\t\t<\/dd>\n<\/dl>\n<dl class='gallery-item'>\n<dt class='gallery-icon landscape'>\n\t\t\t\t<a href='https:\/\/www.f3f.ch\/wp-content\/uploads\/2018\/06\/F3F-RCN-Open-2018_010.jpg'><img loading=\"lazy\" decoding=\"async\" width=\"150\" height=\"150\" src=\"https:\/\/www.f3f.ch\/wp-content\/uploads\/2018\/06\/F3F-RCN-Open-2018_010-150x150.jpg\" class=\"attachment-thumbnail size-thumbnail\" alt=\"\" aria-describedby=\"gallery-1-4434\" \/><\/a>\n\t\t\t<\/dt>\n<dd class='wp-caption-text gallery-caption' id='gallery-1-4434'>\n\t\t\t\tNEO\n\t\t\t\t<\/dd>\n<\/dl>\n<p><br style=\"clear: both\" \/><\/p>\n<dl class='gallery-item'>\n<dt class='gallery-icon landscape'>\n\t\t\t\t<a href='https:\/\/www.f3f.ch\/wp-content\/uploads\/2018\/06\/F3F-RCN-Open-2018_011.jpg'><img loading=\"lazy\" decoding=\"async\" width=\"150\" height=\"150\" src=\"https:\/\/www.f3f.ch\/wp-content\/uploads\/2018\/06\/F3F-RCN-Open-2018_011-150x150.jpg\" class=\"attachment-thumbnail size-thumbnail\" alt=\"\" aria-describedby=\"gallery-1-4435\" \/><\/a>\n\t\t\t<\/dt>\n<dd class='wp-caption-text gallery-caption' id='gallery-1-4435'>\n\t\t\t\tNEO\n\t\t\t\t<\/dd>\n<\/dl>\n<dl class='gallery-item'>\n<dt class='gallery-icon landscape'>\n\t\t\t\t<a href='https:\/\/www.f3f.ch\/wp-content\/uploads\/2018\/06\/F3F-RCN-Open-2018_012.jpg'><img loading=\"lazy\" decoding=\"async\" width=\"150\" height=\"150\" src=\"https:\/\/www.f3f.ch\/wp-content\/uploads\/2018\/06\/F3F-RCN-Open-2018_012-150x150.jpg\" class=\"attachment-thumbnail size-thumbnail\" alt=\"\" aria-describedby=\"gallery-1-4436\" \/><\/a>\n\t\t\t<\/dt>\n<dd class='wp-caption-text gallery-caption' id='gallery-1-4436'>\n\t\t\t\tMarkus MEISSNER mit seinem NEO\n\t\t\t\t<\/dd>\n<\/dl>\n<dl class='gallery-item'>\n<dt class='gallery-icon landscape'>\n\t\t\t\t<a href='https:\/\/www.f3f.ch\/wp-content\/uploads\/2018\/06\/F3F-RCN-Open-2018_013.jpg'><img loading=\"lazy\" decoding=\"async\" width=\"150\" height=\"150\" src=\"https:\/\/www.f3f.ch\/wp-content\/uploads\/2018\/06\/F3F-RCN-Open-2018_013-150x150.jpg\" class=\"attachment-thumbnail size-thumbnail\" alt=\"\" aria-describedby=\"gallery-1-4437\" \/><\/a>\n\t\t\t<\/dt>\n<dd class='wp-caption-text gallery-caption' id='gallery-1-4437'>\n\t\t\t\tau \u00e4n Maa wo Fl\u00fc\u00fcger cha schmeiss\u00e4\n\t\t\t\t<\/dd>\n<\/dl>\n<p><br style=\"clear: both\" \/><\/p>\n<dl class='gallery-item'>\n<dt class='gallery-icon landscape'>\n\t\t\t\t<a href='https:\/\/www.f3f.ch\/wp-content\/uploads\/2018\/06\/F3F-RCN-Open-2018_014.jpg'><img loading=\"lazy\" decoding=\"async\" width=\"150\" height=\"150\" src=\"https:\/\/www.f3f.ch\/wp-content\/uploads\/2018\/06\/F3F-RCN-Open-2018_014-150x150.jpg\" class=\"attachment-thumbnail size-thumbnail\" alt=\"\" aria-describedby=\"gallery-1-4438\" \/><\/a>\n\t\t\t<\/dt>\n<dd class='wp-caption-text gallery-caption' id='gallery-1-4438'>\n\t\t\t\tMartin und Peter\n\t\t\t\t<\/dd>\n<\/dl>\n<dl class='gallery-item'>\n<dt class='gallery-icon landscape'>\n\t\t\t\t<a href='https:\/\/www.f3f.ch\/wp-content\/uploads\/2018\/06\/F3F-RCN-Open-2018_015.jpg'><img loading=\"lazy\" decoding=\"async\" width=\"150\" height=\"150\" src=\"https:\/\/www.f3f.ch\/wp-content\/uploads\/2018\/06\/F3F-RCN-Open-2018_015-150x150.jpg\" class=\"attachment-thumbnail size-thumbnail\" alt=\"\" aria-describedby=\"gallery-1-4439\" \/><\/a>\n\t\t\t<\/dt>\n<dd class='wp-caption-text gallery-caption' id='gallery-1-4439'>\n\t\t\t\tSintooooo\n\t\t\t\t<\/dd>\n<\/dl>\n<dl class='gallery-item'>\n<dt class='gallery-icon landscape'>\n\t\t\t\t<a href='https:\/\/www.f3f.ch\/wp-content\/uploads\/2018\/06\/F3F-RCN-Open-2018_016.jpg'><img loading=\"lazy\" decoding=\"async\" width=\"150\" height=\"150\" src=\"https:\/\/www.f3f.ch\/wp-content\/uploads\/2018\/06\/F3F-RCN-Open-2018_016-150x150.jpg\" class=\"attachment-thumbnail size-thumbnail\" alt=\"\" aria-describedby=\"gallery-1-4440\" \/><\/a>\n\t\t\t<\/dt>\n<dd class='wp-caption-text gallery-caption' id='gallery-1-4440'>\n\t\t\t\tShinto in der Wende\n\t\t\t\t<\/dd>\n<\/dl>\n<p><br style=\"clear: both\" \/><\/p>\n<dl class='gallery-item'>\n<dt class='gallery-icon landscape'>\n\t\t\t\t<a href='https:\/\/www.f3f.ch\/wp-content\/uploads\/2018\/06\/F3F-RCN-Open-2018_017.jpg'><img loading=\"lazy\" decoding=\"async\" width=\"150\" height=\"150\" src=\"https:\/\/www.f3f.ch\/wp-content\/uploads\/2018\/06\/F3F-RCN-Open-2018_017-150x150.jpg\" class=\"attachment-thumbnail size-thumbnail\" alt=\"\" aria-describedby=\"gallery-1-4441\" \/><\/a>\n\t\t\t<\/dt>\n<dd class='wp-caption-text gallery-caption' id='gallery-1-4441'>\n\t\t\t\tPeter\n\t\t\t\t<\/dd>\n<\/dl>\n<dl class='gallery-item'>\n<dt class='gallery-icon landscape'>\n\t\t\t\t<a href='https:\/\/www.f3f.ch\/wp-content\/uploads\/2018\/06\/F3F-RCN-Open-2018_020.jpg'><img loading=\"lazy\" decoding=\"async\" width=\"150\" height=\"150\" src=\"https:\/\/www.f3f.ch\/wp-content\/uploads\/2018\/06\/F3F-RCN-Open-2018_020-150x150.jpg\" class=\"attachment-thumbnail size-thumbnail\" alt=\"\" aria-describedby=\"gallery-1-4444\" \/><\/a>\n\t\t\t<\/dt>\n<dd class='wp-caption-text gallery-caption' id='gallery-1-4444'>\n\t\t\t\tPavlovitc\n\t\t\t\t<\/dd>\n<\/dl>\n<dl class='gallery-item'>\n<dt class='gallery-icon landscape'>\n\t\t\t\t<a href='https:\/\/www.f3f.ch\/wp-content\/uploads\/2018\/06\/F3F-RCN-Open-2018_019.jpg'><img loading=\"lazy\" decoding=\"async\" width=\"150\" height=\"150\" src=\"https:\/\/www.f3f.ch\/wp-content\/uploads\/2018\/06\/F3F-RCN-Open-2018_019-150x150.jpg\" class=\"attachment-thumbnail size-thumbnail\" alt=\"\" aria-describedby=\"gallery-1-4443\" \/><\/a>\n\t\t\t<\/dt>\n<dd class='wp-caption-text gallery-caption' id='gallery-1-4443'>\n\t\t\t\tStimmung gut!\n\t\t\t\t<\/dd>\n<\/dl>\n<p><br style=\"clear: both\" \/><\/p>\n<dl class='gallery-item'>\n<dt class='gallery-icon landscape'>\n\t\t\t\t<a href='https:\/\/www.f3f.ch\/wp-content\/uploads\/2018\/06\/F3F-RCN-Open-2018_018.jpg'><img loading=\"lazy\" decoding=\"async\" width=\"150\" height=\"150\" src=\"https:\/\/www.f3f.ch\/wp-content\/uploads\/2018\/06\/F3F-RCN-Open-2018_018-150x150.jpg\" class=\"attachment-thumbnail size-thumbnail\" alt=\"\" aria-describedby=\"gallery-1-4442\" \/><\/a>\n\t\t\t<\/dt>\n<dd class='wp-caption-text gallery-caption' id='gallery-1-4442'>\n\t\t\t\tMax\n\t\t\t\t<\/dd>\n<\/dl>\n<dl class='gallery-item'>\n<dt class='gallery-icon landscape'>\n\t\t\t\t<a href='https:\/\/www.f3f.ch\/wp-content\/uploads\/2018\/06\/F3F-RCN-Open-2018_001.jpg'><img loading=\"lazy\" decoding=\"async\" width=\"150\" height=\"150\" src=\"https:\/\/www.f3f.ch\/wp-content\/uploads\/2018\/06\/F3F-RCN-Open-2018_001-150x150.jpg\" class=\"attachment-thumbnail size-thumbnail\" alt=\"\" aria-describedby=\"gallery-1-4425\" \/><\/a>\n\t\t\t<\/dt>\n<dd class='wp-caption-text gallery-caption' id='gallery-1-4425'>\n\t\t\t\tDie Sieger des F3F RCN Open 2018\n\t\t\t\t<\/dd>\n<\/dl>\n<dl class='gallery-item'>\n<dt class='gallery-icon landscape'>\n\t\t\t\t<a href='https:\/\/www.f3f.ch\/wp-content\/uploads\/2018\/06\/F3F-RCN-Open-2018_021.jpg'><img loading=\"lazy\" decoding=\"async\" width=\"150\" height=\"150\" src=\"https:\/\/www.f3f.ch\/wp-content\/uploads\/2018\/06\/F3F-RCN-Open-2018_021-150x150.jpg\" class=\"attachment-thumbnail size-thumbnail\" alt=\"\" aria-describedby=\"gallery-1-4445\" \/><\/a>\n\t\t\t<\/dt>\n<dd class='wp-caption-text gallery-caption' id='gallery-1-4445'>\n\t\t\t\tTeam F3F SWISS PILOTS 1\n\t\t\t\t<\/dd>\n<\/dl>\n<p><br style=\"clear: both\" \/><\/p>\n<dl class='gallery-item'>\n<dt class='gallery-icon landscape'>\n\t\t\t\t<a href='https:\/\/www.f3f.ch\/wp-content\/uploads\/2018\/06\/F3F-RCN-Open-2018_022.jpg'><img loading=\"lazy\" decoding=\"async\" width=\"150\" height=\"150\" src=\"https:\/\/www.f3f.ch\/wp-content\/uploads\/2018\/06\/F3F-RCN-Open-2018_022-150x150.jpg\" class=\"attachment-thumbnail size-thumbnail\" alt=\"\" aria-describedby=\"gallery-1-4446\" \/><\/a>\n\t\t\t<\/dt>\n<dd class='wp-caption-text gallery-caption' id='gallery-1-4446'>\n\t\t\t\tFreude herrscht\n\t\t\t\t<\/dd>\n<\/dl>\n<dl class='gallery-item'>\n<dt class='gallery-icon landscape'>\n\t\t\t\t<a href='https:\/\/www.f3f.ch\/wp-content\/uploads\/2018\/06\/F3F-RCN-Open-2018_023.jpg'><img loading=\"lazy\" decoding=\"async\" width=\"150\" height=\"150\" src=\"https:\/\/www.f3f.ch\/wp-content\/uploads\/2018\/06\/F3F-RCN-Open-2018_023-150x150.jpg\" class=\"attachment-thumbnail size-thumbnail\" alt=\"\" aria-describedby=\"gallery-1-4447\" \/><\/a>\n\t\t\t<\/dt>\n<dd class='wp-caption-text gallery-caption' id='gallery-1-4447'>\n\t\t\t\tDie Gruppensieger des F3F RCN Open 2018\n\t\t\t\t<\/dd>\n<\/dl>\n<p>\t\t\t<br style='clear: both' \/>\n\t\t<\/div>\n<p>Links:<br \/>\nBilder von\u00a0Aubry GABANON:<br \/>\n<a href=\"https:\/\/plus.google.com\/u\/0\/photos\/106687077817484751676\/album\/6559756095402847537?authkey=COPu4_fhrZSe7QE\" target=\"_blank\" rel=\"noopener\">Tag1<\/a><br \/>\n<a href=\"https:\/\/plus.google.com\/u\/0\/photos\/106687077817484751676\/album\/6559976338937394737?authkey=CO6L-Kqb3ovRDg\" target=\"_blank\" rel=\"noopener\">Tag2<\/a><br \/>\n<a href=\"https:\/\/plus.google.com\/u\/0\/photos\/106687077817484751676\/album\/6560304899492501841?authkey=CMSYw9_5od2UNA\" target=\"_blank\" rel=\"noopener\">Tag3<\/a><\/p>\n<p>Bilder von Thomas WINKLER:<br \/>\n<a href=\"https:\/\/photos.google.com\/share\/AF1QipM1U_rV1WBI25Urk5F6-teHf8uiWTW_PkHmX94r3YWAvFBZD2Ap-IEBK5dgbmnwUQ?key=QndJVXA0dXVPMklmTGlqX3R5MHZNRzRuSUVfa3pn\" target=\"_blank\" rel=\"noopener\">https:\/\/photos.google.com\/share\/AF1Q&#8230;ZNRzRuSUVfa3pn<\/a><\/p>\n<p>Beitr\u00e4ge auf RCN:<br \/>\n<a href=\"http:\/\/www.rc-network.de\/forum\/showthread.php\/670547-F3F-RC-Network-Open-2018-Vogesen-(FRA-GER)\" target=\"_blank\" rel=\"noopener\">http:\/\/www.rc-network.de\/forum\/showthread.php\/670547-F3F-RC-Network-Open-2018-Vogesen-(FRA-GER)<\/a><\/p>\n","protected":false},"excerpt":{"rendered":"<p>Das RC-Network Open als Teil der CONTEST Eurotour F3F und des FAI F3F World Cup erfreut die Schweizer F3F Szene mit ungeborchener Beliebtheit. 11 Schweizer Piloten waren gemeldet, somit stellten die Schweizer einen guten Viertel des Teilnehmerfeldes. Die meisten waren&hellip;<\/p>\n","protected":false},"author":1,"featured_media":4417,"comment_status":"open","ping_status":"open","sticky":false,"template":"","format":"standard","meta":{"footnotes":""},"categories":[1,17],"tags":[26,12,11,10,27],"_links":{"self":[{"href":"https:\/\/www.f3f.ch\/index.php?rest_route=\/wp\/v2\/posts\/4402"}],"collection":[{"href":"https:\/\/www.f3f.ch\/index.php?rest_route=\/wp\/v2\/posts"}],"about":[{"href":"https:\/\/www.f3f.ch\/index.php?rest_route=\/wp\/v2\/types\/post"}],"author":[{"embeddable":true,"href":"https:\/\/www.f3f.ch\/index.php?rest_route=\/wp\/v2\/users\/1"}],"replies":[{"embeddable":true,"href":"https:\/\/www.f3f.ch\/index.php?rest_route=%2Fwp%2Fv2%2Fcomments&post=4402"}],"version-history":[{"count":9,"href":"https:\/\/www.f3f.ch\/index.php?rest_route=\/wp\/v2\/posts\/4402\/revisions"}],"predecessor-version":[{"id":4449,"href":"https:\/\/www.f3f.ch\/index.php?rest_route=\/wp\/v2\/posts\/4402\/revisions\/4449"}],"wp:featuredmedia":[{"embeddable":true,"href":"https:\/\/www.f3f.ch\/index.php?rest_route=\/wp\/v2\/media\/4417"}],"wp:attachment":[{"href":"https:\/\/www.f3f.ch\/index.php?rest_route=%2Fwp%2Fv2%2Fmedia&parent=4402"}],"wp:term":[{"taxonomy":"category","embeddable":true,"href":"https:\/\/www.f3f.ch\/index.php?rest_route=%2Fwp%2Fv2%2Fcategories&post=4402"},{"taxonomy":"post_tag","embeddable":true,"href":"https:\/\/www.f3f.ch\/index.php?rest_route=%2Fwp%2Fv2%2Ftags&post=4402"}],"curies":[{"name":"wp","href":"https:\/\/api.w.org\/{rel}","templated":true}]}}