{"id":4526,"date":"2018-09-05T14:25:43","date_gmt":"2018-09-05T12:25:43","guid":{"rendered":"https:\/\/www.f3f.ch\/?p=4526"},"modified":"2018-09-05T14:25:43","modified_gmt":"2018-09-05T12:25:43","slug":"welsh-open-2018","status":"publish","type":"post","link":"https:\/\/www.f3f.ch\/?p=4526","title":{"rendered":"Welsh Open 2018"},"content":{"rendered":"<p>Ende August\/Anfang September bedeutet f\u00fcr mich seit 11 Jahren Welsh Open Zeit, so auch dieses Jahr. Anders als sonst war das Welsh Open nicht meine letzte Eurotour des Jahres sondern die Erste\u2026 Das Vertrauen in meine F3F F\u00e4higkeiten war nach der verpatzten (oder sollte ich schreiben abgeschmierten SM) nicht gerade auf dem H\u00f6chststand und die WM steht praktisch vor der T\u00fcr. So war mein allgemeiner Gem\u00fctszustand vor der Reise nach England nicht ganz so relaxed wie in den vergangenen Jahren.<\/p>\n<p>Um m\u00f6glichst viel &#8218;Airtime&#8216; zu bekommen stieg ich am Donnerstag in den ersten Swiss Flieger welcher nach Heathrow flog. Im Bauch des Airbus wurde meine mit 2 Freestyler 5 und einem Freestyler 3 gef\u00fcllte Sportube sicher (wenn auch teuer\u00a0 &#8211; Swiss hat beim Sportgep\u00e4ck aufgeschlagen \ud83d\ude41 ) transportiert. Nach Ankunft in London sofort Mietauto \u00fcbernommen und ab nach Wales. Musste ja noch einen der 5er einfliegen\u2026<\/p>\n<p>Es kam anders als geplant. Das Wetter war zwar sonnig und warm, der Wind fehlte aber mehr oder weniger komplett. Es gab etwas Alula Action aber das war&#8217;s dann auch schon. F\u00fcr den eigentlichen Wettbewerb von Freitag bis Sonntag war etwas mehr Wind aus Richtung S\u00fcd bis S\u00fcdost angesagt, so dass Hoffnung bestand einen Wettbewerb durchf\u00fchren zu k\u00f6nnen.<\/p>\n<p><strong>Tag 1 \u2013 Far end of the Crest &amp; Back of the Wrecker (El Bastardo)<\/strong><\/p>\n<p>Mit S\u00fcd- bis S\u00fcdostwind ist es so eine Sache am Welsh Open. Einerseits ist es nie konstant, d.h. der Wind ist entweder dabei von Ost auf S\u00fcd oder von S\u00fcd auf Ost zu drehen, andererseits liegen die 2 H\u00e4nge (Far end of the Crest und Back of the Wrecker) eine gute halbe Stunde Fussmarsch auseinander. So standen wir am Pilots Briefing und die Windm\u00fchlen zeigten klar auf Far end of the Crest (langer Fussmarsch) im Wissen, dass der Wind wohl w\u00e4hrend des Tages auf mehr S\u00fcd drehen wird. Der CD (Kevin Newton) entschied aber schnell, dass wir den Fussmarsch auf uns nehmen und den Kurs an der Crest aufbauen. Ca. 1h sp\u00e4ter konnte es dann losgehen \u2013 zumindest f\u00fcr die Meisten. Vic Eldridge schleppte einen Flieger (und nur einen) mit toter Batterie an den Hang und Clayton Landels Sender liess sich nach einem Software Update nicht mehr mit dem Empf\u00e4nger binden (schlechte Planung). Alan Elliot hatte das Vergn\u00fcgen das Welsh Open 2018 zu er\u00f6ffnen. Ich war als 33er an der Reihe und flog in dieser Runde (Freestyler 3) meine Beste Zeit des ganzen Wettbewerbes und auch die Beste individuelle Rundenplatzierung (2). Eine 2te Runde wurde auch noch geflogen, dann drehte der Wind definitiv zu stark nach S\u00fcd, und es begann der lange Marsch zur\u00fcck (Vic verpasste die ersten 2 Runden, war aber exakt auf das Briefing an welchem der Hangwechsel entschieden wurde mit voller Batterie zur\u00fcck). Erw\u00e4hnenswert ist noch, dass zu diesem Zeitpunkt bereits 5 Flieger das Zeitliche gesegnet hatten (1 Mal Ausfall, 4 Mal schlicht crash)\u2026<\/p>\n<p><a href=\"https:\/\/www.f3f.ch\/wp-content\/uploads\/2018\/09\/DSC02289-e1536149016680.jpg\"><img loading=\"lazy\" decoding=\"async\" class=\"size-medium wp-image-4529 alignright\" src=\"https:\/\/www.f3f.ch\/wp-content\/uploads\/2018\/09\/DSC02289-e1536149016680-200x300.jpg\" alt=\"\" width=\"200\" height=\"300\" srcset=\"https:\/\/www.f3f.ch\/wp-content\/uploads\/2018\/09\/DSC02289-e1536149016680-200x300.jpg 200w, https:\/\/www.f3f.ch\/wp-content\/uploads\/2018\/09\/DSC02289-e1536149016680-768x1152.jpg 768w, https:\/\/www.f3f.ch\/wp-content\/uploads\/2018\/09\/DSC02289-e1536149016680-683x1024.jpg 683w, https:\/\/www.f3f.ch\/wp-content\/uploads\/2018\/09\/DSC02289-e1536149016680-680x1020.jpg 680w, https:\/\/www.f3f.ch\/wp-content\/uploads\/2018\/09\/DSC02289-e1536149016680-300x450.jpg 300w, https:\/\/www.f3f.ch\/wp-content\/uploads\/2018\/09\/DSC02289-e1536149016680-940x1410.jpg 940w\" sizes=\"(max-width: 200px) 100vw, 200px\" \/><\/a><\/p>\n<p>Eine weitere Stunde sp\u00e4ter war am Back of the Wrecker dann wieder alles bereit und Allan durfte erneut ran. Die herausragenden Qualit\u00e4ten des Back of the Wrecker sind eine hohen thermische Varianz sowie 0 (Null) Aussenlandem\u00f6glichkeiten. Die 2te Qualit\u00e4t hatte zum Gl\u00fcck keinen negativen Einfluss, Erstere sorgte aber durchaus f\u00fcr Freude und Frust. Bei mir pers\u00f6nlich lag es aber nicht zwingend an der Luft (die war so so la la) sondern an der mangelnden Routine im Absch\u00e4tzen der L\u00e4nge. Diverse (3) Semi-Cuts verhinderten bessere Zeiten. Nach 2 Runden (total 4 an diesem ersten Tag) war dann Schluss (last Round in Progress 17.30). Die Bedingungen erlaubten es mir jedoch noch meinen Freestyler 5 kurz einzufliegen. Ein paar Klicks Tief, Reduktion des Seitenruderauschlags und etwas mehr Tiefe beimischen im Butterfly waren noch n\u00f6tig, dann flog das Ding ganz passabel \u2013 so passabel, dass ich mich entschloss den Freestyler am Tag 2 einzusetzen. Ach ja zu diesem Zeitpunkt war der &#8218;Body Count&#8216; auf 8 angewachsen.<\/p>\n<p><strong>Tag 2 \u2013 Back of the Wrecker<\/strong><\/p>\n<p>Long Story short, wir konnten 6 Runden fliegen und die Bedingungen waren \u2013 dank Bew\u00f6lkung \u2013 relative fair, d.h. die ganz grossen Unterschiede in der Luft blieben aus. Selber war ich relativ zufrieden mit dem was ich gezeigt habe. Zwar hatte ich noch einen Semi-Cut, aber ansonsten flog ich ganz passabel in ganz passabler Luft, sodass ich am Ende des Tages auf Rang 4 klassiert war und mit 300 Punkten R\u00fcckstand auf den Leader Joel West auch nach vorne noch etwas drin lag. Auf der Crash-Seite war es relativ ruhig an diesem Tag (1) und auch Aleix Ingles der am Vortag 3 Mal am St\u00fcck crash-te hatte keine weiteren Verluste mehr zu verzeichnen (der Shinto wurde \u00fcber Nacht wieder zusammengeflickt). Am Abend ging es dann zum bald traditionellen Curryessen und nach einem Schlummi (G&amp;T) im Railway ab ins Bett \u2013 man hat ja Ambitionen\u2026.<\/p>\n<p><a href=\"https:\/\/www.f3f.ch\/wp-content\/uploads\/2018\/09\/DSC02382.jpg\"><img loading=\"lazy\" decoding=\"async\" class=\"alignnone size-medium wp-image-4530\" src=\"https:\/\/www.f3f.ch\/wp-content\/uploads\/2018\/09\/DSC02382-300x201.jpg\" alt=\"\" width=\"300\" height=\"201\" srcset=\"https:\/\/www.f3f.ch\/wp-content\/uploads\/2018\/09\/DSC02382-300x201.jpg 300w, https:\/\/www.f3f.ch\/wp-content\/uploads\/2018\/09\/DSC02382-768x516.jpg 768w, https:\/\/www.f3f.ch\/wp-content\/uploads\/2018\/09\/DSC02382-1024x687.jpg 1024w, https:\/\/www.f3f.ch\/wp-content\/uploads\/2018\/09\/DSC02382-680x456.jpg 680w, https:\/\/www.f3f.ch\/wp-content\/uploads\/2018\/09\/DSC02382-940x631.jpg 940w\" sizes=\"(max-width: 300px) 100vw, 300px\" \/><\/a><a href=\"https:\/\/www.f3f.ch\/wp-content\/uploads\/2018\/09\/DSC02433.jpg\"><img loading=\"lazy\" decoding=\"async\" class=\"size-medium wp-image-4531 alignright\" src=\"https:\/\/www.f3f.ch\/wp-content\/uploads\/2018\/09\/DSC02433-300x200.jpg\" alt=\"\" width=\"300\" height=\"200\" srcset=\"https:\/\/www.f3f.ch\/wp-content\/uploads\/2018\/09\/DSC02433-300x200.jpg 300w, https:\/\/www.f3f.ch\/wp-content\/uploads\/2018\/09\/DSC02433-768x512.jpg 768w, https:\/\/www.f3f.ch\/wp-content\/uploads\/2018\/09\/DSC02433-1024x683.jpg 1024w, https:\/\/www.f3f.ch\/wp-content\/uploads\/2018\/09\/DSC02433-680x453.jpg 680w, https:\/\/www.f3f.ch\/wp-content\/uploads\/2018\/09\/DSC02433-940x627.jpg 940w\" sizes=\"(max-width: 300px) 100vw, 300px\" \/><\/a><\/p>\n<p><strong>Tag 3 \u2013 Back of the Wrecker\u2026.. again<\/strong><\/p>\n<p>3er Tag,3er Flieger im Einsatz. Ich weiss, dies ist eigentlich nicht das was im Buch &#8218;Erfolgreich F3F fliegen&#8216; steht, aber ich wollte an diesem Wettbewerb 3 der 4 Modelle testen welche ich nach R\u00fcgen mitnehmen will. Ich habe es mir auch an allen 3 Tagen verkniffen irgendwelche Abschw\u00fcnge zu fliegen, obwohl diese gerade am Back of the Wrecker bei den herrschenden Bedingungen (ca. 7 \u2013 9 m\/Sek) durchaus eine gute Alternative sind (e.g. Joel, Peter Gunning und teilweise John Philipps).<\/p>\n<p>An diesem 4ten Tag zeigte sich der Hang von seiner schlimmsten Seite. Unterschiede von bis zu 20 Sekunden zwischen der Besten und der schlechtesten (oder der schlechtesten Zeit eines guten Piloten) waren eher die Normalit\u00e4t als die Ausnahme. Auch das Fliegen einer durchschnittlichen Zeit wurde in allen 4 Sonntagsrunden mit einem Abstand von mindestens 10 Sekunden &#8218;honoriert&#8216;.<\/p>\n<p>Gewonnen hat am Schluss Joel West vor Mark Treble und John Philipps. Die Teamwertung ging \u2013 mit relativ grossem Abstand \u2013 an Mickey&#8217;s Massive (West\/Gunning\/Bertschi), so dass ich eine weitere Miner&#8217;s Lamp meiner Sammlung hinzuf\u00fcgen konnte. Fastest Time of the Comp hatte Steward Wallace, notabene mit meinem alten Radical Pro (d.h. mit dem Radical Pro welchen ich vor weiss nicht mehr wievielen Jahren von Res geposchtet hatte \u2013 h\u00e4tte das Ding wohl besser nicht verkauft \ud83d\ude42 )<\/p>\n<p><a href=\"https:\/\/www.f3f.ch\/wp-content\/uploads\/2018\/09\/DSC02716-e1536149065670.jpg\"><img loading=\"lazy\" decoding=\"async\" class=\"alignnone size-medium wp-image-4532\" src=\"https:\/\/www.f3f.ch\/wp-content\/uploads\/2018\/09\/DSC02716-e1536149065670-200x300.jpg\" alt=\"\" width=\"200\" height=\"300\" srcset=\"https:\/\/www.f3f.ch\/wp-content\/uploads\/2018\/09\/DSC02716-e1536149065670-200x300.jpg 200w, https:\/\/www.f3f.ch\/wp-content\/uploads\/2018\/09\/DSC02716-e1536149065670-768x1152.jpg 768w, https:\/\/www.f3f.ch\/wp-content\/uploads\/2018\/09\/DSC02716-e1536149065670-683x1024.jpg 683w, https:\/\/www.f3f.ch\/wp-content\/uploads\/2018\/09\/DSC02716-e1536149065670-680x1020.jpg 680w, https:\/\/www.f3f.ch\/wp-content\/uploads\/2018\/09\/DSC02716-e1536149065670-300x450.jpg 300w, https:\/\/www.f3f.ch\/wp-content\/uploads\/2018\/09\/DSC02716-e1536149065670-940x1410.jpg 940w\" sizes=\"(max-width: 200px) 100vw, 200px\" \/><\/a><a href=\"https:\/\/www.f3f.ch\/wp-content\/uploads\/2018\/09\/20180902_222916.jpg\"><img loading=\"lazy\" decoding=\"async\" class=\"size-medium wp-image-4533 alignright\" src=\"https:\/\/www.f3f.ch\/wp-content\/uploads\/2018\/09\/20180902_222916-300x231.jpg\" alt=\"\" width=\"300\" height=\"231\" srcset=\"https:\/\/www.f3f.ch\/wp-content\/uploads\/2018\/09\/20180902_222916-300x231.jpg 300w, https:\/\/www.f3f.ch\/wp-content\/uploads\/2018\/09\/20180902_222916-768x591.jpg 768w, https:\/\/www.f3f.ch\/wp-content\/uploads\/2018\/09\/20180902_222916-1024x788.jpg 1024w, https:\/\/www.f3f.ch\/wp-content\/uploads\/2018\/09\/20180902_222916-680x523.jpg 680w, https:\/\/www.f3f.ch\/wp-content\/uploads\/2018\/09\/20180902_222916-940x723.jpg 940w\" sizes=\"(max-width: 300px) 100vw, 300px\" \/><\/a><\/p>\n<p>Die meistgeflogenen Flieger waren irgendwelche Freestyler und Pitbull Nummern. Der Shinto scheint schon wieder zu verschwinden (2). Ansonsten praktisch die ganze Baudis Palette (Ceres, Jedi, Fosa) ein oder 2 Striborg, Radical Jazz, Device, Quantum (zum ersten Mal so einen gesehen), Toxic, Matrix und sogar noch ein paar alte Needle 124.<\/p>\n<p>Sometime you win, sometime you loose. Ich flog \u2013 meine eigene Meinung \u2013 wirklich gut an diesem Sonntag. Keine Cuts, aber trotzdem relativ kurz, keine wilden Man\u00f6ver zwischen den Wenden, ein ganz passabler Kurvenstil und ev. etwas zu schwer. Es war aber einfach nichts in der Luft was eine ansprechende Zeit erm\u00f6glicht h\u00e4tte. So viel ich in der Endabrechnung auf Rang 7 zur\u00fcck, was schade ist aber keinen Einfluss darauf hat, dass ich einerseits ein wirklich cooles Wochenende bei den Kollegen in UK hatte und andererseits mein Vertrauen in meine F3F K\u00fcnste (siehe SM) wieder zur\u00fcckgewinnen konnte.<\/p>\n<p>&nbsp;<\/p>\n<p>Alle Fotos in diesem Bericht bei Daniel Schneider geklaut \ud83d\ude42<\/p>\n<p>S\u00e4mtliche seine Fotos sind unter diesem <a href=\"https:\/\/photos.app.goo.gl\/VxqJZHDdeLsHfZQK7\">Link<\/a> ersichtlich<\/p>\n<p>Die Fotos von Mike Shellim <a href=\"https:\/\/rc-soar.smugmug.com\/F3F\/2018\/Welsh-Open\/\">hier<\/a><\/p>\n<p>Alle Resultate auf <a href=\"http:\/\/f3xvault.com\/?action=event&amp;function=event_view&amp;event_id=1351\">F3XVault<\/a><\/p>\n<p>&nbsp;<\/p>\n","protected":false},"excerpt":{"rendered":"<p>Ende August\/Anfang September bedeutet f\u00fcr mich seit 11 Jahren Welsh Open Zeit, so auch dieses Jahr. Anders als sonst war das Welsh Open nicht meine letzte Eurotour des Jahres sondern die Erste\u2026 Das Vertrauen in meine F3F F\u00e4higkeiten war nach&hellip;<\/p>\n","protected":false},"author":2,"featured_media":4531,"comment_status":"open","ping_status":"open","sticky":false,"template":"","format":"standard","meta":{"footnotes":""},"categories":[1,17],"tags":[],"_links":{"self":[{"href":"https:\/\/www.f3f.ch\/index.php?rest_route=\/wp\/v2\/posts\/4526"}],"collection":[{"href":"https:\/\/www.f3f.ch\/index.php?rest_route=\/wp\/v2\/posts"}],"about":[{"href":"https:\/\/www.f3f.ch\/index.php?rest_route=\/wp\/v2\/types\/post"}],"author":[{"embeddable":true,"href":"https:\/\/www.f3f.ch\/index.php?rest_route=\/wp\/v2\/users\/2"}],"replies":[{"embeddable":true,"href":"https:\/\/www.f3f.ch\/index.php?rest_route=%2Fwp%2Fv2%2Fcomments&post=4526"}],"version-history":[{"count":12,"href":"https:\/\/www.f3f.ch\/index.php?rest_route=\/wp\/v2\/posts\/4526\/revisions"}],"predecessor-version":[{"id":4543,"href":"https:\/\/www.f3f.ch\/index.php?rest_route=\/wp\/v2\/posts\/4526\/revisions\/4543"}],"wp:featuredmedia":[{"embeddable":true,"href":"https:\/\/www.f3f.ch\/index.php?rest_route=\/wp\/v2\/media\/4531"}],"wp:attachment":[{"href":"https:\/\/www.f3f.ch\/index.php?rest_route=%2Fwp%2Fv2%2Fmedia&parent=4526"}],"wp:term":[{"taxonomy":"category","embeddable":true,"href":"https:\/\/www.f3f.ch\/index.php?rest_route=%2Fwp%2Fv2%2Fcategories&post=4526"},{"taxonomy":"post_tag","embeddable":true,"href":"https:\/\/www.f3f.ch\/index.php?rest_route=%2Fwp%2Fv2%2Ftags&post=4526"}],"curies":[{"name":"wp","href":"https:\/\/api.w.org\/{rel}","templated":true}]}}