{"id":464,"date":"2013-07-19T15:12:02","date_gmt":"2013-07-19T13:12:02","guid":{"rendered":"http:\/\/www.f3f.ch\/?p=464"},"modified":"2013-07-19T15:28:23","modified_gmt":"2013-07-19T13:28:23","slug":"einladung-grundungsversammlung-f3f-swiss","status":"publish","type":"post","link":"https:\/\/www.f3f.ch\/?p=464","title":{"rendered":"Einladung Gr\u00fcndungsversammlung F3F SWISS"},"content":{"rendered":"<p><strong><span style=\"color: #000000; font-family: Calibri;\">\u00a0<\/span><\/strong><\/p>\n<p align=\"center\"><span style=\"color: #ffffff;\"><strong><span style=\"font-family: Calibri;\">Einladung<\/span><\/strong><\/span><\/p>\n<p align=\"center\"><span style=\"color: #ffffff;\"><strong><span style=\"font-family: Calibri;\">Gr\u00fcndungsversammlung des Vereins F3F SWISS<\/span><\/strong><\/span><\/p>\n<p><span style=\"color: #ffffff;\"><strong><span style=\"font-family: Calibri;\">Grund:\u00a0 \u00a0\u00a0\u00a0\u00a0\u00a0\u00a0\u00a0\u00a0\u00a0\u00a0\u00a0\u00a0\u00a0\u00a0\u00a0\u00a0\u00a0\u00a0\u00a0\u00a0\u00a0\u00a0\u00a0\u00a0\u00a0\u00a0\u00a0\u00a0\u00a0\u00a0\u00a0\u00a0\u00a0 Vereinsgr\u00fcndung zur F\u00f6rderung des Modellflugsportes insbesondere der Wettbewerbsklasse F3F<\/span><\/strong><\/span><\/p>\n<p><span style=\"color: #ffffff;\"><strong><span style=\"font-family: Calibri;\">Sitzungsort: \u00a0\u00a0\u00a0\u00a0\u00a0\u00a0\u00a0\u00a0\u00a0\u00a0\u00a0\u00a0\u00a0\u00a0\u00a0\u00a0\u00a0\u00a0\u00a0\u00a0\u00a0\u00a0\u00a0\u00a0\u00a0 ab 19:00 Uhr im S\u00e4\u00e4li Rest. is\u00e4b\u00e4ndli, Rossengasse 1, Olten<\/span><\/strong><\/span><\/p>\n<p><span style=\"color: #ffffff;\"><strong><span style=\"font-family: Calibri;\">Sitzungsbeginn:\u00a0 \u00a0\u00a0\u00a0\u00a0\u00a0\u00a0\u00a0\u00a0\u00a0\u00a0\u00a0\u00a0\u00a0\u00a0\u00a0\u00a0\u00a0 31. Juli 2013, sp\u00e4testens 19:30 Uhr<\/span><\/strong><\/span><\/p>\n<p><span style=\"color: #ffffff;\"><strong><span style=\"font-family: Calibri;\">Traktanden:\u00a0\u00a0\u00a0\u00a0\u00a0\u00a0\u00a0\u00a0\u00a0\u00a0\u00a0\u00a0\u00a0\u00a0\u00a0\u00a0\u00a0\u00a0\u00a0\u00a0\u00a0\u00a0\u00a0\u00a0\u00a0 gem\u00e4ss separater Traktandenliste<\/span><\/strong><\/span><\/p>\n<h6><span style=\"color: #c0c0c0;\"><span style=\"font-family: Calibri;\">Gesch\u00e4tzte Aktive, Sympathisanten, Interessierte und G\u00f6nner des Modellflugsports. Ich darf euch herzlich einladen zur Gr\u00fcndungsversammlung eines Vereins zur F\u00f6rderung des Modellflugsportes insbesondere der Wettbewerbsklasse F3F.<\/span><\/span><\/h6>\n<h6><span style=\"color: #c0c0c0;\"><span style=\"font-family: Calibri;\">Stefan BERTSCHI hatte im Jahre 2009 \u00f6ffentlich in einem Internetforum aktiv sich bem\u00fcht F3F in der Schweiz etwas Leben einzuhauchen. Im Januar 2010 Schliesslich fanden sich eine Handvoll Interessierte im Bahnhofbuffet Olten zusammen um die M\u00f6glichkeiten f\u00fcr F3F in der Schweiz zu diskutieren. In der Westschweiz war damals insbesondere Reto BLUMER an F3F Wettbewerben aktiv, vorzugsweise im Nachbarland Frankreich. In Folge wurde im Jahre 2010 die erste F3F SM durchgef\u00fchrt. Reto initiierte im Jahre 2011 den F3F SWISS CUP unterhielt einen sehr interessanten BLOG rund um F3F. Im Tessin fanden sich aktive um Gianfranco GAVALLI welche ebenfalls aktiv f\u00fcr den F3F SWISS CUP sich einsetzten. Im Jahre 2012 konnte schliesslich ein F3F SWISS TEAM (Bertschi, Blumer, Kopp) sich an der ersten F3F WM auf R\u00fcgen mit der Weltelite messen. Viele Aktivit\u00e4ten von Einzelpersonen und kleinen Gruppen rund um F3F sind entstanden.<\/span><\/span><\/h6>\n<h6><span style=\"color: #c0c0c0;\"><span style=\"font-family: Calibri;\">Ein F3F Verein soll nun diese positiven Aktivit\u00e4ten m\u00f6glichst sammeln und allen Interessierten zur Verf\u00fcgung stellen. Dar\u00fcber hinaus soll das aktuelle F3F SWISS TEAM unterst\u00fctzt werden und \u00fcber die Website <\/span><a href=\"http:\/\/www.f3f.ch\/\"><span style=\"color: #c0c0c0; text-decoration: underline;\"><span style=\"color: #0000ff; font-family: Calibri; text-decoration: underline;\">www.f3f.ch<\/span><\/span><\/a><span style=\"font-family: Calibri;\"> eine Plattform f\u00fcr Pr\u00e4sentation und Information rund um die Schweizer F3F Szene bereitstehen. Der Entwurf f\u00fcr Vision und Leitbild sowie der Statuten findest du auf <\/span><a href=\"http:\/\/www.f3f.ch\/\"><span style=\"color: #c0c0c0; text-decoration: underline;\"><span style=\"color: #0000ff; font-family: Calibri; text-decoration: underline;\">www.f3f.ch<\/span><\/span><\/a><span style=\"font-family: Calibri;\"> unter <\/span><a href=\"http:\/\/www.f3f.ch\/?page_id=97\"><span style=\"color: #c0c0c0; text-decoration: underline;\"><span style=\"color: #0000ff; font-family: Calibri; text-decoration: underline;\">http:\/\/www.f3f.ch\/?page_id=97<\/span><\/span><\/a><span style=\"font-family: Calibri;\"> und <\/span><a href=\"http:\/\/www.f3f.ch\/?page_id=98\"><span style=\"color: #c0c0c0; text-decoration: underline;\"><span style=\"color: #0000ff; font-family: Calibri; text-decoration: underline;\">http:\/\/www.f3f.ch\/?page_id=98<\/span><\/span><\/a><\/span><\/h6>\n<h6><span style=\"color: #c0c0c0;\"><span style=\"font-family: Calibri;\">M\u00f6chtest auch du dass F3F in der Schweiz eine aktive Modellflugsportsparte bleibt?<\/span><\/span><\/h6>\n<h6><span style=\"color: #c0c0c0;\"><span style=\"font-family: Calibri;\"><span style=\"color: #ff0000;\"><strong>Mache mit und sei dabei!<\/strong><\/span> Am 31.7 an der Gr\u00fcndungsversammlung. Falls du verhindert bist aber trotzdem Mitglied oder G\u00f6nner des Vereins sein m\u00f6chtest melde dich per E-Mail an <\/span><a href=\"mailto:member@f3f.ch\"><span style=\"color: #c0c0c0; text-decoration: underline;\"><span style=\"color: #0000ff; font-family: Calibri; text-decoration: underline;\">member@f3f.ch<\/span><\/span><\/a><\/span><\/h6>\n<h6><span style=\"color: #c0c0c0; font-family: Calibri;\">15.7.2013\u00a0\u00a0\u00a0\u00a0\u00a0\u00a0\u00a0\u00a0\u00a0\u00a0\u00a0\u00a0\u00a0\u00a0\u00a0\u00a0\u00a0\u00a0\u00a0\u00a0\u00a0\u00a0\u00a0\u00a0\u00a0\u00a0\u00a0\u00a0\u00a0\u00a0\u00a0\u00a0\u00a0\u00a0\u00a0\u00a0\u00a0\u00a0\u00a0\u00a0\u00a0\u00a0\u00a0\u00a0\u00a0\u00a0\u00a0\u00a0\u00a0\u00a0\u00a0\u00a0\u00a0\u00a0\u00a0\u00a0\u00a0\u00a0\u00a0\u00a0\u00a0\u00a0\u00a0\u00a0\u00a0\u00a0\u00a0\u00a0\u00a0\u00a0\u00a0\u00a0\u00a0\u00a0\u00a0\u00a0\u00a0\u00a0\u00a0\u00a0\u00a0\u00a0\u00a0\u00a0\u00a0\u00a0\u00a0\u00a0\u00a0 Initiator, Martin Ulrich<\/span><\/h6>\n","protected":false},"excerpt":{"rendered":"<p>\u00a0 Einladung Gr\u00fcndungsversammlung des Vereins F3F SWISS Grund:\u00a0 \u00a0\u00a0\u00a0\u00a0\u00a0\u00a0\u00a0\u00a0\u00a0\u00a0\u00a0\u00a0\u00a0\u00a0\u00a0\u00a0\u00a0\u00a0\u00a0\u00a0\u00a0\u00a0\u00a0\u00a0\u00a0\u00a0\u00a0\u00a0\u00a0\u00a0\u00a0\u00a0\u00a0 Vereinsgr\u00fcndung zur F\u00f6rderung des Modellflugsportes insbesondere der Wettbewerbsklasse F3F Sitzungsort: \u00a0\u00a0\u00a0\u00a0\u00a0\u00a0\u00a0\u00a0\u00a0\u00a0\u00a0\u00a0\u00a0\u00a0\u00a0\u00a0\u00a0\u00a0\u00a0\u00a0\u00a0\u00a0\u00a0\u00a0\u00a0 ab 19:00 Uhr im S\u00e4\u00e4li Rest. is\u00e4b\u00e4ndli, Rossengasse 1, Olten Sitzungsbeginn:\u00a0 \u00a0\u00a0\u00a0\u00a0\u00a0\u00a0\u00a0\u00a0\u00a0\u00a0\u00a0\u00a0\u00a0\u00a0\u00a0\u00a0\u00a0 31. Juli 2013, sp\u00e4testens 19:30 Uhr Traktanden:\u00a0\u00a0\u00a0\u00a0\u00a0\u00a0\u00a0\u00a0\u00a0\u00a0\u00a0\u00a0\u00a0\u00a0\u00a0\u00a0\u00a0\u00a0\u00a0\u00a0\u00a0\u00a0\u00a0\u00a0\u00a0 gem\u00e4ss&hellip;<\/p>\n","protected":false},"author":1,"featured_media":138,"comment_status":"open","ping_status":"open","sticky":false,"template":"","format":"standard","meta":{"footnotes":""},"categories":[1],"tags":[],"_links":{"self":[{"href":"https:\/\/www.f3f.ch\/index.php?rest_route=\/wp\/v2\/posts\/464"}],"collection":[{"href":"https:\/\/www.f3f.ch\/index.php?rest_route=\/wp\/v2\/posts"}],"about":[{"href":"https:\/\/www.f3f.ch\/index.php?rest_route=\/wp\/v2\/types\/post"}],"author":[{"embeddable":true,"href":"https:\/\/www.f3f.ch\/index.php?rest_route=\/wp\/v2\/users\/1"}],"replies":[{"embeddable":true,"href":"https:\/\/www.f3f.ch\/index.php?rest_route=%2Fwp%2Fv2%2Fcomments&post=464"}],"version-history":[{"count":6,"href":"https:\/\/www.f3f.ch\/index.php?rest_route=\/wp\/v2\/posts\/464\/revisions"}],"predecessor-version":[{"id":470,"href":"https:\/\/www.f3f.ch\/index.php?rest_route=\/wp\/v2\/posts\/464\/revisions\/470"}],"wp:featuredmedia":[{"embeddable":true,"href":"https:\/\/www.f3f.ch\/index.php?rest_route=\/wp\/v2\/media\/138"}],"wp:attachment":[{"href":"https:\/\/www.f3f.ch\/index.php?rest_route=%2Fwp%2Fv2%2Fmedia&parent=464"}],"wp:term":[{"taxonomy":"category","embeddable":true,"href":"https:\/\/www.f3f.ch\/index.php?rest_route=%2Fwp%2Fv2%2Fcategories&post=464"},{"taxonomy":"post_tag","embeddable":true,"href":"https:\/\/www.f3f.ch\/index.php?rest_route=%2Fwp%2Fv2%2Ftags&post=464"}],"curies":[{"name":"wp","href":"https:\/\/api.w.org\/{rel}","templated":true}]}}