{"id":4703,"date":"2019-05-21T14:49:36","date_gmt":"2019-05-21T12:49:36","guid":{"rendered":"https:\/\/www.f3f.ch\/?p=4703"},"modified":"2019-05-21T14:49:36","modified_gmt":"2019-05-21T12:49:36","slug":"f3f-rc-network-open-2019-vogesen-france","status":"publish","type":"post","link":"https:\/\/www.f3f.ch\/?p=4703","title":{"rendered":"F3F RC-Network Open 2019, Vogesen France"},"content":{"rendered":"<p>Wie jedes Jahr luden Tobias Reik und Jacky Kugler zum RC-Network Open in den Vogesen ein. Dass sowohl diese Disziplin wie auch dieser Wettbewerb sehr beliebt sind beweist sich jedes Jahr aufs Neue. Auch dieses Jahr war die Startliste innert Minuten voll und viele sahen sich bereits auf der Warteliste. Dank einigen Absagen konnte zumindest Georg Roth von den F3F Swiss Pilots nachr\u00fccken, und so war unsere Cummunity mit 12 Pilots vertreten und es konnten 4 3er Teams gemeldet werden.<\/p>\n<div id=\"attachment_4706\" style=\"width: 690px\" class=\"wp-caption aligncenter\"><a href=\"https:\/\/www.f3f.ch\/wp-content\/uploads\/2019\/05\/rcn2019-1.jpg\"><img loading=\"lazy\" decoding=\"async\" aria-describedby=\"caption-attachment-4706\" class=\"size-large wp-image-4706\" src=\"https:\/\/www.f3f.ch\/wp-content\/uploads\/2019\/05\/rcn2019-1-1024x498.jpg\" alt=\"\" width=\"680\" height=\"331\" srcset=\"https:\/\/www.f3f.ch\/wp-content\/uploads\/2019\/05\/rcn2019-1.jpg 1024w, https:\/\/www.f3f.ch\/wp-content\/uploads\/2019\/05\/rcn2019-1-300x146.jpg 300w, https:\/\/www.f3f.ch\/wp-content\/uploads\/2019\/05\/rcn2019-1-768x374.jpg 768w, https:\/\/www.f3f.ch\/wp-content\/uploads\/2019\/05\/rcn2019-1-680x331.jpg 680w, https:\/\/www.f3f.ch\/wp-content\/uploads\/2019\/05\/rcn2019-1-940x457.jpg 940w\" sizes=\"(max-width: 680px) 100vw, 680px\" \/><\/a><\/p>\n<p id=\"caption-attachment-4706\" class=\"wp-caption-text\">Trainingstag<\/p>\n<\/div>\n<p>Einige reisten bereits am Donnerstagnachmittag an, um beim Batteriekopf bei herrlichem Nord-Nordostwind ihre K\u00fcnste und Einstellungen zu verbessern und zu verfeinern. Dank dem grossen Andrang hatte man aber auch gen\u00fcgend Zeit zum fachsimplen, den anderen bei ihren Flugk\u00fcnsten zuzuschauen, oder man legte sich einfach hin um sich vor dem Wettbewerb noch etwas zu entspannen. Am Abend trafen wir uns bei dem neu ausgew\u00e4hlten Auberge du Lac, wo wir ein ausgezeichnetes Nachtessen und ein paar Bierchen geniessen durften. Die Stimmung war sehr gesellig und lustig, mussten wir uns doch am anderen Tag erst um 09.00 Uhr beim Parkplatz vom Schweissel treffen. Im Vergleich zu einem F3B-Wettbewerb ist dies sehr angenehm.<\/p>\n<div id=\"attachment_4711\" style=\"width: 690px\" class=\"wp-caption aligncenter\"><a href=\"https:\/\/www.f3f.ch\/wp-content\/uploads\/2019\/05\/rcn2019-6.jpg\"><img loading=\"lazy\" decoding=\"async\" aria-describedby=\"caption-attachment-4711\" class=\"size-large wp-image-4711\" src=\"https:\/\/www.f3f.ch\/wp-content\/uploads\/2019\/05\/rcn2019-6-1024x685.jpg\" alt=\"\" width=\"680\" height=\"455\" srcset=\"https:\/\/www.f3f.ch\/wp-content\/uploads\/2019\/05\/rcn2019-6.jpg 1024w, https:\/\/www.f3f.ch\/wp-content\/uploads\/2019\/05\/rcn2019-6-300x201.jpg 300w, https:\/\/www.f3f.ch\/wp-content\/uploads\/2019\/05\/rcn2019-6-768x514.jpg 768w, https:\/\/www.f3f.ch\/wp-content\/uploads\/2019\/05\/rcn2019-6-680x455.jpg 680w, https:\/\/www.f3f.ch\/wp-content\/uploads\/2019\/05\/rcn2019-6-940x629.jpg 940w\" sizes=\"(max-width: 680px) 100vw, 680px\" \/><\/a><\/p>\n<p id=\"caption-attachment-4711\" class=\"wp-caption-text\">Contest Director Jacky Kugler<\/p>\n<\/div>\n<p>Fast auf die Minute genau wurden wir von Tobi und Jacky begr\u00fcsst, wobei nach dem Briefing zus\u00e4tzlich die franz\u00f6sischen Drohnenregeln (darunter fallen auch unsere F3F-Ger\u00e4te) Punkt f\u00fcr Punkt vorgelesen werden mussten. Die Wettbewerbsteilnehmer sind aus Tschechien, Frankreich, Deutschland, Holland, England und der Schweiz angereist, wobei die Deutschen und die Schweizer mehr als die H\u00e4lfte des Starterfelds ausmachten. Anschliessend bewegten sich alle Piloten plus Helfer und Material auf den Schweissel, wo anfangs mangelnd Winds Trimmfl\u00fcge gemacht werden konnten. Erst nachdem der Wind etwas auffrischte und konstanter die 3 m\/s Marke knackte wurde der Wettbewerb gestartet. Zu Beginn der ersten Runde waren die Windverh\u00e4ltnisse eher am unteren Limit, was bei einigen Piloten leider zu ein paar l\u00e4ngeren und ungeliebten Fl\u00fcgen gef\u00fchrt hat. Ab der Mitte des ersten Durchgangs verbesserten sich die Verh\u00e4ltnisse jedoch zusehends, sodass doch noch ein paar anst\u00e4ndige Zeiten geflogen werden konnten. Radovan Plch konnte schlussendlich mit einer 43er Zeit den 1000er f\u00fcr sich verbuchen. Sp\u00e4ter wurde es leicht feucht und es mussten wegen dem Regen ein paar Unterbr\u00fcche eingelegt werden. Ab dem dritten Durchgang verbesserte sich die Situation zusehends. Der Wind nahm zu (bis zu 14 m\/s) und der Regen hatte sich verabschiedet und auch die Bedingungen wurden f\u00fcr alle homogener. So haben wir das gerne. Und so wurde einstimmig entschieden, dass noch eine Runde nach 17.00 Uhr gestartet werden sollte, um immerhin 4 Runden ins Trockene zu bringen. Denn die Wetterprognosen f\u00fcr die folgenden Tage waren nicht allzu vielversprechend. Am Abend waren somit 4 Runden aufgef\u00fchrt &#8211; wer h\u00e4tte dies am Morgen gedacht &#8211; und die Punkte-Abst\u00e4nde waren bis weit hinten auf der Rangliste relativ klein. Vieles war somit noch offen und m\u00f6glich in den folgenden Tagen.<\/p>\n<div id=\"attachment_4708\" style=\"width: 690px\" class=\"wp-caption aligncenter\"><a href=\"https:\/\/www.f3f.ch\/wp-content\/uploads\/2019\/05\/rcn2019-3.jpg\"><img loading=\"lazy\" decoding=\"async\" aria-describedby=\"caption-attachment-4708\" class=\"size-large wp-image-4708\" src=\"https:\/\/www.f3f.ch\/wp-content\/uploads\/2019\/05\/rcn2019-3-1024x683.jpg\" alt=\"\" width=\"680\" height=\"454\" srcset=\"https:\/\/www.f3f.ch\/wp-content\/uploads\/2019\/05\/rcn2019-3.jpg 1024w, https:\/\/www.f3f.ch\/wp-content\/uploads\/2019\/05\/rcn2019-3-300x200.jpg 300w, https:\/\/www.f3f.ch\/wp-content\/uploads\/2019\/05\/rcn2019-3-768x512.jpg 768w, https:\/\/www.f3f.ch\/wp-content\/uploads\/2019\/05\/rcn2019-3-680x454.jpg 680w, https:\/\/www.f3f.ch\/wp-content\/uploads\/2019\/05\/rcn2019-3-940x627.jpg 940w\" sizes=\"(max-width: 680px) 100vw, 680px\" \/><\/a><\/p>\n<p id=\"caption-attachment-4708\" class=\"wp-caption-text\">Piotr wieder Mal beim optimieren seiner Einstellungen?<\/p>\n<\/div>\n<div id=\"attachment_4710\" style=\"width: 690px\" class=\"wp-caption aligncenter\"><a href=\"https:\/\/www.f3f.ch\/wp-content\/uploads\/2019\/05\/rcn2019-5.jpg\"><img loading=\"lazy\" decoding=\"async\" aria-describedby=\"caption-attachment-4710\" class=\"size-large wp-image-4710\" src=\"https:\/\/www.f3f.ch\/wp-content\/uploads\/2019\/05\/rcn2019-5-1024x737.jpg\" alt=\"\" width=\"680\" height=\"489\" srcset=\"https:\/\/www.f3f.ch\/wp-content\/uploads\/2019\/05\/rcn2019-5.jpg 1024w, https:\/\/www.f3f.ch\/wp-content\/uploads\/2019\/05\/rcn2019-5-300x216.jpg 300w, https:\/\/www.f3f.ch\/wp-content\/uploads\/2019\/05\/rcn2019-5-768x553.jpg 768w, https:\/\/www.f3f.ch\/wp-content\/uploads\/2019\/05\/rcn2019-5-680x489.jpg 680w, https:\/\/www.f3f.ch\/wp-content\/uploads\/2019\/05\/rcn2019-5-940x677.jpg 940w\" sizes=\"(max-width: 680px) 100vw, 680px\" \/><\/a><\/p>\n<p id=\"caption-attachment-4710\" class=\"wp-caption-text\">Martins legend\u00e4rer Powerlaunch<\/p>\n<\/div>\n<p>Am Samstagmorgen trafen wir uns beim Batteriekopf, wo uns der Wind mit immerhin plus minus 4 &#8211; 5 m\/s um die Ohren blies. Alpintypisch waren auch hier wieder die thermischen Verh\u00e4ltnisse ein auf und ab, und so gab es in jeder Runde Gewinner und Verlierer, und die Rangliste wurde nach jedem Durchgang erneut kr\u00e4ftig durchgesch\u00fcttelt. Da der auf den Mittag versprochene Regen ausblieb, konnten auch an diesem Tag wieder vier Durchg\u00e4nge geflogen werden. Ein f\u00fcnfter Durchgang wurde zwar angefangen, musste aber wegen dem einschlafenden Wind abgebrochen werden. Dies zum Leid von Martin Kopp, weil er mit seiner 56er Zeit sicher viele Punkte f\u00fcr sich h\u00e4tte verbuchen k\u00f6nnen, aber sicher zur Freude von Steff von Ah, der mit seinen 103 Sekunden sicherlich f\u00fcr einen Negativrekord gesorgt h\u00e4tte. Am Abend traf man sich dann wie gewohnt zum Bankett im Steinwasen, wo wir wie \u00fcblich mit els\u00e4ssischen Spezialit\u00e4ten verw\u00f6hnt wurden und um die F3F-Community weiter zu verst\u00e4rken.<\/p>\n<div id=\"attachment_4707\" style=\"width: 690px\" class=\"wp-caption aligncenter\"><a href=\"https:\/\/www.f3f.ch\/wp-content\/uploads\/2019\/05\/rcn2019-2.jpg\"><img loading=\"lazy\" decoding=\"async\" aria-describedby=\"caption-attachment-4707\" class=\"size-large wp-image-4707\" src=\"https:\/\/www.f3f.ch\/wp-content\/uploads\/2019\/05\/rcn2019-2-1024x683.jpg\" alt=\"\" width=\"680\" height=\"454\" srcset=\"https:\/\/www.f3f.ch\/wp-content\/uploads\/2019\/05\/rcn2019-2.jpg 1024w, https:\/\/www.f3f.ch\/wp-content\/uploads\/2019\/05\/rcn2019-2-300x200.jpg 300w, https:\/\/www.f3f.ch\/wp-content\/uploads\/2019\/05\/rcn2019-2-768x512.jpg 768w, https:\/\/www.f3f.ch\/wp-content\/uploads\/2019\/05\/rcn2019-2-680x454.jpg 680w, https:\/\/www.f3f.ch\/wp-content\/uploads\/2019\/05\/rcn2019-2-940x627.jpg 940w\" sizes=\"(max-width: 680px) 100vw, 680px\" \/><\/a><\/p>\n<p id=\"caption-attachment-4707\" class=\"wp-caption-text\">&#8222;Expertenrunde&#8220;<\/p>\n<\/div>\n<div id=\"attachment_4709\" style=\"width: 690px\" class=\"wp-caption aligncenter\"><a href=\"https:\/\/www.f3f.ch\/wp-content\/uploads\/2019\/05\/rcn2019-4.jpg\"><img loading=\"lazy\" decoding=\"async\" aria-describedby=\"caption-attachment-4709\" class=\"size-large wp-image-4709\" src=\"https:\/\/www.f3f.ch\/wp-content\/uploads\/2019\/05\/rcn2019-4-1024x733.jpg\" alt=\"\" width=\"680\" height=\"487\" srcset=\"https:\/\/www.f3f.ch\/wp-content\/uploads\/2019\/05\/rcn2019-4.jpg 1024w, https:\/\/www.f3f.ch\/wp-content\/uploads\/2019\/05\/rcn2019-4-300x215.jpg 300w, https:\/\/www.f3f.ch\/wp-content\/uploads\/2019\/05\/rcn2019-4-768x550.jpg 768w, https:\/\/www.f3f.ch\/wp-content\/uploads\/2019\/05\/rcn2019-4-680x487.jpg 680w, https:\/\/www.f3f.ch\/wp-content\/uploads\/2019\/05\/rcn2019-4-940x673.jpg 940w\" sizes=\"(max-width: 680px) 100vw, 680px\" \/><\/a><\/p>\n<p id=\"caption-attachment-4709\" class=\"wp-caption-text\">Einsteiger Georg Roth<\/p>\n<\/div>\n<div id=\"attachment_4712\" style=\"width: 690px\" class=\"wp-caption aligncenter\"><a href=\"https:\/\/www.f3f.ch\/wp-content\/uploads\/2019\/05\/rcn2019-7.jpg\"><img loading=\"lazy\" decoding=\"async\" aria-describedby=\"caption-attachment-4712\" class=\"size-large wp-image-4712\" src=\"https:\/\/www.f3f.ch\/wp-content\/uploads\/2019\/05\/rcn2019-7-1024x498.jpg\" alt=\"\" width=\"680\" height=\"331\" srcset=\"https:\/\/www.f3f.ch\/wp-content\/uploads\/2019\/05\/rcn2019-7.jpg 1024w, https:\/\/www.f3f.ch\/wp-content\/uploads\/2019\/05\/rcn2019-7-300x146.jpg 300w, https:\/\/www.f3f.ch\/wp-content\/uploads\/2019\/05\/rcn2019-7-768x374.jpg 768w, https:\/\/www.f3f.ch\/wp-content\/uploads\/2019\/05\/rcn2019-7-680x331.jpg 680w, https:\/\/www.f3f.ch\/wp-content\/uploads\/2019\/05\/rcn2019-7-940x457.jpg 940w\" sizes=\"(max-width: 680px) 100vw, 680px\" \/><\/a><\/p>\n<p id=\"caption-attachment-4712\" class=\"wp-caption-text\">F3F SWISS PILOTS &#8230; alles geili Siech\u00e4<\/p>\n<\/div>\n<p>Am Sonntag trafen wir uns dann wie vereinbart beim Parkplatz vom Batteriekopf. Nebel, leichter Regen und eine nicht verheissungsvolle Wetterprognose bewogen die Veranstalter dazu, den Wettbewerb zu diesem Zeitpunkt f\u00fcr abgeschlossen zu erkl\u00e4ren und somit wurde hier auch gleich die Rangverk\u00fcndigung verlesen. Mit Pierre Rondel und Radovan Plch waren zwei der Verd\u00e4chtigen auf dem Podest gelandet. Dank den stark abwechselnden Bedingungen vor allem am Samstag gab es aber doch auch noch ein paar \u00dcberraschungen in der Rangreihenfolge zu verzeichnen.<\/p>\n<p>Ein grosser Dank geb\u00fchrt Tobi und Jacky, die wie jedes Jahr diesen Anlass sehr professionell organisiert und souver\u00e4n durchgezogen haben, und nat\u00fcrlich an den freiwilligen Helfern, worunter auch Thorsten Folkers (ehemaliger F3F-Weltmeister) und seine Freundin Moni waren.<\/p>\n<div id=\"attachment_4715\" style=\"width: 690px\" class=\"wp-caption aligncenter\"><a href=\"https:\/\/www.f3f.ch\/wp-content\/uploads\/2019\/05\/rcn2019-10.jpg\"><img loading=\"lazy\" decoding=\"async\" aria-describedby=\"caption-attachment-4715\" class=\"size-large wp-image-4715\" src=\"https:\/\/www.f3f.ch\/wp-content\/uploads\/2019\/05\/rcn2019-10-1024x670.jpg\" alt=\"\" width=\"680\" height=\"445\" srcset=\"https:\/\/www.f3f.ch\/wp-content\/uploads\/2019\/05\/rcn2019-10.jpg 1024w, https:\/\/www.f3f.ch\/wp-content\/uploads\/2019\/05\/rcn2019-10-300x196.jpg 300w, https:\/\/www.f3f.ch\/wp-content\/uploads\/2019\/05\/rcn2019-10-768x503.jpg 768w, https:\/\/www.f3f.ch\/wp-content\/uploads\/2019\/05\/rcn2019-10-680x445.jpg 680w, https:\/\/www.f3f.ch\/wp-content\/uploads\/2019\/05\/rcn2019-10-940x615.jpg 940w\" sizes=\"(max-width: 680px) 100vw, 680px\" \/><\/a><\/p>\n<p id=\"caption-attachment-4715\" class=\"wp-caption-text\">Das RCN Open macht immer wieder Spass mit einem TOP TEAM!<\/p>\n<\/div>\n<p>Wie viele freue ich mich bereits auf den n\u00e4chsten RC-Network Open, wo neben dem Wettkampf auch die Kameradschaft und die fantastische Landschaft im Vordergrund stehen.<\/p>\n<div id=\"attachment_4713\" style=\"width: 690px\" class=\"wp-caption aligncenter\"><a href=\"https:\/\/www.f3f.ch\/wp-content\/uploads\/2019\/05\/rcn2019-8.jpg\"><img loading=\"lazy\" decoding=\"async\" aria-describedby=\"caption-attachment-4713\" class=\"size-large wp-image-4713\" src=\"https:\/\/www.f3f.ch\/wp-content\/uploads\/2019\/05\/rcn2019-8-1024x665.jpg\" alt=\"\" width=\"680\" height=\"442\" srcset=\"https:\/\/www.f3f.ch\/wp-content\/uploads\/2019\/05\/rcn2019-8.jpg 1024w, https:\/\/www.f3f.ch\/wp-content\/uploads\/2019\/05\/rcn2019-8-300x195.jpg 300w, https:\/\/www.f3f.ch\/wp-content\/uploads\/2019\/05\/rcn2019-8-768x499.jpg 768w, https:\/\/www.f3f.ch\/wp-content\/uploads\/2019\/05\/rcn2019-8-680x442.jpg 680w, https:\/\/www.f3f.ch\/wp-content\/uploads\/2019\/05\/rcn2019-8-940x610.jpg 940w\" sizes=\"(max-width: 680px) 100vw, 680px\" \/><\/a><\/p>\n<p id=\"caption-attachment-4713\" class=\"wp-caption-text\">Die Sieger<\/p>\n<\/div>\n<ol>\n<li>Pierre RONDEL, France<\/li>\n<li>Radovan PLCH, Czech Republic, 97,62%<\/li>\n<li>Konstatin RINDERLE, Germany, 97,04%<\/li>\n<\/ol>\n<div id=\"attachment_4714\" style=\"width: 690px\" class=\"wp-caption aligncenter\"><a href=\"https:\/\/www.f3f.ch\/wp-content\/uploads\/2019\/05\/rcn2019-9.jpg\"><img loading=\"lazy\" decoding=\"async\" aria-describedby=\"caption-attachment-4714\" class=\"wp-image-4714 size-large\" src=\"https:\/\/www.f3f.ch\/wp-content\/uploads\/2019\/05\/rcn2019-9-1024x666.jpg\" alt=\"\" width=\"680\" height=\"442\" srcset=\"https:\/\/www.f3f.ch\/wp-content\/uploads\/2019\/05\/rcn2019-9.jpg 1024w, https:\/\/www.f3f.ch\/wp-content\/uploads\/2019\/05\/rcn2019-9-300x195.jpg 300w, https:\/\/www.f3f.ch\/wp-content\/uploads\/2019\/05\/rcn2019-9-768x500.jpg 768w, https:\/\/www.f3f.ch\/wp-content\/uploads\/2019\/05\/rcn2019-9-680x442.jpg 680w, https:\/\/www.f3f.ch\/wp-content\/uploads\/2019\/05\/rcn2019-9-940x611.jpg 940w\" sizes=\"(max-width: 680px) 100vw, 680px\" \/><\/a><\/p>\n<p id=\"caption-attachment-4714\" class=\"wp-caption-text\">Die Sieger Teams<\/p>\n<\/div>\n<p>Text: Oli Geesing<\/p>\n<p>Bilder: Jiri Hladky, Martin Ulrich<\/p>\n<p>Weitere Informationen k\u00f6nnen hier <a href=\"http:\/\/www.irq-net.de\/rcn-open\/\">http:\/\/www.irq-net.de\/rcn-open\/<\/a> und die detaillierte Rangliste kann hier eingesehen werden: <a href=\"https:\/\/f3xvault.com\/?action=event&amp;function=event_view&amp;event_id=1570\">https:\/\/f3xvault.com\/?action=event&amp;function=event_view&amp;event_id=1570<\/a><\/p>\n","protected":false},"excerpt":{"rendered":"<p>Wie jedes Jahr luden Tobias Reik und Jacky Kugler zum RC-Network Open in den Vogesen ein. Dass sowohl diese Disziplin wie auch dieser Wettbewerb sehr beliebt sind beweist sich jedes Jahr aufs Neue. Auch dieses Jahr war die Startliste innert&hellip;<\/p>\n","protected":false},"author":1,"featured_media":4717,"comment_status":"open","ping_status":"open","sticky":false,"template":"","format":"standard","meta":{"footnotes":""},"categories":[17],"tags":[26,11,10,27],"_links":{"self":[{"href":"https:\/\/www.f3f.ch\/index.php?rest_route=\/wp\/v2\/posts\/4703"}],"collection":[{"href":"https:\/\/www.f3f.ch\/index.php?rest_route=\/wp\/v2\/posts"}],"about":[{"href":"https:\/\/www.f3f.ch\/index.php?rest_route=\/wp\/v2\/types\/post"}],"author":[{"embeddable":true,"href":"https:\/\/www.f3f.ch\/index.php?rest_route=\/wp\/v2\/users\/1"}],"replies":[{"embeddable":true,"href":"https:\/\/www.f3f.ch\/index.php?rest_route=%2Fwp%2Fv2%2Fcomments&post=4703"}],"version-history":[{"count":3,"href":"https:\/\/www.f3f.ch\/index.php?rest_route=\/wp\/v2\/posts\/4703\/revisions"}],"predecessor-version":[{"id":4716,"href":"https:\/\/www.f3f.ch\/index.php?rest_route=\/wp\/v2\/posts\/4703\/revisions\/4716"}],"wp:featuredmedia":[{"embeddable":true,"href":"https:\/\/www.f3f.ch\/index.php?rest_route=\/wp\/v2\/media\/4717"}],"wp:attachment":[{"href":"https:\/\/www.f3f.ch\/index.php?rest_route=%2Fwp%2Fv2%2Fmedia&parent=4703"}],"wp:term":[{"taxonomy":"category","embeddable":true,"href":"https:\/\/www.f3f.ch\/index.php?rest_route=%2Fwp%2Fv2%2Fcategories&post=4703"},{"taxonomy":"post_tag","embeddable":true,"href":"https:\/\/www.f3f.ch\/index.php?rest_route=%2Fwp%2Fv2%2Ftags&post=4703"}],"curies":[{"name":"wp","href":"https:\/\/api.w.org\/{rel}","templated":true}]}}