{"id":471,"date":"2013-07-22T17:06:13","date_gmt":"2013-07-22T15:06:13","guid":{"rendered":"http:\/\/www.f3f.ch\/?p=471"},"modified":"2013-07-22T17:06:13","modified_gmt":"2013-07-22T15:06:13","slug":"f3f-international-open-of-caussols-2013-eurotour","status":"publish","type":"post","link":"https:\/\/www.f3f.ch\/?p=471","title":{"rendered":"F3F International Open of Caussols 2013, Eurotour"},"content":{"rendered":"<p>CAUSSOLS\u00a0(F) in der der n\u00e4he von CANNES war ja in den letzten Jahren ein von Schweizern oft und gut besuchter Wettbewerb. So auch dieses Jahr wieder. Reto BLUMER, Niklaus HUGGLER, Christian MALDINI,\u00a0Martin KOPP und Martin ULRICH nahmen den Weg in den S\u00fcden Frankreichs um dieses spezielle F3F Rennen zu fliegen. Speziell deshalb, weil in CAUSSOLS um diese Zeit in Shorts und T-Shirt F3F geflogen werden kann, selten hat man an F3F Rennen solch\u00a0angenehme Bedingungen. Im Starterfeld fehlten dieses Jahr jedoch einige der\u00a0ganz bekannten Namen der Franzosen und \u00d6sterreicher. Nat\u00fcrlich wollten wir Schweizer alle die Gunst der Stunde nutzen und die Podestpl\u00e4tze unter uns ausmachen \ud83d\ude09 oder zumindest einer \ud83d\ude42<\/p>\n<p>Am Donnerstag Morgen fuhren dann Martin KOPP und ich Richtung CAUSSOLS. Um ca. 14 Uhr konnten wir am Hauptslope bei guten und klaren Bedingungen uns etwas Einfliegen. Auch der Pole Jurek (polnisch, Jerzy\u00a0\u00a0MATACZYNO)\u00a0kam am sp\u00e4teren Nachmittag an den Hang und\u00a0beflog den\u00a0Felsen mit seinem RESPECT. Leider haute er seinen RESPECT in die Steine und hatte einen gebrochenen Verbinder zu beklagen. Allan COHEN startete via E-Mail noch am selben Abend einen Aufruf an die Piloten um Jurek mit einem Verbinder auszuhelfen. Jurek konnte am n\u00e4chsten Tag seinen RESPECT mit einem &#8218;fremden&#8216; Verbinder startklar machen. Cool, wie die F3F Community hilfsbereit und unkompliziert funktioniert! Freitag Nacht (01:00, 02:00) kamen dann auch Reto und Niklaus in CAUSSOLS an, sie hatten den langen Weg noch nach ihrer Arbeit auf sich genommen.<\/p>\n<p>Am Freitag Morgen begr\u00fcsste und briefte Allan COHEN alle Teilnehmer und die Registration und Nummernausgabe wurde durchgef\u00fchrt. Dieses Jahr\u00a0bekam jeder\u00a0anstelle eines T-Shirts eine praktische Toolbox als Give-away. Danach brauchte es so seine Zeit\u00a0bis gen\u00fcgend Wind die Kante anblies. Ich glaube kurz vor Mittag wurde dann die erste Runde gestartet. Reto und Niklaus lieferten einen hervorragenden Start\u00a0ab und belegten bis zum Unterbruch der Runde Platz 1 und 2. Leider kam Nebel auf und der Hang konnte nicht mehr sicher beflogen werden, eigentlich mussten nur noch ein oder zwei Teilnehmer Runde 1 absolvieren doch auch nach 30 Minuten reichten die Bedingungen nicht um die Runde fertig zu machen (Juryentscheid). Infolge wurde der Kurs weiter westlich (ca. 3km) versetzt. Hier war weniger Nebel zu erwarten, doch leider funktionierte auch dieser Slope nicht und wir hatten nach dem ersten Tag keine einzige Runde.<\/p>\n<p>Am Samstag wurde dann gleich am Westsolpe begonnen um dem unliebsamen Nebel aus dem Weg zu bleiben. Nach einigen Versuchen und Kursverschiebung konnte dann erneut die erste Runde gestartet werden. St\u00e9phan RICCOBONO (47.06) und Niklaus HUGGLER (49.3) waren die einzigen Sub 50-ger Zeiten. Schon in der ersten Runde gab es REFLY&#8217;s infolge mangelhafter Bedingungen und einige soffen bereits ab oder mussten sich\u00a0lange hochk\u00e4mpfen um die Landeh\u00f6he zu erreichen. Es gab also oft Unterbrechungen deswegen. Aus den Erfahrungen\u00a0vom Vorjahr und den aktuellen Bedingungen setzte ich auf mein B-Material und flog die N124, eigentlich hatte ich keine Lust meine f\u00fcr die EM pr\u00e4parierten Modelle zu riskieren. In Runde zwei waren die Bedingungen besser, es gab viele Sub 50-ger Zeiten und Philippe LANES holte mit einer 39.84 den 1000&#8242;-nder. Doch auch Runde zwei hatte Unterbr\u00fcche infolge Nebel. Nach meiner Runde kam der Nebel so rasant dass ich beim Ausflug schnell abdrehen musste und in den Kurs zur\u00fcck flog nach einer weiteren Kurve war die Nebelwand schon da und ich konnte meine N124 nicht mehr sehen!&#8230;.es dauert ewig gef\u00fchlte Minuten&#8230;doch leider tauchte die N124 nicht mehr an der zu erwartenden Stelle auf, die Nebelbank stand hartn\u00e4ckig. Nach vermutlich 15 bis 20 Sekunden Bangens aller am Platz kam der heftige Einschlag ca. 80 m vom Pilotenlager entfernt, die <a href=\"http:\/\/f3f.zielnik.karpacz.pl\/wp-content\/gallery\/igrzyska-czas-zaczac-dzien-2\/img_3101.jpg\" target=\"_blank\">N124 ist komplett zerst\u00f6rt!<\/a> \ud83d\ude41 Gl\u00fccklicherweise kam durch diesen Vorfall\u00a0keine Person\u00a0zu Schaden, es ist also ausschliesslich ein Materialverlust. Runde 3 brachte dann wieder schlechtere Windbedingungen mit vielen RFLY&#8217;s,\u00a0einzig die sporadischen Thermikblasen verhalfen dem einen oder Anderen zu guten Zeiten. Die Runde ging an Niklaus welcher seine FOSA LIFT pr\u00e4zise und effizient durch den Kurs jagte. Runde 4 brachte noch mehr Unterbr\u00fcche und Verz\u00f6gerungen durch REFLY&#8217;s auch Absauffer waren wieder zu beklagen. So musste auch Andreas FRICKE seine ALLIAJ weit weit weg absetzen, die ALLIAJ war danach nicht mehr einsatzf\u00e4hig. Ich war bis dahin schon ziehmlich genervt und die Bedingungen versprachen nicht wirklich gute Zeiten, also lies ich die 4-te Runde f\u00fcr mich sausen und lies mir einen Nuller schreiben. Die wohl beste Thermikblase hatte Axel SCHMIDT erwischt und auch gleich gut ausgeflogen, so durfte er sich den Rundensieg schreiben lassen.<\/p>\n<p>Immer wieder ein Highlight in CAUSSOLS ist das Bankett. Am Samstagabend dinierten die meisten Teilnehmer und Helfer am grossen Tisch zusammen. Die lockere Atmosph\u00e4re, das gute Essen und die aufgestellte internationale F3F Gemeinschaft liessen mich die Widrigkeiten des Renntages vergessen. Niklaus HUGGELR war dem Ziel zum Podestplatz von uns Schweizern am n\u00e4chsten ger\u00fcckt er f\u00fchrte das Zwischenklassement ganz knapp an. Auch Reto platzierte sich noch vielversprechend auf dem 5-ten Zwischenrang. Ich war bis dato im Mittelfeld, Martin KOPP und Christian MALDINI konnten noch nicht richtig ins Rennen kommen, sie hatten\u00a0jedoch auch richtig schlechte Luft\u00a0abbekommen.<\/p>\n<div id='gallery-1' class='gallery galleryid-471 gallery-columns-3 gallery-size-thumbnail'>\n<dl class='gallery-item'>\n<dt class='gallery-icon landscape'>\n\t\t\t\t<a href='https:\/\/www.f3f.ch\/wp-content\/uploads\/2013\/07\/f3f_caussols_2013_07.jpg'><img loading=\"lazy\" decoding=\"async\" width=\"150\" height=\"150\" src=\"https:\/\/www.f3f.ch\/wp-content\/uploads\/2013\/07\/f3f_caussols_2013_07-150x150.jpg\" class=\"attachment-thumbnail size-thumbnail\" alt=\"\" \/><\/a>\n\t\t\t<\/dt>\n<\/dl>\n<dl class='gallery-item'>\n<dt class='gallery-icon landscape'>\n\t\t\t\t<a href='https:\/\/www.f3f.ch\/wp-content\/uploads\/2013\/07\/f3f_caussols_2013_06.jpg'><img loading=\"lazy\" decoding=\"async\" width=\"150\" height=\"150\" src=\"https:\/\/www.f3f.ch\/wp-content\/uploads\/2013\/07\/f3f_caussols_2013_06-150x150.jpg\" class=\"attachment-thumbnail size-thumbnail\" alt=\"\" aria-describedby=\"gallery-1-492\" \/><\/a>\n\t\t\t<\/dt>\n<dd class='wp-caption-text gallery-caption' id='gallery-1-492'>\n\t\t\t\tNiklaus HUGGLER\n\t\t\t\t<\/dd>\n<\/dl>\n<dl class='gallery-item'>\n<dt class='gallery-icon landscape'>\n\t\t\t\t<a href='https:\/\/www.f3f.ch\/wp-content\/uploads\/2013\/07\/f3f_caussols_2013_05.jpg'><img loading=\"lazy\" decoding=\"async\" width=\"150\" height=\"150\" src=\"https:\/\/www.f3f.ch\/wp-content\/uploads\/2013\/07\/f3f_caussols_2013_05-150x150.jpg\" class=\"attachment-thumbnail size-thumbnail\" alt=\"\" aria-describedby=\"gallery-1-491\" \/><\/a>\n\t\t\t<\/dt>\n<dd class='wp-caption-text gallery-caption' id='gallery-1-491'>\n\t\t\t\tCaussolienne\n\t\t\t\t<\/dd>\n<\/dl>\n<p><br style=\"clear: both\" \/><\/p>\n<dl class='gallery-item'>\n<dt class='gallery-icon landscape'>\n\t\t\t\t<a href='https:\/\/www.f3f.ch\/wp-content\/uploads\/2013\/07\/f3f_caussols_2013_02.jpg'><img loading=\"lazy\" decoding=\"async\" width=\"150\" height=\"150\" src=\"https:\/\/www.f3f.ch\/wp-content\/uploads\/2013\/07\/f3f_caussols_2013_02-150x150.jpg\" class=\"attachment-thumbnail size-thumbnail\" alt=\"\" \/><\/a>\n\t\t\t<\/dt>\n<\/dl>\n<dl class='gallery-item'>\n<dt class='gallery-icon landscape'>\n\t\t\t\t<a href='https:\/\/www.f3f.ch\/wp-content\/uploads\/2013\/07\/f3f_caussols_2013_03.jpg'><img loading=\"lazy\" decoding=\"async\" width=\"150\" height=\"150\" src=\"https:\/\/www.f3f.ch\/wp-content\/uploads\/2013\/07\/f3f_caussols_2013_03-150x150.jpg\" class=\"attachment-thumbnail size-thumbnail\" alt=\"\" aria-describedby=\"gallery-1-489\" \/><\/a>\n\t\t\t<\/dt>\n<dd class='wp-caption-text gallery-caption' id='gallery-1-489'>\n\t\t\t\tReto &#8222;der Werfer&#8220;\n\t\t\t\t<\/dd>\n<\/dl>\n<dl class='gallery-item'>\n<dt class='gallery-icon landscape'>\n\t\t\t\t<a href='https:\/\/www.f3f.ch\/wp-content\/uploads\/2013\/07\/f3f_caussols_2013_04.jpg'><img loading=\"lazy\" decoding=\"async\" width=\"150\" height=\"150\" src=\"https:\/\/www.f3f.ch\/wp-content\/uploads\/2013\/07\/f3f_caussols_2013_04-150x150.jpg\" class=\"attachment-thumbnail size-thumbnail\" alt=\"\" aria-describedby=\"gallery-1-490\" \/><\/a>\n\t\t\t<\/dt>\n<dd class='wp-caption-text gallery-caption' id='gallery-1-490'>\n\t\t\t\tMartin KOPP im Kurs\n\t\t\t\t<\/dd>\n<\/dl>\n<p><br style=\"clear: both\" \/><\/p>\n<dl class='gallery-item'>\n<dt class='gallery-icon landscape'>\n\t\t\t\t<a href='https:\/\/www.f3f.ch\/wp-content\/uploads\/2013\/07\/f3f_caussols_2013_01.jpg'><img loading=\"lazy\" decoding=\"async\" width=\"150\" height=\"150\" src=\"https:\/\/www.f3f.ch\/wp-content\/uploads\/2013\/07\/f3f_caussols_2013_01-150x150.jpg\" class=\"attachment-thumbnail size-thumbnail\" alt=\"\" aria-describedby=\"gallery-1-487\" \/><\/a>\n\t\t\t<\/dt>\n<dd class='wp-caption-text gallery-caption' id='gallery-1-487'>\n\t\t\t\tChristian MALDINI\n\t\t\t\t<\/dd>\n<\/dl>\n<dl class='gallery-item'>\n<dt class='gallery-icon landscape'>\n\t\t\t\t<a href='https:\/\/www.f3f.ch\/wp-content\/uploads\/2013\/07\/Caussolienne.jpg'><img loading=\"lazy\" decoding=\"async\" width=\"150\" height=\"150\" src=\"https:\/\/www.f3f.ch\/wp-content\/uploads\/2013\/07\/Caussolienne-150x150.jpg\" class=\"attachment-thumbnail size-thumbnail\" alt=\"\" aria-describedby=\"gallery-1-495\" \/><\/a>\n\t\t\t<\/dt>\n<dd class='wp-caption-text gallery-caption' id='gallery-1-495'>\n\t\t\t\tCaussolienne\n\t\t\t\t<\/dd>\n<\/dl>\n<dl class='gallery-item'>\n<dt class='gallery-icon landscape'>\n\t\t\t\t<a href='https:\/\/www.f3f.ch\/wp-content\/uploads\/2013\/07\/f3f_caussols_2013_08.jpg'><img loading=\"lazy\" decoding=\"async\" width=\"150\" height=\"150\" src=\"https:\/\/www.f3f.ch\/wp-content\/uploads\/2013\/07\/f3f_caussols_2013_08-150x150.jpg\" class=\"attachment-thumbnail size-thumbnail\" alt=\"\" aria-describedby=\"gallery-1-494\" \/><\/a>\n\t\t\t<\/dt>\n<dd class='wp-caption-text gallery-caption' id='gallery-1-494'>\n\t\t\t\tGRATULATION!\n\t\t\t\t<\/dd>\n<\/dl>\n<p><br style=\"clear: both\" \/>\n\t\t<\/div>\n<p>Sonntag und auch letzter Renntag flogen wir an einer eigentlich sch\u00f6nen geraden Kante. Doch auch dieser Tag sollte uns nicht wirklich gute und ausgeglichene Bedingungen bescheren. Runde 5 ging an Reto BLUMER mit einer 48.81. Runde 6 an Michael KREBS mit einer 46.50 Runde 7 war die einzige Runde ohne RFLY&#8217;s, und ging wieder an Michael KREBS mit 51.40 welcher kurz nach Niklaus und mir die Thermik erwischte. Niklaus und ich bekamen die kalte Luft ab und flogen\u00a0schlecht. Niklaus zu tief so das ihn der Wendemarkenrichter nicht mehr sehen konnte und ich verwendete in kalter Luft\u00a0und k\u00e4mpfte gegen das Absauffen. Die Letzte Runde ging an den Holl\u00e4nder Stefan BERNARDY mit einer 53.68. Insgesamt hatten wir an diesem Tag wieder schwache Bedingungen mit Ausreissern. Im Verlauf des Tages schien der Wind komplett einzuschlafen viele hatten mit ganz schwachen Verh\u00e4ltnissen zu k\u00e4mfen, zudem hatten wir leichten Crosswind was die Sache auch nicht einfacher gestaltete. Niklaus Huggler war mit seinem &#8222;Windlos&#8220; ohne Chancen geblieben sein Zwischenresultat vom Vortag zu verteidigen. Reto BLUMER konnte sich verbessern und belegte Schlussendlich einen Podestplatz! GRATULATION Reto! es ist sein erster EUROTOUR Podestplatz. Gewonnen hatte der Franzose RICCOBONO St\u00e9phane, Zweiter wurde KREBS Michael. GRATULATION! Wir Schweizer klassierten uns bei 23 internationalen Teilnehmern also wie folgt:<\/p>\n<p>3; Reto BLUMER, 11; Martin ULRICH, 13; Niklaus HUGGLER, 18; Martin KOPP, 22; Christian MALDINI<\/p>\n<p>Das Ziel einen Schweizer auf einem Podestplatz war also erreicht. Team SWITZERLAND belegte in der Teamwertung Rang 3.<\/p>\n<p>Zum Schluss der Veranstaltung hatte Allan COHEN noch Neuigkeiten f\u00fcr uns bereit. Das F3F Rennen wird das n\u00e4chste\u00a0Jahr nicht mehr in CAUSSOLS stattfinden sondern an einem neuen Slope nahe der italienischen Grenze. F\u00fcr mich pers\u00f6ndlich gute Nachrichten, denn nach der diesj\u00e4hrigen Erfahrung in CAUSSOLS w\u00e4re ich n\u00e4chstes Jahr nicht mehr dabei. Ich halte CAUSSOLS nicht wirklich f\u00fcr einen guten F3F Slope f\u00fcr internationale Wettbewerbe. Die Organisation jedoch ist gut und die Leute geben sich viel M\u00fche gute Wettbewerbe durchzuf\u00fchren. So hoffe ich auf einen guten F3F Wettbewerb im S\u00fcden Frankreichs f\u00fcr 2014!<\/p>\n<p>Martin ULRICH<\/p>\n<p><a href=\"http:\/\/www.f3fcaussols.com\/?p=172\" target=\"_blank\">Offizielle Resultate hier&#8230;<\/a><\/p>\n<p>Weitere Bilder von&#8230;<\/p>\n<p><a href=\"https:\/\/picasaweb.google.com\/109620478679557030988\/F3FContestCann2013?authuser=0&amp;feat=directlink\" target=\"_blank\">Thomas\u00a0WINKLER hier&#8230;<\/a><\/p>\n<p>und von <a href=\"https:\/\/plus.google.com\/u\/0\/photos\/114113164328728976948\/albums\/5901100548111013425?cfem=1\" target=\"_blank\">Allan COHEN hier &#8230;<\/a><\/p>\n<p>Ein weiterer <a href=\"http:\/\/f3f.zielnik.karpacz.pl\/index.php\/2013\/07\/13\/igrzyska-czas-zaczac\/\" target=\"_blank\">BLOG von Jurek in polnsich hier&#8230;<\/a><\/p>\n","protected":false},"excerpt":{"rendered":"<p>CAUSSOLS\u00a0(F) in der der n\u00e4he von CANNES war ja in den letzten Jahren ein von Schweizern oft und gut besuchter Wettbewerb. So auch dieses Jahr wieder. Reto BLUMER, Niklaus HUGGLER, Christian MALDINI,\u00a0Martin KOPP und Martin ULRICH nahmen den Weg in&hellip;<\/p>\n","protected":false},"author":1,"featured_media":489,"comment_status":"open","ping_status":"open","sticky":false,"template":"","format":"image","meta":{"footnotes":""},"categories":[1,21,17],"tags":[28,26,9],"_links":{"self":[{"href":"https:\/\/www.f3f.ch\/index.php?rest_route=\/wp\/v2\/posts\/471"}],"collection":[{"href":"https:\/\/www.f3f.ch\/index.php?rest_route=\/wp\/v2\/posts"}],"about":[{"href":"https:\/\/www.f3f.ch\/index.php?rest_route=\/wp\/v2\/types\/post"}],"author":[{"embeddable":true,"href":"https:\/\/www.f3f.ch\/index.php?rest_route=\/wp\/v2\/users\/1"}],"replies":[{"embeddable":true,"href":"https:\/\/www.f3f.ch\/index.php?rest_route=%2Fwp%2Fv2%2Fcomments&post=471"}],"version-history":[{"count":48,"href":"https:\/\/www.f3f.ch\/index.php?rest_route=\/wp\/v2\/posts\/471\/revisions"}],"predecessor-version":[{"id":529,"href":"https:\/\/www.f3f.ch\/index.php?rest_route=\/wp\/v2\/posts\/471\/revisions\/529"}],"wp:featuredmedia":[{"embeddable":true,"href":"https:\/\/www.f3f.ch\/index.php?rest_route=\/wp\/v2\/media\/489"}],"wp:attachment":[{"href":"https:\/\/www.f3f.ch\/index.php?rest_route=%2Fwp%2Fv2%2Fmedia&parent=471"}],"wp:term":[{"taxonomy":"category","embeddable":true,"href":"https:\/\/www.f3f.ch\/index.php?rest_route=%2Fwp%2Fv2%2Fcategories&post=471"},{"taxonomy":"post_tag","embeddable":true,"href":"https:\/\/www.f3f.ch\/index.php?rest_route=%2Fwp%2Fv2%2Ftags&post=471"}],"curies":[{"name":"wp","href":"https:\/\/api.w.org\/{rel}","templated":true}]}}