{"id":4722,"date":"2019-06-05T13:55:35","date_gmt":"2019-06-05T11:55:35","guid":{"rendered":"https:\/\/www.f3f.ch\/?p=4722"},"modified":"2019-06-05T14:58:34","modified_gmt":"2019-06-05T12:58:34","slug":"f3f-norway-open-2019","status":"publish","type":"post","link":"https:\/\/www.f3f.ch\/?p=4722","title":{"rendered":"F3F Norway Open 2019"},"content":{"rendered":"<p>Da es nicht nur um Wettbewerb bei F3F geht, sondern auch um Reiselust, haben Martin und ich beschlossen an den Norway Open 2019 mitzufliegen.<br \/>\nDer Flug ging am Mittwoch entspannt \u00fcber Amsterdam nach Stavanger. KLM forderte 40 Euro f\u00fcr die Sporttube, das finde ich durchaus aktzeptabel, war doch das Ticket nur mit Handgep\u00e4ck.<\/p>\n<p><a href=\"https:\/\/www.f3f.ch\/wp-content\/uploads\/2019\/06\/20190604_142307.jpg\"><img loading=\"lazy\" decoding=\"async\" class=\"alignnone size-large wp-image-4730\" src=\"https:\/\/www.f3f.ch\/wp-content\/uploads\/2019\/06\/20190604_142307-1024x576.jpg\" alt=\"\" width=\"680\" height=\"383\" srcset=\"https:\/\/www.f3f.ch\/wp-content\/uploads\/2019\/06\/20190604_142307-1024x576.jpg 1024w, https:\/\/www.f3f.ch\/wp-content\/uploads\/2019\/06\/20190604_142307-300x169.jpg 300w, https:\/\/www.f3f.ch\/wp-content\/uploads\/2019\/06\/20190604_142307-768x432.jpg 768w, https:\/\/www.f3f.ch\/wp-content\/uploads\/2019\/06\/20190604_142307-680x383.jpg 680w, https:\/\/www.f3f.ch\/wp-content\/uploads\/2019\/06\/20190604_142307-940x529.jpg 940w\" sizes=\"(max-width: 680px) 100vw, 680px\" \/><\/a><\/p>\n<p>Leider blieb Martin&#8217;s eingechecktes Handgep\u00e4ck auf der Strecke h\u00e4ngen. KLM lieferte dieses aber kostenfrei am Abend des Anreisetages in die Ferienwohung. Der Wind war am Anreisetag bereits recht odentlich (10-12m\/s) aus S\u00fcd und ich konnte es nicht lassen den S\u00fcdhang auszuprobieren. Sehr lecker&#8230;ein steiler 40m hoher k\u00fcstennaher Hang.<br \/>\nAm Abend kam dann noch Sigi Schedel ins schweizer Haus und wir waren komplett.<\/p>\n<p><a href=\"https:\/\/www.f3f.ch\/wp-content\/uploads\/2019\/06\/20190530_161622.jpg\"><img loading=\"lazy\" decoding=\"async\" class=\"alignnone size-large wp-image-4732\" src=\"https:\/\/www.f3f.ch\/wp-content\/uploads\/2019\/06\/20190530_161622-1024x576.jpg\" alt=\"\" width=\"680\" height=\"383\" srcset=\"https:\/\/www.f3f.ch\/wp-content\/uploads\/2019\/06\/20190530_161622-1024x576.jpg 1024w, https:\/\/www.f3f.ch\/wp-content\/uploads\/2019\/06\/20190530_161622-300x169.jpg 300w, https:\/\/www.f3f.ch\/wp-content\/uploads\/2019\/06\/20190530_161622-768x432.jpg 768w, https:\/\/www.f3f.ch\/wp-content\/uploads\/2019\/06\/20190530_161622-680x383.jpg 680w, https:\/\/www.f3f.ch\/wp-content\/uploads\/2019\/06\/20190530_161622-940x529.jpg 940w\" sizes=\"(max-width: 680px) 100vw, 680px\" \/><\/a><\/p>\n<p>Holland, Island, UK, Deutschland und Norwegen war bereits vertreten und wir hatten ein nettes Abendessen unter F3F Liebhabern.<br \/>\nAm Donnerstag ging es zum legend\u00e4ren &#8222;Hodne the wall&#8220; Nordwesthang. Am Anfang noch wenig Wind dann aber mit 10m\/s sehr ordentlich. Der Hang ist ein wahres Vergn\u00fcgen, so ist doch der Wind laminar und der Hang sehr gerade. Die Steinmauer st\u00f6rt nicht wirklich und verschafft der Location den n\u00f6tigen Respekt.<\/p>\n<p><a href=\"https:\/\/www.f3f.ch\/wp-content\/uploads\/2019\/06\/20190530_1759181.jpg\"><img loading=\"lazy\" decoding=\"async\" class=\"alignnone size-large wp-image-4727\" src=\"https:\/\/www.f3f.ch\/wp-content\/uploads\/2019\/06\/20190530_1759181-1024x576.jpg\" alt=\"\" width=\"680\" height=\"383\" srcset=\"https:\/\/www.f3f.ch\/wp-content\/uploads\/2019\/06\/20190530_1759181-1024x576.jpg 1024w, https:\/\/www.f3f.ch\/wp-content\/uploads\/2019\/06\/20190530_1759181-300x169.jpg 300w, https:\/\/www.f3f.ch\/wp-content\/uploads\/2019\/06\/20190530_1759181-768x432.jpg 768w, https:\/\/www.f3f.ch\/wp-content\/uploads\/2019\/06\/20190530_1759181-680x383.jpg 680w, https:\/\/www.f3f.ch\/wp-content\/uploads\/2019\/06\/20190530_1759181-940x529.jpg 940w\" sizes=\"(max-width: 680px) 100vw, 680px\" \/><\/a><\/p>\n<p style=\"text-align: left;\">Der Wettbewerb startete am Freitag am Hodne the Wall. Leider eher schwachwindig mit 4m\/s leicht \u00fcber dem Limit.<\/p>\n<p><a href=\"https:\/\/www.f3f.ch\/wp-content\/uploads\/2019\/06\/20190531_110534.jpg\"><img loading=\"lazy\" decoding=\"async\" class=\"alignleft size-large wp-image-4747\" src=\"https:\/\/www.f3f.ch\/wp-content\/uploads\/2019\/06\/20190531_110534-1024x572.jpg\" alt=\"\" width=\"680\" height=\"380\" srcset=\"https:\/\/www.f3f.ch\/wp-content\/uploads\/2019\/06\/20190531_110534-1024x572.jpg 1024w, https:\/\/www.f3f.ch\/wp-content\/uploads\/2019\/06\/20190531_110534-300x168.jpg 300w, https:\/\/www.f3f.ch\/wp-content\/uploads\/2019\/06\/20190531_110534-768x429.jpg 768w, https:\/\/www.f3f.ch\/wp-content\/uploads\/2019\/06\/20190531_110534-680x380.jpg 680w, https:\/\/www.f3f.ch\/wp-content\/uploads\/2019\/06\/20190531_110534-940x525.jpg 940w\" sizes=\"(max-width: 680px) 100vw, 680px\" \/><\/a>Zeiten so um die 70+ wurden geflogen. Nur einer nicht, und das war unser alter Fuchs und Franke Sigi.<br \/>\nEr schaffte es in beiden Runden 3-4 Sekunden schneller zu fliegen. Da Sigi nach mir startete konnte ich seine Tricks nicht sehen.<br \/>\nDann gab es einen Reflight und ich bekam die M\u00f6glichkeit den Flug anzuschauen.<br \/>\nAlles klar dachte ich und beim n\u00e4chsten Mal werde ich das kopieren.<br \/>\nSo kam es dann auch und eine 66er Zeit belohnte den Mut zur Kopie. Das die Runde dann mangels Wind gestrichen wurde, war zun\u00e4chst schmerzhaft, aber die Gewissheit alles Richtig gemacht zu haben war auch ok.<br \/>\nS\u00f6ren Krogh und Martin Eggert machten es in diesen beiden Runden ebenfalls sehr gut standen verdient auf dem Zwischenpodest.<br \/>\nAm Abend dann das nette Bankett mit Gespr\u00e4chen rund um F3F und Anderem.<br \/>\nDer 2. Tag war ebenfalls schwierig und es gelang am Westhang 3 Runden bei schw\u00e4cher werdendem Wind zu fliegen.<br \/>\nDummerweise \u00e4nderte dieser auch die Richtung auf Nordwest. Der Hang ist wirklich sehr sch\u00f6n, hat er doch eine leichte Sichelform.<br \/>\nWir zogen wiederum um auf den &#8222;Hodne the wall&#8220; Hang.<br \/>\nHier gelang nur noch eine halbe Runde bei zunehmenden Wind. Die Startlisten Ersten hatten hier deutlich das Nachsehen.<br \/>\nEnsprechende Spr\u00fcnge im Klassement waren die Folge.<br \/>\nDie 2.te Gruppe durfte am letzten Tag dann noch am S\u00fcdhang um die 1000 Punkte k\u00e4mpfen.<br \/>\nMit reichlich Regenpausen konnte die 6. Runde aber beendet werden. Dieses war dann auch die Letzte.<br \/>\nWir fuhren zu Espen&#8217;s homebase und die Siegerehrung fand statt.<\/p>\n<p><a href=\"https:\/\/www.f3f.ch\/wp-content\/uploads\/2019\/06\/IMG-20190602-WA0004.jpg\"><img loading=\"lazy\" decoding=\"async\" class=\"alignnone size-large wp-image-4737\" src=\"https:\/\/www.f3f.ch\/wp-content\/uploads\/2019\/06\/IMG-20190602-WA0004-1024x768.jpg\" alt=\"\" width=\"680\" height=\"510\" srcset=\"https:\/\/www.f3f.ch\/wp-content\/uploads\/2019\/06\/IMG-20190602-WA0004-1024x768.jpg 1024w, https:\/\/www.f3f.ch\/wp-content\/uploads\/2019\/06\/IMG-20190602-WA0004-300x225.jpg 300w, https:\/\/www.f3f.ch\/wp-content\/uploads\/2019\/06\/IMG-20190602-WA0004-768x576.jpg 768w, https:\/\/www.f3f.ch\/wp-content\/uploads\/2019\/06\/IMG-20190602-WA0004-680x510.jpg 680w, https:\/\/www.f3f.ch\/wp-content\/uploads\/2019\/06\/IMG-20190602-WA0004-940x705.jpg 940w, https:\/\/www.f3f.ch\/wp-content\/uploads\/2019\/06\/IMG-20190602-WA0004.jpg 1920w\" sizes=\"(max-width: 680px) 100vw, 680px\" \/><\/a><\/p>\n<p>Verdienter Gewinner war Sigi Schedel vor S\u00f6ren Krogh und Markus Meissner; Juniorwertung gewann Mikkel Krogh<br \/>\nMartin Ulrich konnte nicht ganz an seine gute Platzierung vom polnischen Spring Cup ankn\u00fcpfen.<br \/>\nEr flog den gesamten Wettbwerb um den 12 Rang.<br \/>\nErgebnisse: <a href=\"https:\/\/www.f3xvault.com\/?action=event&amp;function=event_view&amp;event_id=1442\">https:\/\/www.f3xvault.com\/?action=event&amp;function=event_view&amp;event_id=1442<\/a><br \/>\nDie eingesetzten Modelle der 10 besten (ohne Gew\u00e4hr):<br \/>\nPitbull 2; Device; Neo; Pitbull 2; Shinto; Pitbull 2; Shinto; FS4.5; FS5 ?; FS5<br \/>\nFazit: Die Logistik ist perfekt. Vom Flughafen sind es 30min zur Ferienwohnung dann jeweils zwischen 15 und 30min zu den H\u00e4ngen.<br \/>\nDie H\u00e4nge sind anspruchsvoll und alle am Meer. Das Landen ist ein Traum. Das 30cm hohe Gras federt alle Steuerfehler raus.<br \/>\nDie H\u00e4nge sind teils direkt teils nach 5min Fussmarsch erreichbar.<br \/>\nEspen und sein Team haben einen tollen Job gemacht und es geb\u00fchrt speziell Espen Torp ein Riesen Applaus f\u00fcr den Aufwand den er betreibt.<br \/>\nLeider ist der Wettbewerb nicht jedes Jahr. Martin und ich kommen auf jeden Fall wieder.<br \/>\nAm Montag waren wir noch verf\u00fcgbar und Espen zeigte uns und Martin Eggert ein wahres Juwel von einem Hang.<br \/>\nDirekt am Meer ca 150m hoch, steilabfallender Hang, 8-10m\/s S\u00fcdwestwind. Ein Traum.<br \/>\nHabe noch nie in so einem konstanten laminaren und breiten Aufwindfeld geflogen. DER WAHNSINN. Danke Espen !<\/p>\n<p><a href=\"https:\/\/www.f3f.ch\/wp-content\/uploads\/2019\/06\/20190603_175137.jpg\"><img loading=\"lazy\" decoding=\"async\" class=\"alignnone size-large wp-image-4729\" src=\"https:\/\/www.f3f.ch\/wp-content\/uploads\/2019\/06\/20190603_175137-1024x576.jpg\" alt=\"\" width=\"680\" height=\"383\" srcset=\"https:\/\/www.f3f.ch\/wp-content\/uploads\/2019\/06\/20190603_175137-1024x576.jpg 1024w, https:\/\/www.f3f.ch\/wp-content\/uploads\/2019\/06\/20190603_175137-300x169.jpg 300w, https:\/\/www.f3f.ch\/wp-content\/uploads\/2019\/06\/20190603_175137-768x432.jpg 768w, https:\/\/www.f3f.ch\/wp-content\/uploads\/2019\/06\/20190603_175137-680x383.jpg 680w, https:\/\/www.f3f.ch\/wp-content\/uploads\/2019\/06\/20190603_175137-940x529.jpg 940w\" sizes=\"(max-width: 680px) 100vw, 680px\" \/><\/a><\/p>\n<p>Viele Gr\u00fcsse<br \/>\nMarkus<\/p>\n<p>&nbsp;<\/p>\n<p>Where is Espen ?<br \/>\n<a href=\"https:\/\/www.f3f.ch\/wp-content\/uploads\/2019\/06\/20190603_115636.jpg\"><img loading=\"lazy\" decoding=\"async\" class=\"alignnone size-large wp-image-4735\" src=\"https:\/\/www.f3f.ch\/wp-content\/uploads\/2019\/06\/20190603_115636-1024x576.jpg\" alt=\"\" width=\"680\" height=\"383\" srcset=\"https:\/\/www.f3f.ch\/wp-content\/uploads\/2019\/06\/20190603_115636-1024x576.jpg 1024w, https:\/\/www.f3f.ch\/wp-content\/uploads\/2019\/06\/20190603_115636-300x169.jpg 300w, https:\/\/www.f3f.ch\/wp-content\/uploads\/2019\/06\/20190603_115636-768x432.jpg 768w, https:\/\/www.f3f.ch\/wp-content\/uploads\/2019\/06\/20190603_115636-680x383.jpg 680w, https:\/\/www.f3f.ch\/wp-content\/uploads\/2019\/06\/20190603_115636-940x529.jpg 940w\" sizes=\"(max-width: 680px) 100vw, 680px\" \/><\/a><\/p>\n<p>The vikings fight memorial&#8212;impressif stuff<br \/>\n<a href=\"https:\/\/www.f3f.ch\/wp-content\/uploads\/2019\/06\/20190604_143211.jpg\"><img loading=\"lazy\" decoding=\"async\" class=\"alignnone size-large wp-image-4731\" src=\"https:\/\/www.f3f.ch\/wp-content\/uploads\/2019\/06\/20190604_143211-1024x576.jpg\" alt=\"\" width=\"680\" height=\"383\" srcset=\"https:\/\/www.f3f.ch\/wp-content\/uploads\/2019\/06\/20190604_143211-1024x576.jpg 1024w, https:\/\/www.f3f.ch\/wp-content\/uploads\/2019\/06\/20190604_143211-300x169.jpg 300w, https:\/\/www.f3f.ch\/wp-content\/uploads\/2019\/06\/20190604_143211-768x432.jpg 768w, https:\/\/www.f3f.ch\/wp-content\/uploads\/2019\/06\/20190604_143211-680x383.jpg 680w, https:\/\/www.f3f.ch\/wp-content\/uploads\/2019\/06\/20190604_143211-940x529.jpg 940w\" sizes=\"(max-width: 680px) 100vw, 680px\" \/><\/a><\/p>\n<p><a href=\"https:\/\/www.f3f.ch\/wp-content\/uploads\/2019\/06\/20190603_121704.jpg\"><img loading=\"lazy\" decoding=\"async\" class=\"alignnone size-large wp-image-4736\" src=\"https:\/\/www.f3f.ch\/wp-content\/uploads\/2019\/06\/20190603_121704-1024x576.jpg\" alt=\"\" width=\"680\" height=\"383\" srcset=\"https:\/\/www.f3f.ch\/wp-content\/uploads\/2019\/06\/20190603_121704-1024x576.jpg 1024w, https:\/\/www.f3f.ch\/wp-content\/uploads\/2019\/06\/20190603_121704-300x169.jpg 300w, https:\/\/www.f3f.ch\/wp-content\/uploads\/2019\/06\/20190603_121704-768x432.jpg 768w, https:\/\/www.f3f.ch\/wp-content\/uploads\/2019\/06\/20190603_121704-680x383.jpg 680w, https:\/\/www.f3f.ch\/wp-content\/uploads\/2019\/06\/20190603_121704-940x529.jpg 940w\" sizes=\"(max-width: 680px) 100vw, 680px\" \/><\/a><\/p>\n<p>&nbsp;<\/p>\n<p>&nbsp;<\/p>\n","protected":false},"excerpt":{"rendered":"<p>Da es nicht nur um Wettbewerb bei F3F geht, sondern auch um Reiselust, haben Martin und ich beschlossen an den Norway Open 2019 mitzufliegen. Der Flug ging am Mittwoch entspannt \u00fcber Amsterdam nach Stavanger. KLM forderte 40 Euro f\u00fcr die&hellip;<\/p>\n","protected":false},"author":4,"featured_media":4734,"comment_status":"open","ping_status":"open","sticky":false,"template":"","format":"standard","meta":{"footnotes":""},"categories":[1,20,21,17],"tags":[99,102,9,100,97,98,101],"_links":{"self":[{"href":"https:\/\/www.f3f.ch\/index.php?rest_route=\/wp\/v2\/posts\/4722"}],"collection":[{"href":"https:\/\/www.f3f.ch\/index.php?rest_route=\/wp\/v2\/posts"}],"about":[{"href":"https:\/\/www.f3f.ch\/index.php?rest_route=\/wp\/v2\/types\/post"}],"author":[{"embeddable":true,"href":"https:\/\/www.f3f.ch\/index.php?rest_route=\/wp\/v2\/users\/4"}],"replies":[{"embeddable":true,"href":"https:\/\/www.f3f.ch\/index.php?rest_route=%2Fwp%2Fv2%2Fcomments&post=4722"}],"version-history":[{"count":12,"href":"https:\/\/www.f3f.ch\/index.php?rest_route=\/wp\/v2\/posts\/4722\/revisions"}],"predecessor-version":[{"id":4748,"href":"https:\/\/www.f3f.ch\/index.php?rest_route=\/wp\/v2\/posts\/4722\/revisions\/4748"}],"wp:featuredmedia":[{"embeddable":true,"href":"https:\/\/www.f3f.ch\/index.php?rest_route=\/wp\/v2\/media\/4734"}],"wp:attachment":[{"href":"https:\/\/www.f3f.ch\/index.php?rest_route=%2Fwp%2Fv2%2Fmedia&parent=4722"}],"wp:term":[{"taxonomy":"category","embeddable":true,"href":"https:\/\/www.f3f.ch\/index.php?rest_route=%2Fwp%2Fv2%2Fcategories&post=4722"},{"taxonomy":"post_tag","embeddable":true,"href":"https:\/\/www.f3f.ch\/index.php?rest_route=%2Fwp%2Fv2%2Ftags&post=4722"}],"curies":[{"name":"wp","href":"https:\/\/api.w.org\/{rel}","templated":true}]}}