{"id":4914,"date":"2019-11-09T20:10:34","date_gmt":"2019-11-09T18:10:34","guid":{"rendered":"https:\/\/www.f3f.ch\/?p=4914"},"modified":"2019-11-10T11:38:58","modified_gmt":"2019-11-10T09:38:58","slug":"f3f-schweizermeisterschaft-2019","status":"publish","type":"post","link":"https:\/\/www.f3f.ch\/?p=4914","title":{"rendered":"F3F Schweizermeisterschaft 2019"},"content":{"rendered":"<p>Am Sonntagmorgen den 27.10.19 trafen sich 20 F3F begeisterte in Auta Chia um den F3F Meister 2019 zu bestimmen.<br \/>\nEs kamen Piloten aus der ganzen Schweiz aber auch aus Deutschland. Als besonderen Gast durften wir den fr\u00e4nkischen Grossmeister Siggi Schedel begr\u00fcssen. Siggi hat dieses Jahr die F3f World Cup Serie gewonnen. Herzlichen Gl\u00fcckwunsch.<br \/>\nBesonders erfreulich war, das auch dieses Jahr wieder einige Neulinge den Weg ins Greyezerland gefunden haben.<br \/>\nChristian K\u00e4mpf, Helmut Roth und Simon Eggimann haben noch nie zuvor bei einem F3F Rennen mitgemacht.<br \/>\nRespekt das ihr euch der Konkurenz gestellt habt. Ich hoffe wir sehen euch bald \u00f6fter beim F3F.<br \/>\nToll war auch, dass sich unsere Besucher von der MG Brugg f\u00fcr den Wenden&#8220;frohn&#8220;dienst zur Verf\u00fcgung stellten. Vielen Dank daf\u00fcr.<\/p>\n<div id=\"attachment_4927\" style=\"width: 690px\" class=\"wp-caption alignnone\"><a href=\"https:\/\/www.f3f.ch\/wp-content\/uploads\/2019\/11\/f3f-sm-2019-10.jpg\"><img loading=\"lazy\" decoding=\"async\" aria-describedby=\"caption-attachment-4927\" class=\"wp-image-4927 size-large\" title=\"F3F Prominenz aus Deutschland Siggi Schedel (rechts im Bild)\" src=\"https:\/\/www.f3f.ch\/wp-content\/uploads\/2019\/11\/f3f-sm-2019-10-1024x490.jpg\" alt=\"F3F Prominenz aus Deutschland Siggi Schedel (rechts im Bild)\" width=\"680\" height=\"325\" srcset=\"https:\/\/www.f3f.ch\/wp-content\/uploads\/2019\/11\/f3f-sm-2019-10-1024x490.jpg 1024w, https:\/\/www.f3f.ch\/wp-content\/uploads\/2019\/11\/f3f-sm-2019-10-300x143.jpg 300w, https:\/\/www.f3f.ch\/wp-content\/uploads\/2019\/11\/f3f-sm-2019-10-768x367.jpg 768w, https:\/\/www.f3f.ch\/wp-content\/uploads\/2019\/11\/f3f-sm-2019-10-680x325.jpg 680w, https:\/\/www.f3f.ch\/wp-content\/uploads\/2019\/11\/f3f-sm-2019-10-940x449.jpg 940w, https:\/\/www.f3f.ch\/wp-content\/uploads\/2019\/11\/f3f-sm-2019-10.jpg 1920w\" sizes=\"(max-width: 680px) 100vw, 680px\" \/><\/a><\/p>\n<p id=\"caption-attachment-4927\" class=\"wp-caption-text\"><span style=\"color: #999999;\"><em>F3F Prominenz aus Deutschland Siggi Schedel (rechts im Bild)<\/em><\/span><\/p>\n<\/div>\n<p>Der Tag begann mit dem Aufstieg zur Startstelle.<br \/>\nDie Temperturen waren den ganzen Tag sehr angenehm, schien doch reichlich die Sonne.<br \/>\nDer Wind liess einen fr\u00fchen Wettbewerbsstart nicht zu. Somit konnte der Hang zun\u00e4chst f\u00fcr Sportsflying freigegeben werden.<br \/>\nGegen 11.30 startete Jiri Hladky die SM 2019.<\/p>\n<div id=\"attachment_4933\" style=\"width: 650px\" class=\"wp-caption alignnone\"><a href=\"https:\/\/www.f3f.ch\/wp-content\/uploads\/2019\/11\/f3f-sm-2019-16.jpg\"><img loading=\"lazy\" decoding=\"async\" aria-describedby=\"caption-attachment-4933\" class=\"wp-image-4933\" src=\"https:\/\/www.f3f.ch\/wp-content\/uploads\/2019\/11\/f3f-sm-2019-16-300x197.jpg\" alt=\"World famous F3F pilot and photographer,Jiri Hladky\" width=\"640\" height=\"421\" srcset=\"https:\/\/www.f3f.ch\/wp-content\/uploads\/2019\/11\/f3f-sm-2019-16-300x197.jpg 300w, https:\/\/www.f3f.ch\/wp-content\/uploads\/2019\/11\/f3f-sm-2019-16-768x505.jpg 768w, https:\/\/www.f3f.ch\/wp-content\/uploads\/2019\/11\/f3f-sm-2019-16-680x447.jpg 680w, https:\/\/www.f3f.ch\/wp-content\/uploads\/2019\/11\/f3f-sm-2019-16-940x618.jpg 940w, https:\/\/www.f3f.ch\/wp-content\/uploads\/2019\/11\/f3f-sm-2019-16.jpg 1011w\" sizes=\"(max-width: 640px) 100vw, 640px\" \/><\/a><\/p>\n<p id=\"caption-attachment-4933\" class=\"wp-caption-text\"><span style=\"color: #999999;\"><em>World famous F3F pilot and photographer, Jiri Hladky<\/em><\/span><\/p>\n<\/div>\n<p>Es folgten darauf 6 Runden sodass am Ende total 7 Runden auf dem Zettel standen.<br \/>\nIn den ersten 1-3 Runden waren noch einige Reflights zu beklagen, da die 3m\/s unterschritten wurden, aber sp\u00e4ter blies der Wind best\u00e4ndig zwischen 4 und 7 m\/s. Thermik war steht&#8217;s ein Thema, aber h\u00e4ufig hielt diese nicht \u00fcber 10 Strecken.<br \/>\nDie B Wende machte in den ersten Runden recht vielen Piloten grossen Kummer. So war die H\u00e4ufigkeit der Verwender recht hoch.<br \/>\nSp\u00e4ter besserte sich das.<\/p>\n<p><a href=\"https:\/\/www.f3f.ch\/wp-content\/uploads\/2019\/11\/f3f-sm-2019-5.jpg\"><img loading=\"lazy\" decoding=\"async\" class=\"size-large wp-image-4922 alignnone\" src=\"https:\/\/www.f3f.ch\/wp-content\/uploads\/2019\/11\/f3f-sm-2019-5-1024x576.jpg\" alt=\"\" width=\"680\" height=\"383\" srcset=\"https:\/\/www.f3f.ch\/wp-content\/uploads\/2019\/11\/f3f-sm-2019-5-1024x576.jpg 1024w, https:\/\/www.f3f.ch\/wp-content\/uploads\/2019\/11\/f3f-sm-2019-5-300x169.jpg 300w, https:\/\/www.f3f.ch\/wp-content\/uploads\/2019\/11\/f3f-sm-2019-5-768x432.jpg 768w, https:\/\/www.f3f.ch\/wp-content\/uploads\/2019\/11\/f3f-sm-2019-5-680x383.jpg 680w, https:\/\/www.f3f.ch\/wp-content\/uploads\/2019\/11\/f3f-sm-2019-5-940x529.jpg 940w, https:\/\/www.f3f.ch\/wp-content\/uploads\/2019\/11\/f3f-sm-2019-5.jpg 1920w\" sizes=\"(max-width: 680px) 100vw, 680px\" \/><\/a><\/p>\n<p>Es waren 2 verschiedene Flugstile auszumachen. Beide konnten zu guten Ergebnissen f\u00fchren.<br \/>\nAuf der einen Seite der eher dynamische, weite mit hochgezogenen Wenden, \u00e4hnlich dem an der K\u00fcste.<br \/>\nAndererseits der kurze, direkte mit horzontalen Wenden.<br \/>\nMehrheitlich kam der kurze, direkte zur Anwendung.<\/p>\n<div id=\"attachment_4932\" style=\"width: 690px\" class=\"wp-caption alignnone\"><a href=\"https:\/\/www.f3f.ch\/wp-content\/uploads\/2019\/11\/f3f-sm-2019-14.jpg\"><img loading=\"lazy\" decoding=\"async\" aria-describedby=\"caption-attachment-4932\" class=\"wp-image-4932 size-large\" src=\"https:\/\/www.f3f.ch\/wp-content\/uploads\/2019\/11\/f3f-sm-2019-14-1024x768.jpg\" alt=\"\" width=\"680\" height=\"510\" srcset=\"https:\/\/www.f3f.ch\/wp-content\/uploads\/2019\/11\/f3f-sm-2019-14.jpg 1024w, https:\/\/www.f3f.ch\/wp-content\/uploads\/2019\/11\/f3f-sm-2019-14-300x225.jpg 300w, https:\/\/www.f3f.ch\/wp-content\/uploads\/2019\/11\/f3f-sm-2019-14-768x576.jpg 768w, https:\/\/www.f3f.ch\/wp-content\/uploads\/2019\/11\/f3f-sm-2019-14-680x510.jpg 680w, https:\/\/www.f3f.ch\/wp-content\/uploads\/2019\/11\/f3f-sm-2019-14-940x705.jpg 940w\" sizes=\"(max-width: 680px) 100vw, 680px\" \/><\/a><\/p>\n<p id=\"caption-attachment-4932\" class=\"wp-caption-text\"><em><span style=\"color: #999999;\">Markus holt Schweizer Meister Titel zur\u00fcck<\/span><\/em><\/p>\n<\/div>\n<p>Am Ende waren dann die gl\u00fccklichen Sieger:<br \/>\n1. Markus Meissner<br \/>\n2. Paul B\u00f6hlen<br \/>\n3. Siggi Schedel<br \/>\nDa Siggi f\u00fcr Deutschland fliegt z\u00e4hlt er nicht f\u00fcr das schweizer Podest.<\/p>\n<p>Das schweizer Podest:<br \/>\n1. Markus Meissner<br \/>\n2. Paul B\u00f6hlen<br \/>\n3. Oliver Goldammer<\/p>\n<p>Sehr bemerkenswert war, dass Paul mit dem sehr verdienten 2. Platz zeigte, dass Alter kein Hinderniss f\u00fcr Topleistungen ist.<br \/>\nEr pilotierte sein Sportger\u00e4t ohne Fehler und sehr pr\u00e4zis.<br \/>\nHoffe wir sehen Dich noch an vielen schweizer F3F Meisterschaften. Bravo.<br \/>\nOliver Goldammer konnte durch sehr pr\u00e4zise Fl\u00fcge seine 3. Platzierung vom Vorjahr halten. Eine sehr konstante Bilanz.<\/p>\n<p>Es ist allen Teilnehmern zu danken, dass durch ihre Teilnahme die F3F Klasse in der Schweiz lebt.<\/p>\n<div id=\"attachment_4931\" style=\"width: 690px\" class=\"wp-caption alignnone\"><a href=\"https:\/\/www.f3f.ch\/wp-content\/uploads\/2019\/11\/f3f-sm-2019-15.jpg\"><img loading=\"lazy\" decoding=\"async\" aria-describedby=\"caption-attachment-4931\" class=\"size-large wp-image-4931\" src=\"https:\/\/www.f3f.ch\/wp-content\/uploads\/2019\/11\/f3f-sm-2019-15-1024x564.jpg\" alt=\"\" width=\"680\" height=\"375\" srcset=\"https:\/\/www.f3f.ch\/wp-content\/uploads\/2019\/11\/f3f-sm-2019-15-1024x564.jpg 1024w, https:\/\/www.f3f.ch\/wp-content\/uploads\/2019\/11\/f3f-sm-2019-15-300x165.jpg 300w, https:\/\/www.f3f.ch\/wp-content\/uploads\/2019\/11\/f3f-sm-2019-15-768x423.jpg 768w, https:\/\/www.f3f.ch\/wp-content\/uploads\/2019\/11\/f3f-sm-2019-15-680x375.jpg 680w, https:\/\/www.f3f.ch\/wp-content\/uploads\/2019\/11\/f3f-sm-2019-15-940x518.jpg 940w, https:\/\/www.f3f.ch\/wp-content\/uploads\/2019\/11\/f3f-sm-2019-15.jpg 1920w\" sizes=\"(max-width: 680px) 100vw, 680px\" \/><\/a><\/p>\n<p id=\"caption-attachment-4931\" class=\"wp-caption-text\"><em><span style=\"color: #999999;\">Die Medallientr\u00e4ger in w\u00fcrdigem Rahmen vor den Greyerzer Bergen<\/span><\/em><\/p>\n<\/div>\n<p>Den gr\u00f6ssten Dank m\u00f6chte ich aber &#8222;el Pr\u00e4sidente&#8220; Martin Ulrich aussprechen.<br \/>\nIst es doch immer ein grosser Kraftakt eine SM auf die Beine zu stellen, und sich in den Dienst der F3F Gemeinschaft zu stellen.<br \/>\nOhne Martin w\u00e4re F3F in der Schweiz nicht das was es heute ist. Bravo.<\/p>\n<p>Markus<\/p>\n<p>Text: Markus Meissner<br \/>\nFotos von Jiri Hladky, Max Althaus<br \/>\nFotoredaktion: Martin Ulrich<\/p>\n<p>Die eingesetzten Modelle Patz1-10:<br \/>\n1. Neo;\u00a0\u00a0 2.Jedi Lift; \u00a0 3.Pitbull 2;\u00a0\u00a0 4. Pitbull 2;\u00a0\u00a0 5.Pitbull 2;\u00a0\u00a0 6. Shinto;\u00a0\u00a0 7.Device;\u00a0\u00a0\u00a0 8.FS?;\u00a0\u00a0\u00a0 9.Device;\u00a0\u00a0 10. FS4<\/p>\n<p>Ergebniss: <a href=\"https:\/\/www.f3xvault.com\/?action=event&amp;function=event_view&amp;event_id=1686\">f3xVault<\/a><\/p>\n<p>&nbsp;<\/p>\n<div id='gallery-1' class='gallery galleryid-4914 gallery-columns-3 gallery-size-thumbnail'>\n<dl class='gallery-item'>\n<dt class='gallery-icon landscape'>\n\t\t\t\t<a href='https:\/\/www.f3f.ch\/wp-content\/uploads\/2019\/11\/f3f-sm-2019-3.jpg'><img loading=\"lazy\" decoding=\"async\" width=\"150\" height=\"150\" src=\"https:\/\/www.f3f.ch\/wp-content\/uploads\/2019\/11\/f3f-sm-2019-3-150x150.jpg\" class=\"attachment-thumbnail size-thumbnail\" alt=\"\" \/><\/a>\n\t\t\t<\/dt>\n<\/dl>\n<dl class='gallery-item'>\n<dt class='gallery-icon landscape'>\n\t\t\t\t<a href='https:\/\/www.f3f.ch\/wp-content\/uploads\/2019\/11\/f3f-sm-2019-9.jpg'><img loading=\"lazy\" decoding=\"async\" width=\"150\" height=\"150\" src=\"https:\/\/www.f3f.ch\/wp-content\/uploads\/2019\/11\/f3f-sm-2019-9-150x150.jpg\" class=\"attachment-thumbnail size-thumbnail\" alt=\"\" aria-describedby=\"gallery-1-4926\" \/><\/a>\n\t\t\t<\/dt>\n<dd class='wp-caption-text gallery-caption' id='gallery-1-4926'>\n\t\t\t\tWarm Up\n\t\t\t\t<\/dd>\n<\/dl>\n<dl class='gallery-item'>\n<dt class='gallery-icon landscape'>\n\t\t\t\t<a href='https:\/\/www.f3f.ch\/wp-content\/uploads\/2019\/11\/f3f-sm-2019-8.jpg'><img loading=\"lazy\" decoding=\"async\" width=\"150\" height=\"150\" src=\"https:\/\/www.f3f.ch\/wp-content\/uploads\/2019\/11\/f3f-sm-2019-8-150x150.jpg\" class=\"attachment-thumbnail size-thumbnail\" alt=\"\" aria-describedby=\"gallery-1-4925\" \/><\/a>\n\t\t\t<\/dt>\n<dd class='wp-caption-text gallery-caption' id='gallery-1-4925'>\n\t\t\t\tPilots\n\t\t\t\t<\/dd>\n<\/dl>\n<p><br style=\"clear: both\" \/><\/p>\n<dl class='gallery-item'>\n<dt class='gallery-icon landscape'>\n\t\t\t\t<a href='https:\/\/www.f3f.ch\/wp-content\/uploads\/2019\/11\/f3f-sm-2019-10.jpg'><img loading=\"lazy\" decoding=\"async\" width=\"150\" height=\"150\" src=\"https:\/\/www.f3f.ch\/wp-content\/uploads\/2019\/11\/f3f-sm-2019-10-150x150.jpg\" class=\"attachment-thumbnail size-thumbnail\" alt=\"\" aria-describedby=\"gallery-1-4927\" \/><\/a>\n\t\t\t<\/dt>\n<dd class='wp-caption-text gallery-caption' id='gallery-1-4927'>\n\t\t\t\tPilots\n\t\t\t\t<\/dd>\n<\/dl>\n<dl class='gallery-item'>\n<dt class='gallery-icon landscape'>\n\t\t\t\t<a href='https:\/\/www.f3f.ch\/wp-content\/uploads\/2019\/11\/f3f-sm-2019-1.jpg'><img loading=\"lazy\" decoding=\"async\" width=\"150\" height=\"150\" src=\"https:\/\/www.f3f.ch\/wp-content\/uploads\/2019\/11\/f3f-sm-2019-1-150x150.jpg\" class=\"attachment-thumbnail size-thumbnail\" alt=\"\" aria-describedby=\"gallery-1-4918\" \/><\/a>\n\t\t\t<\/dt>\n<dd class='wp-caption-text gallery-caption' id='gallery-1-4918'>\n\t\t\t\tStefan Bertschi\n\t\t\t\t<\/dd>\n<\/dl>\n<dl class='gallery-item'>\n<dt class='gallery-icon landscape'>\n\t\t\t\t<a href='https:\/\/www.f3f.ch\/wp-content\/uploads\/2019\/11\/f3f-sm-2019-13.jpg'><img loading=\"lazy\" decoding=\"async\" width=\"150\" height=\"150\" src=\"https:\/\/www.f3f.ch\/wp-content\/uploads\/2019\/11\/f3f-sm-2019-13-150x150.jpg\" class=\"attachment-thumbnail size-thumbnail\" alt=\"\" aria-describedby=\"gallery-1-4930\" \/><\/a>\n\t\t\t<\/dt>\n<dd class='wp-caption-text gallery-caption' id='gallery-1-4930'>\n\t\t\t\tWarm Up\n\t\t\t\t<\/dd>\n<\/dl>\n<p><br style=\"clear: both\" \/><\/p>\n<dl class='gallery-item'>\n<dt class='gallery-icon landscape'>\n\t\t\t\t<a href='https:\/\/www.f3f.ch\/wp-content\/uploads\/2019\/11\/f3f-sm-2019-12.jpg'><img loading=\"lazy\" decoding=\"async\" width=\"150\" height=\"150\" src=\"https:\/\/www.f3f.ch\/wp-content\/uploads\/2019\/11\/f3f-sm-2019-12-150x150.jpg\" class=\"attachment-thumbnail size-thumbnail\" alt=\"\" \/><\/a>\n\t\t\t<\/dt>\n<\/dl>\n<dl class='gallery-item'>\n<dt class='gallery-icon landscape'>\n\t\t\t\t<a href='https:\/\/www.f3f.ch\/wp-content\/uploads\/2019\/11\/f3f-sm-2019-11.jpg'><img loading=\"lazy\" decoding=\"async\" width=\"150\" height=\"150\" src=\"https:\/\/www.f3f.ch\/wp-content\/uploads\/2019\/11\/f3f-sm-2019-11-150x150.jpg\" class=\"attachment-thumbnail size-thumbnail\" alt=\"\" aria-describedby=\"gallery-1-4928\" \/><\/a>\n\t\t\t<\/dt>\n<dd class='wp-caption-text gallery-caption' id='gallery-1-4928'>\n\t\t\t\tSiggi Schedel\n\t\t\t\t<\/dd>\n<\/dl>\n<dl class='gallery-item'>\n<dt class='gallery-icon landscape'>\n\t\t\t\t<a href='https:\/\/www.f3f.ch\/wp-content\/uploads\/2019\/11\/f3f-sm-2019-16.jpg'><img loading=\"lazy\" decoding=\"async\" width=\"150\" height=\"150\" src=\"https:\/\/www.f3f.ch\/wp-content\/uploads\/2019\/11\/f3f-sm-2019-16-150x150.jpg\" class=\"attachment-thumbnail size-thumbnail\" alt=\"\" aria-describedby=\"gallery-1-4933\" \/><\/a>\n\t\t\t<\/dt>\n<dd class='wp-caption-text gallery-caption' id='gallery-1-4933'>\n\t\t\t\tJiri Hladky\n\t\t\t\t<\/dd>\n<\/dl>\n<p><br style=\"clear: both\" \/><\/p>\n<dl class='gallery-item'>\n<dt class='gallery-icon landscape'>\n\t\t\t\t<a href='https:\/\/www.f3f.ch\/wp-content\/uploads\/2019\/11\/f3f-sm-2019-14.jpg'><img loading=\"lazy\" decoding=\"async\" width=\"150\" height=\"150\" src=\"https:\/\/www.f3f.ch\/wp-content\/uploads\/2019\/11\/f3f-sm-2019-14-150x150.jpg\" class=\"attachment-thumbnail size-thumbnail\" alt=\"\" aria-describedby=\"gallery-1-4932\" \/><\/a>\n\t\t\t<\/dt>\n<dd class='wp-caption-text gallery-caption' id='gallery-1-4932'>\n\t\t\t\tMarkus Meissner\n\t\t\t\t<\/dd>\n<\/dl>\n<dl class='gallery-item'>\n<dt class='gallery-icon landscape'>\n\t\t\t\t<a href='https:\/\/www.f3f.ch\/wp-content\/uploads\/2019\/11\/f3f-sm-2019-7.jpg'><img loading=\"lazy\" decoding=\"async\" width=\"150\" height=\"150\" src=\"https:\/\/www.f3f.ch\/wp-content\/uploads\/2019\/11\/f3f-sm-2019-7-150x150.jpg\" class=\"attachment-thumbnail size-thumbnail\" alt=\"\" aria-describedby=\"gallery-1-4924\" \/><\/a>\n\t\t\t<\/dt>\n<dd class='wp-caption-text gallery-caption' id='gallery-1-4924'>\n\t\t\t\tPilots\n\t\t\t\t<\/dd>\n<\/dl>\n<dl class='gallery-item'>\n<dt class='gallery-icon landscape'>\n\t\t\t\t<a href='https:\/\/www.f3f.ch\/wp-content\/uploads\/2019\/11\/f3f-sm-2019-6.jpg'><img loading=\"lazy\" decoding=\"async\" width=\"150\" height=\"150\" src=\"https:\/\/www.f3f.ch\/wp-content\/uploads\/2019\/11\/f3f-sm-2019-6-150x150.jpg\" class=\"attachment-thumbnail size-thumbnail\" alt=\"\" aria-describedby=\"gallery-1-4923\" \/><\/a>\n\t\t\t<\/dt>\n<dd class='wp-caption-text gallery-caption' id='gallery-1-4923'>\n\t\t\t\tan der Wende\n\t\t\t\t<\/dd>\n<\/dl>\n<p><br style=\"clear: both\" \/><\/p>\n<dl class='gallery-item'>\n<dt class='gallery-icon landscape'>\n\t\t\t\t<a href='https:\/\/www.f3f.ch\/wp-content\/uploads\/2019\/11\/f3f-sm-2019-5.jpg'><img loading=\"lazy\" decoding=\"async\" width=\"150\" height=\"150\" src=\"https:\/\/www.f3f.ch\/wp-content\/uploads\/2019\/11\/f3f-sm-2019-5-150x150.jpg\" class=\"attachment-thumbnail size-thumbnail\" alt=\"\" aria-describedby=\"gallery-1-4922\" \/><\/a>\n\t\t\t<\/dt>\n<dd class='wp-caption-text gallery-caption' id='gallery-1-4922'>\n\t\t\t\tOli Goldammer wirft&#8230;\n\t\t\t\t<\/dd>\n<\/dl>\n<dl class='gallery-item'>\n<dt class='gallery-icon landscape'>\n\t\t\t\t<a href='https:\/\/www.f3f.ch\/wp-content\/uploads\/2019\/11\/f3f-sm-2019-4.jpg'><img loading=\"lazy\" decoding=\"async\" width=\"150\" height=\"150\" src=\"https:\/\/www.f3f.ch\/wp-content\/uploads\/2019\/11\/f3f-sm-2019-4-150x150.jpg\" class=\"attachment-thumbnail size-thumbnail\" alt=\"\" aria-describedby=\"gallery-1-4921\" \/><\/a>\n\t\t\t<\/dt>\n<dd class='wp-caption-text gallery-caption' id='gallery-1-4921'>\n\t\t\t\tFreestyler\n\t\t\t\t<\/dd>\n<\/dl>\n<dl class='gallery-item'>\n<dt class='gallery-icon landscape'>\n\t\t\t\t<a href='https:\/\/www.f3f.ch\/wp-content\/uploads\/2019\/11\/f3f-sm-2019-2.jpg'><img loading=\"lazy\" decoding=\"async\" width=\"150\" height=\"150\" src=\"https:\/\/www.f3f.ch\/wp-content\/uploads\/2019\/11\/f3f-sm-2019-2-150x150.jpg\" class=\"attachment-thumbnail size-thumbnail\" alt=\"\" \/><\/a>\n\t\t\t<\/dt>\n<\/dl>\n<p><br style=\"clear: both\" \/><\/p>\n<dl class='gallery-item'>\n<dt class='gallery-icon landscape'>\n\t\t\t\t<a href='https:\/\/www.f3f.ch\/wp-content\/uploads\/2019\/11\/f3f-sm-2019-15.jpg'><img loading=\"lazy\" decoding=\"async\" width=\"150\" height=\"150\" src=\"https:\/\/www.f3f.ch\/wp-content\/uploads\/2019\/11\/f3f-sm-2019-15-150x150.jpg\" class=\"attachment-thumbnail size-thumbnail\" alt=\"\" aria-describedby=\"gallery-1-4931\" \/><\/a>\n\t\t\t<\/dt>\n<dd class='wp-caption-text gallery-caption' id='gallery-1-4931'>\n\t\t\t\tSM 2019\n\t\t\t\t<\/dd>\n<\/dl>\n<p>\t\t\t<br style='clear: both' \/>\n\t\t<\/div>\n<p>&nbsp;<\/p>\n","protected":false},"excerpt":{"rendered":"<p>Am Sonntagmorgen den 27.10.19 trafen sich 20 F3F begeisterte in Auta Chia um den F3F Meister 2019 zu bestimmen. Es kamen Piloten aus der ganzen Schweiz aber auch aus Deutschland. Als besonderen Gast durften wir den fr\u00e4nkischen Grossmeister Siggi Schedel&hellip;<\/p>\n","protected":false},"author":4,"featured_media":4920,"comment_status":"open","ping_status":"open","sticky":false,"template":"","format":"standard","meta":{"footnotes":""},"categories":[33,17],"tags":[37],"_links":{"self":[{"href":"https:\/\/www.f3f.ch\/index.php?rest_route=\/wp\/v2\/posts\/4914"}],"collection":[{"href":"https:\/\/www.f3f.ch\/index.php?rest_route=\/wp\/v2\/posts"}],"about":[{"href":"https:\/\/www.f3f.ch\/index.php?rest_route=\/wp\/v2\/types\/post"}],"author":[{"embeddable":true,"href":"https:\/\/www.f3f.ch\/index.php?rest_route=\/wp\/v2\/users\/4"}],"replies":[{"embeddable":true,"href":"https:\/\/www.f3f.ch\/index.php?rest_route=%2Fwp%2Fv2%2Fcomments&post=4914"}],"version-history":[{"count":12,"href":"https:\/\/www.f3f.ch\/index.php?rest_route=\/wp\/v2\/posts\/4914\/revisions"}],"predecessor-version":[{"id":4944,"href":"https:\/\/www.f3f.ch\/index.php?rest_route=\/wp\/v2\/posts\/4914\/revisions\/4944"}],"wp:featuredmedia":[{"embeddable":true,"href":"https:\/\/www.f3f.ch\/index.php?rest_route=\/wp\/v2\/media\/4920"}],"wp:attachment":[{"href":"https:\/\/www.f3f.ch\/index.php?rest_route=%2Fwp%2Fv2%2Fmedia&parent=4914"}],"wp:term":[{"taxonomy":"category","embeddable":true,"href":"https:\/\/www.f3f.ch\/index.php?rest_route=%2Fwp%2Fv2%2Fcategories&post=4914"},{"taxonomy":"post_tag","embeddable":true,"href":"https:\/\/www.f3f.ch\/index.php?rest_route=%2Fwp%2Fv2%2Ftags&post=4914"}],"curies":[{"name":"wp","href":"https:\/\/api.w.org\/{rel}","templated":true}]}}