{"id":5060,"date":"2020-10-23T20:40:34","date_gmt":"2020-10-23T18:40:34","guid":{"rendered":"https:\/\/www.f3f.ch\/?p=5060"},"modified":"2020-10-23T20:40:34","modified_gmt":"2020-10-23T18:40:34","slug":"2020-german-open-light","status":"publish","type":"post","link":"https:\/\/www.f3f.ch\/?p=5060","title":{"rendered":"2020 German Open light"},"content":{"rendered":"<p>Das Jahr 2020 hat es einem an Wettbewerben interessierten Piloten nicht einfach gemacht.<br \/>\nUm so erfreuter war ich als die German open auf R\u00fcgen ausgeschrieben wurde.<br \/>\nWar doch eigentlich ein Pausejahr vorgesehen.<br \/>\nEs meldeten sich dann auch gegen 70 Teilnehmer.<br \/>\nLeider mussten 40 wieder absagen, da die Coronaregelungen immer weiter versch\u00e4rft wurden.<br \/>\nAngetreten waren dann 30 Piloten aus \u00d6stereich, Schweiz, Polen, D\u00e4nemark und Deutschland.<\/p>\n<div id=\"attachment_5078\" style=\"width: 690px\" class=\"wp-caption alignnone\"><a href=\"https:\/\/www.f3f.ch\/wp-content\/uploads\/2020\/10\/Windmessung-scaled.jpg\"><img loading=\"lazy\" decoding=\"async\" aria-describedby=\"caption-attachment-5078\" src=\"https:\/\/www.f3f.ch\/wp-content\/uploads\/2020\/10\/Windmessung-1024x576.jpg\" alt=\"\" width=\"680\" height=\"383\" class=\"size-large wp-image-5078\" srcset=\"https:\/\/www.f3f.ch\/wp-content\/uploads\/2020\/10\/Windmessung-1024x576.jpg 1024w, https:\/\/www.f3f.ch\/wp-content\/uploads\/2020\/10\/Windmessung-300x169.jpg 300w, https:\/\/www.f3f.ch\/wp-content\/uploads\/2020\/10\/Windmessung-768x432.jpg 768w, https:\/\/www.f3f.ch\/wp-content\/uploads\/2020\/10\/Windmessung-1536x864.jpg 1536w, https:\/\/www.f3f.ch\/wp-content\/uploads\/2020\/10\/Windmessung-2048x1152.jpg 2048w, https:\/\/www.f3f.ch\/wp-content\/uploads\/2020\/10\/Windmessung-680x383.jpg 680w, https:\/\/www.f3f.ch\/wp-content\/uploads\/2020\/10\/Windmessung-940x529.jpg 940w\" sizes=\"(max-width: 680px) 100vw, 680px\" \/><\/a><\/p>\n<p id=\"caption-attachment-5078\" class=\"wp-caption-text\">&#8222;Wasnoon&#8220;<\/p>\n<\/div>\n<p>Am ersten Tag flogen wir am &#8222;Wasnoon&#8220; bei NNO Wind.<br \/>\nDieser im letzten Jahr bereits beflogene Hang zeigte sich von seiner besten Seite.<br \/>\nAuch das Landen im Acker war recht entspannt.<br \/>\nDie Steine waren nett und forderten keinen Tribut.<br \/>\nLediglich einige Kratzer an Rumpf und Tragfl\u00e4chen waren die Regel.<br \/>\nWind war so gegen 7 m\/s mein Gewicht lag so bei 3.7 kg.<br \/>\nIm nachhinein betrachtet etwas zu schwer.<br \/>\nAm besten kam an diesem Tag Andreas Herrig zurecht.<br \/>\nDieses sollte sich auch an Tag 2 fortsetzen.<br \/>\nAndreas war der beste Pilot auf dem Platz.<br \/>\nDie sehr effektive Flugbahn mit den \u00e4usserst pr\u00e4zisen Wenden f\u00fchrte bis zum Schluss zu beachtlichen 3.7% Vorsprung auf Platz 2.<br \/>\nTag 2 fing mit sehr sch\u00f6nen 15 m\/s Wind auf dem Windtunnel bei Kreptiz an.<br \/>\nZeiten zwischen 33s und 35s wurden von einigen Piloten erreicht.<br \/>\nIm Verlauf des Tages senkte sich die Windgeschwindigkeit auf ca. 7m\/s.<br \/>\nMein Gewicht lag dann immer noch bei 4 kg, was dann doch etwas viel war.<br \/>\nIch brauchte ca. 4 Strecken um den Speed aufzubauen. Dieser war dann zwar beachtlich, aber eben zu sp\u00e4t.<br \/>\nBesser w\u00e4ren wohl 3.5 kg gewesen. Naja&#8230;.wieder was gelernt.<\/p>\n<p><a href=\"https:\/\/www.f3f.ch\/wp-content\/uploads\/2020\/10\/Start.jpg\"><img loading=\"lazy\" decoding=\"async\" src=\"https:\/\/www.f3f.ch\/wp-content\/uploads\/2020\/10\/Start.jpg\" alt=\"\" width=\"640\" height=\"352\" class=\"alignnone size-full wp-image-5076\" srcset=\"https:\/\/www.f3f.ch\/wp-content\/uploads\/2020\/10\/Start.jpg 640w, https:\/\/www.f3f.ch\/wp-content\/uploads\/2020\/10\/Start-300x165.jpg 300w\" sizes=\"(max-width: 640px) 100vw, 640px\" \/><\/a><\/p>\n<p>Beeindruckend f\u00fcr mich war das K\u00f6nnen von dem Jugendlichen Mikkel Krogh.<br \/>\nMikkel startete direkt vor mir. In so jungen Jahren eine solche Konstanz hinzulegen kann man nur als sackstark bezeichen.<br \/>\nBravo!<\/p>\n<p>Bei den Flugstilen, sah man eigentlich alles. So wurde dynamisch, schnell mit weitem Weg (Schufmann), kurz (Krogh) oder ein Zwischending (Herrig) geflogen.<br \/>\nDie beflogenen H\u00e4nge waren wenig hoch aber daf\u00fcr steil.<br \/>\nHier gibt es offensichtlich mehrere Varianten schnell zu sein.<\/p>\n<p>Dieses Jahr wurden die H\u00e4nge von profesionellem Sicherheitspersonal abgesichert.<br \/>\nDas ist ein absolutes Novum an einen F3F Wettbewerb.<br \/>\nSo sorgte dieses Personal daf\u00fcr, dass sich keine Touristen unterhalb des Hanges oder hinter dem Hang aufhielten.<br \/>\nNach den traurigen Vorkommnissen in Taiwan, eine richtige Massnahme wie ich finde.<br \/>\nGrosser Dank daf\u00fcr an den Veranstalter.<br \/>\nAls Pilot f\u00fchlte man sich da sehr sicher.<br \/>\nWir haben das dann auch gleich am nach Wettbewerbs Trainig am Montag in Dranske so weitergef\u00fchrt.<br \/>\nSo war immer ein Pilot unten am Strand und hat ein Zeichen gegeben wenn Touristen am Strand waren.<br \/>\nEine \u00e4usserst sinnvoll Massnahme. Die Frequenz der Touristen war sehr hoch.<br \/>\nGrosser Dank auch an die Helfer! Sie sorgten daf\u00fcr, das dieser Event erst m\u00f6glich wurde.<br \/>\nDer ganze Ablauf hat hervorragend funktioniert. Klasse !<\/p>\n<p>Auch hat die eingesetzte Anlage hervorragend und ohne St\u00f6rung funktioniert.<br \/>\nDie Rundenergebnisse waren nach jeder Runde im F3XVault verf\u00fcgbar.<br \/>\nWie ich geh\u00f6rt habe, wurde dieser Dienst von den Daheimgebliebenen sehr gesch\u00e4tzt.<\/p>\n<p>Bei den Modellen gab es einige Neuigkeiten zu bestaunen.<br \/>\nDie MAMBA von Stefan Frauendorfer \/ Max Steidle gebaut von <a href=\"http:\/\/www.competition-tools.com\">http:\/\/www.competition-tools.com<\/a><br \/>\nund der\/die GRANE von Erik Schufmann \/ Max Steidle (ein Produzent wird noch gesucht).<br \/>\nund nat\u00fcrlich der neue FS6 von TUDM \/ Andreas Herrig  <a href=\"https:\/\/www.tud-modelltechnik.de\">https:\/\/www.tud-modelltechnik.de<\/a><br \/>\nAllen diesen Modellen kann eine F3F-Tauglichkeit attestiert werden.<\/p>\n<p>Absolut verdient gewonnen hat Andreas Herrig vor S\u00f6ren Krogh und Erik Schufmann<br \/>\nRangliste: <a href=\"https:\/\/www.f3xvault.com\/?action=event&#038;function=event_view&#038;event_id=1881\">https:\/\/www.f3xvault.com\/?action=event&#038;function=event_view&#038;event_id=1881<\/a><\/p>\n<p>Rangfolge der Modelle<br \/>\n1.FS6&#8230;2.Device&#8230;3.Grane&#8230;4.Neo&#8230;5.FS5+6?&#8230;6.Pitbull2&#8230;.7.Mamba&#8230;8.FS6&#8230;9.Device&#8230;10.CalderaR<\/p>\n<p>Tolle Videos von Jurek<br \/>\n<a href=\"https:\/\/www.youtube.com\/playlist?list=PL5Mh-Po9jYD5NTu8F0u4tKnEgY7x3515o\">https:\/\/www.youtube.com\/playlist?list=PL5Mh-Po9jYD5NTu8F0u4tKnEgY7x3515o<\/a><\/p>\n<p>Sofern sich die Coronasituation verbessert, soll es auch n\u00e4chstes Jahr eine German Open geben.<br \/>\nIch bin dabei.<\/p>\n<p>Markus<\/p>\n","protected":false},"excerpt":{"rendered":"<p>Das Jahr 2020 hat es einem an Wettbewerben interessierten Piloten nicht einfach gemacht. Um so erfreuter war ich als die German open auf R\u00fcgen ausgeschrieben wurde. War doch eigentlich ein Pausejahr vorgesehen. Es meldeten sich dann auch gegen 70 Teilnehmer.&hellip;<\/p>\n","protected":false},"author":4,"featured_media":5077,"comment_status":"open","ping_status":"open","sticky":false,"template":"","format":"standard","meta":{"footnotes":""},"categories":[1,17],"tags":[114,9,117,79,116,115,118],"_links":{"self":[{"href":"https:\/\/www.f3f.ch\/index.php?rest_route=\/wp\/v2\/posts\/5060"}],"collection":[{"href":"https:\/\/www.f3f.ch\/index.php?rest_route=\/wp\/v2\/posts"}],"about":[{"href":"https:\/\/www.f3f.ch\/index.php?rest_route=\/wp\/v2\/types\/post"}],"author":[{"embeddable":true,"href":"https:\/\/www.f3f.ch\/index.php?rest_route=\/wp\/v2\/users\/4"}],"replies":[{"embeddable":true,"href":"https:\/\/www.f3f.ch\/index.php?rest_route=%2Fwp%2Fv2%2Fcomments&post=5060"}],"version-history":[{"count":10,"href":"https:\/\/www.f3f.ch\/index.php?rest_route=\/wp\/v2\/posts\/5060\/revisions"}],"predecessor-version":[{"id":5081,"href":"https:\/\/www.f3f.ch\/index.php?rest_route=\/wp\/v2\/posts\/5060\/revisions\/5081"}],"wp:featuredmedia":[{"embeddable":true,"href":"https:\/\/www.f3f.ch\/index.php?rest_route=\/wp\/v2\/media\/5077"}],"wp:attachment":[{"href":"https:\/\/www.f3f.ch\/index.php?rest_route=%2Fwp%2Fv2%2Fmedia&parent=5060"}],"wp:term":[{"taxonomy":"category","embeddable":true,"href":"https:\/\/www.f3f.ch\/index.php?rest_route=%2Fwp%2Fv2%2Fcategories&post=5060"},{"taxonomy":"post_tag","embeddable":true,"href":"https:\/\/www.f3f.ch\/index.php?rest_route=%2Fwp%2Fv2%2Ftags&post=5060"}],"curies":[{"name":"wp","href":"https:\/\/api.w.org\/{rel}","templated":true}]}}