{"id":5196,"date":"2021-10-18T14:54:44","date_gmt":"2021-10-18T13:54:44","guid":{"rendered":"https:\/\/www.f3f.ch\/?p=5196"},"modified":"2021-10-18T14:54:44","modified_gmt":"2021-10-18T13:54:44","slug":"f3f-schweizermeisterschaft-2021-bericht","status":"publish","type":"post","link":"https:\/\/www.f3f.ch\/?p=5196","title":{"rendered":"F3F Schweizermeisterschaft 2021 \u2013 Bericht"},"content":{"rendered":"<p><b><span style=\"font-family: 'Helvetica',sans-serif;\">Bei den Hangfliegern F3F l\u00e4uft es wieder rund<\/span><\/b><\/p>\n<p>International (ausser WM) und National wurde wieder auf vollen Wettbewerbsbetrieb umgestellt.<br \/>\nBei Pyr\u00e9n\u00e9\u00e9s Cup am 1. Okt. bei Saint Feriol (F) starteten 6 Schweizer und klassierten sich sehr gut mit Res B\u00f6hlen im 6. Rang und weiteren 3 Schweizern im ersten Drittel der Rangliste bei 48 Teilnehmern. Bemerkenswert ist dass sich diese 4 vor dem langj\u00e4hrigen Dominator und Seriensieger Pierre Rondel (F) behaupten konnten: Klasse!<br \/>\n<a href=\"https:\/\/www.f3f.ch\/wp-content\/uploads\/2021\/10\/20211010_135948-scaled.jpg\"><img loading=\"lazy\" decoding=\"async\" class=\"alignleft size-large wp-image-5200\" src=\"https:\/\/www.f3f.ch\/wp-content\/uploads\/2021\/10\/20211010_135948-1024x461.jpg\" alt=\"\" width=\"680\" height=\"306\" srcset=\"https:\/\/www.f3f.ch\/wp-content\/uploads\/2021\/10\/20211010_135948-1024x461.jpg 1024w, https:\/\/www.f3f.ch\/wp-content\/uploads\/2021\/10\/20211010_135948-300x135.jpg 300w, https:\/\/www.f3f.ch\/wp-content\/uploads\/2021\/10\/20211010_135948-768x346.jpg 768w, https:\/\/www.f3f.ch\/wp-content\/uploads\/2021\/10\/20211010_135948-1536x691.jpg 1536w, https:\/\/www.f3f.ch\/wp-content\/uploads\/2021\/10\/20211010_135948-2048x922.jpg 2048w, https:\/\/www.f3f.ch\/wp-content\/uploads\/2021\/10\/20211010_135948-680x306.jpg 680w, https:\/\/www.f3f.ch\/wp-content\/uploads\/2021\/10\/20211010_135948-940x423.jpg 940w\" sizes=\"(max-width: 680px) 100vw, 680px\" \/><\/a><\/p>\n<p>Am sonnigen Samstag 10. Okt. wurde nach einigem Hin-und Her die Schweizermeisterschaft auf dem Schalmi am Hahnenmoos durchgef\u00fchrt.<br \/>\nLange war nicht sicher, ob es m\u00f6glich w\u00e4re dort zu fliegen, da das Gel\u00e4nde immer noch offen ist f\u00fcr den allgemeinen Flugbetrieb.<br \/>\nDer Hotelier Nick Reding hat sich aber eingesetzt daf\u00fcr und entschieden, dass wir es wagen sollten. Am Freitag Abend hat dann etwas Lobbying im Hotel bei den anwesenden Modellfliegern bewirkt, dass diese sich an den restlichen vorhandenen H\u00e4ngen verzogen haben und auch dort zu ihrem Flugvergn\u00fcgen kamen. Danke an alle.<br \/>\nWir hatten trotz einigen Unkenrufen einen perfekten Tag erwischt; Wind mit 4-7m\/s genau rechtwinklig zum Hang und tiefblauer Himmel (Tags zuvor verhinderte noch Nebel das Fliegen). Trotz sp\u00e4tem Beginn um 11.00 konnten 12 Runden! mit etwas mageren 13 Teilnehmern geflogen werden.<\/p>\n<p><a href=\"https:\/\/www.f3f.ch\/wp-content\/uploads\/2021\/10\/20211010_135853-scaled.jpg\"><img loading=\"lazy\" decoding=\"async\" class=\"alignleft size-large wp-image-5199\" src=\"https:\/\/www.f3f.ch\/wp-content\/uploads\/2021\/10\/20211010_135853-1024x461.jpg\" alt=\"\" width=\"680\" height=\"306\" srcset=\"https:\/\/www.f3f.ch\/wp-content\/uploads\/2021\/10\/20211010_135853-1024x461.jpg 1024w, https:\/\/www.f3f.ch\/wp-content\/uploads\/2021\/10\/20211010_135853-300x135.jpg 300w, https:\/\/www.f3f.ch\/wp-content\/uploads\/2021\/10\/20211010_135853-768x346.jpg 768w, https:\/\/www.f3f.ch\/wp-content\/uploads\/2021\/10\/20211010_135853-1536x691.jpg 1536w, https:\/\/www.f3f.ch\/wp-content\/uploads\/2021\/10\/20211010_135853-2048x922.jpg 2048w, https:\/\/www.f3f.ch\/wp-content\/uploads\/2021\/10\/20211010_135853-680x306.jpg 680w, https:\/\/www.f3f.ch\/wp-content\/uploads\/2021\/10\/20211010_135853-940x423.jpg 940w\" sizes=\"(max-width: 680px) 100vw, 680px\" \/><\/a><\/p>\n<p>Es wurde von den meisten Piloten sehr aggressiv entlang der Hangkante geflogen und manchmal beinahe die Grashalme touchiert, dabei hatte ausgerechnet der einzige deutsche Gast Mike Gantert die Nase knapp vor dem Serien-Schweizermeister Markus Meissner (MG Schaffhausen).<br \/>\nZweiter wurde Peter W\u00fcrmli (F3F Swiss Pilots) vor dem F5B Spezialisten Thomas W\u00e4ckerlin (MG Rapperswil-Jona).<br \/>\nDie schnellste Zeit wurde mit 40.88s von Sieger realisiert.<\/p>\n<p><a href=\"https:\/\/www.f3f.ch\/wp-content\/uploads\/2021\/10\/20211010_135951-scaled.jpg\"><img loading=\"lazy\" decoding=\"async\" class=\"alignleft size-large wp-image-5201\" src=\"https:\/\/www.f3f.ch\/wp-content\/uploads\/2021\/10\/20211010_135951-1024x461.jpg\" alt=\"\" width=\"680\" height=\"306\" srcset=\"https:\/\/www.f3f.ch\/wp-content\/uploads\/2021\/10\/20211010_135951-1024x461.jpg 1024w, https:\/\/www.f3f.ch\/wp-content\/uploads\/2021\/10\/20211010_135951-300x135.jpg 300w, https:\/\/www.f3f.ch\/wp-content\/uploads\/2021\/10\/20211010_135951-768x346.jpg 768w, https:\/\/www.f3f.ch\/wp-content\/uploads\/2021\/10\/20211010_135951-1536x691.jpg 1536w, https:\/\/www.f3f.ch\/wp-content\/uploads\/2021\/10\/20211010_135951-2048x922.jpg 2048w, https:\/\/www.f3f.ch\/wp-content\/uploads\/2021\/10\/20211010_135951-680x306.jpg 680w, https:\/\/www.f3f.ch\/wp-content\/uploads\/2021\/10\/20211010_135951-940x423.jpg 940w\" sizes=\"(max-width: 680px) 100vw, 680px\" \/><\/a><\/p>\n<p>Es ist eindeutig Druck auf Markus von einigen Piloten feststellbar, was sich auch in den knappen Abst\u00e4nden in der Rangliste manifestiert.<br \/>\nWir hatten noch nie so optimale Bedingungen am Schalmi, wie an diesem Samstag und diejenigen, die nicht mitgemachten, haben ein sch\u00f6nes Erlebnis verpasst.<\/p>\n<p>Ruedi Schaub<\/p>\n<p>Class SM 2021 Rankings<br \/>\nPilot Total<br \/>\n1 Markus Meissner 10568.10<br \/>\n2 Peter W\u00fcrmli 10558.85<br \/>\n3 Thomas W\u00e4ckerlin 10452.85<br \/>\n4 Philippe Glur 10256.97<br \/>\n5 Moritz Haensli 10246.60<br \/>\n6 Martin Ulrich 10137.40<br \/>\n7 Simon Eggimann 10126.39<br \/>\n8 Martin Kopp 10123.19<br \/>\n9 Olav Geesing 9986.45<br \/>\n10 Stefan von Ah 9807.73<br \/>\n11 Roland Hofmann 8709.84<br \/>\n12 Rudolf Schaub 8669.35<\/p>\n<p>Open Rankings<br \/>\nPilot Total<br \/>\n1 Mike Gantert 10586.34<br \/>\n2 Markus Meissner 10568.10<br \/>\n3 Peter W\u00fcrmli 10558.85<br \/>\n4 Thomas W\u00e4ckerlin 10452.85<br \/>\n5 Philippe Glur 10256.97<br \/>\n6 Moritz Haensli 10246.60<br \/>\n7 Martin Ulrich 10137.40<br \/>\n8 Simon Eggimann 10126.39<br \/>\n9 Martin Kopp 10123.19<br \/>\n10 Olav Geesing 9986.45<br \/>\n11 Stefan von Ah 9807.73<br \/>\n12 Roland Hofmann 8709.84<br \/>\n13 Rudolf Schaub 8669.35<\/p>\n<p>alle Resultate auf <a href=\"https:\/\/f3xvault.com\/?action=event&amp;function=event_view&amp;event_id=1943\" target=\"_blank\" rel=\"noopener\">f3xvault<\/a><\/p>\n<p>&nbsp;<\/p>\n<p><a href=\"https:\/\/www.f3f.ch\/wp-content\/uploads\/2021\/10\/20211010_174356-2.jpg\"><img loading=\"lazy\" decoding=\"async\" class=\"alignleft size-large wp-image-5202\" src=\"https:\/\/www.f3f.ch\/wp-content\/uploads\/2021\/10\/20211010_174356-2-1024x720.jpg\" alt=\"\" width=\"680\" height=\"478\" srcset=\"https:\/\/www.f3f.ch\/wp-content\/uploads\/2021\/10\/20211010_174356-2-1024x720.jpg 1024w, https:\/\/www.f3f.ch\/wp-content\/uploads\/2021\/10\/20211010_174356-2-300x211.jpg 300w, https:\/\/www.f3f.ch\/wp-content\/uploads\/2021\/10\/20211010_174356-2-768x540.jpg 768w, https:\/\/www.f3f.ch\/wp-content\/uploads\/2021\/10\/20211010_174356-2-1536x1080.jpg 1536w, https:\/\/www.f3f.ch\/wp-content\/uploads\/2021\/10\/20211010_174356-2-2048x1439.jpg 2048w, https:\/\/www.f3f.ch\/wp-content\/uploads\/2021\/10\/20211010_174356-2-680x478.jpg 680w, https:\/\/www.f3f.ch\/wp-content\/uploads\/2021\/10\/20211010_174356-2-940x661.jpg 940w\" sizes=\"(max-width: 680px) 100vw, 680px\" \/><\/a><\/p>\n","protected":false},"excerpt":{"rendered":"<p>Bei den Hangfliegern F3F l\u00e4uft es wieder rund International (ausser WM) und National wurde wieder auf vollen Wettbewerbsbetrieb umgestellt. Bei Pyr\u00e9n\u00e9\u00e9s Cup am 1. Okt. bei Saint Feriol (F) starteten 6 Schweizer und klassierten sich sehr gut mit Res B\u00f6hlen&hellip;<\/p>\n","protected":false},"author":1,"featured_media":5198,"comment_status":"open","ping_status":"open","sticky":false,"template":"","format":"standard","meta":{"footnotes":""},"categories":[1,33,17],"tags":[37,78],"_links":{"self":[{"href":"https:\/\/www.f3f.ch\/index.php?rest_route=\/wp\/v2\/posts\/5196"}],"collection":[{"href":"https:\/\/www.f3f.ch\/index.php?rest_route=\/wp\/v2\/posts"}],"about":[{"href":"https:\/\/www.f3f.ch\/index.php?rest_route=\/wp\/v2\/types\/post"}],"author":[{"embeddable":true,"href":"https:\/\/www.f3f.ch\/index.php?rest_route=\/wp\/v2\/users\/1"}],"replies":[{"embeddable":true,"href":"https:\/\/www.f3f.ch\/index.php?rest_route=%2Fwp%2Fv2%2Fcomments&post=5196"}],"version-history":[{"count":3,"href":"https:\/\/www.f3f.ch\/index.php?rest_route=\/wp\/v2\/posts\/5196\/revisions"}],"predecessor-version":[{"id":5204,"href":"https:\/\/www.f3f.ch\/index.php?rest_route=\/wp\/v2\/posts\/5196\/revisions\/5204"}],"wp:featuredmedia":[{"embeddable":true,"href":"https:\/\/www.f3f.ch\/index.php?rest_route=\/wp\/v2\/media\/5198"}],"wp:attachment":[{"href":"https:\/\/www.f3f.ch\/index.php?rest_route=%2Fwp%2Fv2%2Fmedia&parent=5196"}],"wp:term":[{"taxonomy":"category","embeddable":true,"href":"https:\/\/www.f3f.ch\/index.php?rest_route=%2Fwp%2Fv2%2Fcategories&post=5196"},{"taxonomy":"post_tag","embeddable":true,"href":"https:\/\/www.f3f.ch\/index.php?rest_route=%2Fwp%2Fv2%2Ftags&post=5196"}],"curies":[{"name":"wp","href":"https:\/\/api.w.org\/{rel}","templated":true}]}}