{"id":968,"date":"2013-09-08T19:48:58","date_gmt":"2013-09-08T17:48:58","guid":{"rendered":"http:\/\/www.f3f.ch\/?p=968"},"modified":"2013-09-09T00:42:14","modified_gmt":"2013-09-08T22:42:14","slug":"international-f3f-slovakia-open-2013-tag-3","status":"publish","type":"post","link":"https:\/\/www.f3f.ch\/?p=968","title":{"rendered":"International F3F Slovakia Open 2013 , Tag 3"},"content":{"rendered":"<p>Die \u00dcberraschung von heute schon mal vorne weg &#8211; wir konnten den Wettbewerb mit insgesamt 4 Runden\u00a0unter Gruppenwertung abschliessen!<\/p>\n<p>Wieder erwartete uns heute ein wundersch\u00f6ner sonniger Tag. Am S\u00fcdhang wurde heute Morgen gegen 10 Uhr das Rennen fortgesetzt.\u00a0Am S\u00fcdhang herrschten dann heute auch stabile Bedingungen und die Reflights waren deutlich weniger. So konnten die meisten Piloten\u00a0bei 4 m\/s und mehr ins Rennen starten.\u00a0Die S\u00fcdkante ist auch deutlich steiler und hat insgesamt mehr &#8222;Druck&#8220;.\u00a0Im Verlauf des Tages ging es dann hoch bis ca. 9 m\/s. Erst mal musste Runde 1 noch komplett fertig geflogen werden. Danach wurde wieder in Gruppen geflogen und die Gruppenzusammensetzung wurde verschoben. Die Resultate beziehen sich also auf die jeweiligen Gruppenergebnisse f\u00fcr alle Runden d.h. nicht die absolute Zeit im gesamten Teilnehmerfeld entscheidet wie viele Punkte jeweils pro Runde\u00a0und Pilot anfallen. Anders ausgedr\u00fcckt heisst dass es pro Runde f\u00fcr jede Gruppe den 1000-nder gibt. Anfangs gab es noch recht starke Wetterunterschiede so konnte Beispielsweise Siggi in kalter Luft seinen Freestyler kaum richtig am laufen halten und musste sogar noch einen Nuller kassieren weil er die Starth\u00f6he nicht mehr erreichen konnte. als n\u00e4chster Pilot nach Siggi erwischte auch ich trotz ausgereizter Startzeit keine gute Luft und bekam kaum eine vern\u00fcnftige Starth\u00f6he zusammen. Doch das Wetter besserte sich im Lauf und so konnte ich den Shooter doch noch auf eine gute Geschwindigkeit beschleunigen (63.23). Andreas Fricke flog genau nach mir und konnte die gute Luft f\u00fcr seinen ganzen Lauf ausnutzen und flog eine gute 47.5. Der Hang ist also stark thermisch gepr\u00e4gt, doch im Verlaufe des Tages wurden die wechselnden Intervalle immer k\u00fcrzer und es war alles in allem doch ziemlich ausgeglichen. &#8222;Ausreisser&#8220; nach oben und unten blieben jedoch bestehen.\u00a0In Runde 3 schrammte Siggi ein Geb\u00fcsch, sein Flieger blieb h\u00e4ngen,\u00a0\u00fcberschlug sich und krachte auf dem R\u00fccken auf\u00a0einen Felsen. Offenbar war ich so beeindruckt das ich genau den selben Busch rammte. Doch ich war st\u00e4rker als der Busch und konnte meinen Flieger wieder zum laufen bringen, musste dann jedoch noch die verpatzte Wende nachholen. Dieser Zwischenstopp kostete viiiel Sekunden und ich durfte mich dann mit einer 69 zufrieden geben.\u00a0Mein Flieger ist ohne Schaden. In der letzten Runde wollte Reto wohl nochmal alles geben und legte eindrucksvolle Kunstflugeinlagen ein. Nicht das es ihn nur Zeit gekostet hat, nein er hat\u00a0auch noch die verbotener Zone beflogen was mit einem\u00a0 lauten TUUT untermalen wurde und ihm nochmals 100 Punkte klaute. Fairerweise muss ich schreiben das Reto heute auch ganz gute und solide Runden flog. In der letzten Runde lief es auch f\u00fcr mich mal regelm\u00e4ssig und ich durfte den Tag mit einem zufriedenstellenden Flug abschliessen. Ich freue mich nun auf Morgen, da soll es richtig guten Wind geben.<\/p>\n<p>Eine Kurze Rangliste des International F3F Slovakia Open 2013<\/p>\n<p>1. Radovan PLCH, CZE<br \/>\n2. Fr\u00e9d\u00e9ric HOURS, FRA<br \/>\n3. Jaroslav VOITA, CZE<br \/>\n&#8230;<\/p>\n<p>21. Reto BLUMER<br \/>\n30. Martin ULRICH<br \/>\n42. Gianfranco CAVALLI<\/p>\n<div id='gallery-1' class='gallery galleryid-968 gallery-columns-3 gallery-size-thumbnail'>\n<dl class='gallery-item'>\n<dt class='gallery-icon landscape'>\n\t\t\t\t<a href='https:\/\/www.f3f.ch\/wp-content\/uploads\/2013\/09\/f3f-sk-open-2013-day3001.jpg'><img loading=\"lazy\" decoding=\"async\" width=\"150\" height=\"150\" src=\"https:\/\/www.f3f.ch\/wp-content\/uploads\/2013\/09\/f3f-sk-open-2013-day3001-150x150.jpg\" class=\"attachment-thumbnail size-thumbnail\" alt=\"\" \/><\/a>\n\t\t\t<\/dt>\n<\/dl>\n<dl class='gallery-item'>\n<dt class='gallery-icon landscape'>\n\t\t\t\t<a href='https:\/\/www.f3f.ch\/wp-content\/uploads\/2013\/09\/f3f-sk-open-2013-day3002.jpg'><img loading=\"lazy\" decoding=\"async\" width=\"150\" height=\"150\" src=\"https:\/\/www.f3f.ch\/wp-content\/uploads\/2013\/09\/f3f-sk-open-2013-day3002-150x150.jpg\" class=\"attachment-thumbnail size-thumbnail\" alt=\"\" \/><\/a>\n\t\t\t<\/dt>\n<\/dl>\n<dl class='gallery-item'>\n<dt class='gallery-icon landscape'>\n\t\t\t\t<a href='https:\/\/www.f3f.ch\/wp-content\/uploads\/2013\/09\/f3f-sk-open-2013-day3003.jpg'><img loading=\"lazy\" decoding=\"async\" width=\"150\" height=\"150\" src=\"https:\/\/www.f3f.ch\/wp-content\/uploads\/2013\/09\/f3f-sk-open-2013-day3003-150x150.jpg\" class=\"attachment-thumbnail size-thumbnail\" alt=\"\" \/><\/a>\n\t\t\t<\/dt>\n<\/dl>\n<p><br style=\"clear: both\" \/><\/p>\n<dl class='gallery-item'>\n<dt class='gallery-icon landscape'>\n\t\t\t\t<a href='https:\/\/www.f3f.ch\/wp-content\/uploads\/2013\/09\/f3f-sk-open-2013-day3004.jpg'><img loading=\"lazy\" decoding=\"async\" width=\"150\" height=\"150\" src=\"https:\/\/www.f3f.ch\/wp-content\/uploads\/2013\/09\/f3f-sk-open-2013-day3004-150x150.jpg\" class=\"attachment-thumbnail size-thumbnail\" alt=\"\" \/><\/a>\n\t\t\t<\/dt>\n<\/dl>\n<dl class='gallery-item'>\n<dt class='gallery-icon landscape'>\n\t\t\t\t<a href='https:\/\/www.f3f.ch\/wp-content\/uploads\/2013\/09\/f3f-sk-open-2013-day3005.jpg'><img loading=\"lazy\" decoding=\"async\" width=\"150\" height=\"150\" src=\"https:\/\/www.f3f.ch\/wp-content\/uploads\/2013\/09\/f3f-sk-open-2013-day3005-150x150.jpg\" class=\"attachment-thumbnail size-thumbnail\" alt=\"\" \/><\/a>\n\t\t\t<\/dt>\n<\/dl>\n<dl class='gallery-item'>\n<dt class='gallery-icon landscape'>\n\t\t\t\t<a href='https:\/\/www.f3f.ch\/wp-content\/uploads\/2013\/09\/f3f-sk-open-2013-day3006.jpg'><img loading=\"lazy\" decoding=\"async\" width=\"150\" height=\"150\" src=\"https:\/\/www.f3f.ch\/wp-content\/uploads\/2013\/09\/f3f-sk-open-2013-day3006-150x150.jpg\" class=\"attachment-thumbnail size-thumbnail\" alt=\"\" \/><\/a>\n\t\t\t<\/dt>\n<\/dl>\n<p><br style=\"clear: both\" \/><\/p>\n<dl class='gallery-item'>\n<dt class='gallery-icon landscape'>\n\t\t\t\t<a href='https:\/\/www.f3f.ch\/wp-content\/uploads\/2013\/09\/f3f-sk-open-2013-day3007.jpg'><img loading=\"lazy\" decoding=\"async\" width=\"150\" height=\"150\" src=\"https:\/\/www.f3f.ch\/wp-content\/uploads\/2013\/09\/f3f-sk-open-2013-day3007-150x150.jpg\" class=\"attachment-thumbnail size-thumbnail\" alt=\"\" \/><\/a>\n\t\t\t<\/dt>\n<\/dl>\n<dl class='gallery-item'>\n<dt class='gallery-icon landscape'>\n\t\t\t\t<a href='https:\/\/www.f3f.ch\/wp-content\/uploads\/2013\/09\/f3f-sk-open-2013-day3008.jpg'><img loading=\"lazy\" decoding=\"async\" width=\"150\" height=\"150\" src=\"https:\/\/www.f3f.ch\/wp-content\/uploads\/2013\/09\/f3f-sk-open-2013-day3008-150x150.jpg\" class=\"attachment-thumbnail size-thumbnail\" alt=\"\" \/><\/a>\n\t\t\t<\/dt>\n<\/dl>\n<dl class='gallery-item'>\n<dt class='gallery-icon landscape'>\n\t\t\t\t<a href='https:\/\/www.f3f.ch\/wp-content\/uploads\/2013\/09\/f3f-sk-open-2013-day3009.jpg'><img loading=\"lazy\" decoding=\"async\" width=\"150\" height=\"150\" src=\"https:\/\/www.f3f.ch\/wp-content\/uploads\/2013\/09\/f3f-sk-open-2013-day3009-150x150.jpg\" class=\"attachment-thumbnail size-thumbnail\" alt=\"\" \/><\/a>\n\t\t\t<\/dt>\n<\/dl>\n<p><br style=\"clear: both\" \/>\n\t\t<\/div>\n<p>Guet Nacht<\/p>\n<p>Martin Ulrich<\/p>\n<p>&nbsp;<\/p>\n<p>&nbsp;<\/p>\n<p>&nbsp;<\/p>\n<p>&nbsp;<\/p>\n","protected":false},"excerpt":{"rendered":"<p>Die \u00dcberraschung von heute schon mal vorne weg &#8211; wir konnten den Wettbewerb mit insgesamt 4 Runden\u00a0unter Gruppenwertung abschliessen! Wieder erwartete uns heute ein wundersch\u00f6ner sonniger Tag. Am S\u00fcdhang wurde heute Morgen gegen 10 Uhr das Rennen fortgesetzt.\u00a0Am S\u00fcdhang herrschten&hellip;<\/p>\n","protected":false},"author":1,"featured_media":975,"comment_status":"open","ping_status":"open","sticky":false,"template":"","format":"image","meta":{"footnotes":""},"categories":[17],"tags":[26,9],"_links":{"self":[{"href":"https:\/\/www.f3f.ch\/index.php?rest_route=\/wp\/v2\/posts\/968"}],"collection":[{"href":"https:\/\/www.f3f.ch\/index.php?rest_route=\/wp\/v2\/posts"}],"about":[{"href":"https:\/\/www.f3f.ch\/index.php?rest_route=\/wp\/v2\/types\/post"}],"author":[{"embeddable":true,"href":"https:\/\/www.f3f.ch\/index.php?rest_route=\/wp\/v2\/users\/1"}],"replies":[{"embeddable":true,"href":"https:\/\/www.f3f.ch\/index.php?rest_route=%2Fwp%2Fv2%2Fcomments&post=968"}],"version-history":[{"count":6,"href":"https:\/\/www.f3f.ch\/index.php?rest_route=\/wp\/v2\/posts\/968\/revisions"}],"predecessor-version":[{"id":970,"href":"https:\/\/www.f3f.ch\/index.php?rest_route=\/wp\/v2\/posts\/968\/revisions\/970"}],"wp:featuredmedia":[{"embeddable":true,"href":"https:\/\/www.f3f.ch\/index.php?rest_route=\/wp\/v2\/media\/975"}],"wp:attachment":[{"href":"https:\/\/www.f3f.ch\/index.php?rest_route=%2Fwp%2Fv2%2Fmedia&parent=968"}],"wp:term":[{"taxonomy":"category","embeddable":true,"href":"https:\/\/www.f3f.ch\/index.php?rest_route=%2Fwp%2Fv2%2Fcategories&post=968"},{"taxonomy":"post_tag","embeddable":true,"href":"https:\/\/www.f3f.ch\/index.php?rest_route=%2Fwp%2Fv2%2Ftags&post=968"}],"curies":[{"name":"wp","href":"https:\/\/api.w.org\/{rel}","templated":true}]}}