{"id":984,"date":"2013-09-09T17:51:12","date_gmt":"2013-09-09T15:51:12","guid":{"rendered":"http:\/\/www.f3f.ch\/?p=984"},"modified":"2013-09-09T17:51:12","modified_gmt":"2013-09-09T15:51:12","slug":"f3f-em-2013-in-donovaly-slowakei-tag-1","status":"publish","type":"post","link":"https:\/\/www.f3f.ch\/?p=984","title":{"rendered":"F3F EM 2013 in Donovaly, Slowakei &#8211; Tag 1"},"content":{"rendered":"<div dir=\"ltr\">\n<div>\n<div>\n<div>\n<div>\n<div>\n<div>\n<div>\n<div>\n<div>\n<div>Apr\u00e8s la c\u00e9r\u00e9monie d&#8217;ouverture du Championnat d&#8217;Europe F3F qui a eu lieu hier soir dimanche, les hostilit\u00e9s devaient d\u00e9buter ce lundi avec une premi\u00e8re journ\u00e9e de vols \u00e0 Donovaly, Slovaquie.<\/div>\n<p>Les pr\u00e9visions m\u00e9t\u00e9o laissaient pr\u00e9sager une journ\u00e9e de fous, avec &gt;10 m\/s de vent sur la pente Sud ! Apr\u00e8s un briefing \u00e0 8h au PC du championnat avec les team managers, o\u00f9 des pr\u00e9cisions et les ordres de d\u00e9parts des manches ont \u00e9t\u00e9 donn\u00e9s par l&#8217;organisateur, et o\u00f9 il fut possible de pr\u00e9ciser des questions des \u00e9quipes, nous \u00e9tions pr\u00eats \u00e0 monter \u00e0 la pente avant 9h.<\/p>\n<\/div>\n<p>Arriv\u00e9s en haut des installations, nous constatons que la m\u00e9t\u00e9o venteuse est au rendez-vous ! Mais la couverture nuageuse est aussi assez massive et les derniers rayons du soleil percent entre 9 et 10h. Avant 10h, une fois les planeurs mont\u00e9s, la premi\u00e8re manche est lanc\u00e9e pour la trentaine de concurrents. Le vent souffle en moyenne \u00e0 14-15 m\/s, baissant parfois \u00e0 12 et montant aussi des fois \u00e0 17 m\/s. Les vols s&#8217;encha\u00eene donc rapidement avec des temps nettement plus rapides que durant l&#8217;Open des trois jours pr\u00e9c\u00e9dents.<\/p>\n<\/div>\n<p>Gianfranco (dossardf 4) est le premier suisse \u00e0 affronter les \u00e9l\u00e9ments. J&#8217;ai lanc\u00e9 son Pitbull relativement peu ballast\u00e9 et il n&#8217;a pas fallu tr\u00e8s longtemps pour que le planeur prenne ais\u00e9ment une belle altitude, la portance de la pente \u00e9tant excellente. Gianfranco a finalement vol\u00e9 en env. 50 secondes, partiellement par manque d&#8217;inertie du planeur un peu l\u00e9ger pour les conditions.<\/p>\n<\/div>\n<div>Les temps des concurrents sont souvent aux alentours de 45 secondes. C&#8217;est le cas pour Warren Day, un des am\u00e9ricains venu participer hors classement depuis la Californie, qui doit voler sur un freestyler 4 emprunt\u00e9 au team manager fran\u00e7ais, car leur machines \u00e9taient rest\u00e9es bloqu\u00e9es \u00e0 l&#8217;a\u00e9roport de Chicago ! Mais quelques pilotes ont des temps plus rapides, juste au dessus de 40 secondes, comme c&#8217;est le cas de Fred Hours, notre ami de Brian\u00e7on au dossard n\u00b0 7 (j&#8217;officie aussi comme lanceur pour lui lorsque les ordre de passage me le permettent), qui vole en 41 sec. Il avait termin\u00e9 2\u00e8me de l&#8217;open et est un candidat id\u00e9al pour une victoire \u00e0 ce championnat.<\/div>\n<p>Plus tard, c&#8217;est au tour de notre compatriote Martin, n\u00b0 16, de s&#8217;\u00e9lancer. Je lance son planeur charg\u00e9 \u00e0 plus de 4 kg et la portance est toujours excellente, avec des pointes de vent \u00e0 18 m\/s. apr\u00e8s une prise d&#8217;altitude selon mes conseils, il envoie de belles trajectoires r\u00e9guli\u00e8rement n\u00e9goci\u00e9es, avec des appuis aux bons endroits et aux bons moments. Son r\u00e9sultat de 44 sec le r\u00e9compense tr\u00e8s tr\u00e8s honorablement.<\/p>\n<\/div>\n<p>Au tour du n\u00b0 27 (moi): je mise sur le Cyril F3F, machine que je connais bien et qui semble bien r\u00e9agir \u00e0 la morphologie de cette pente et de l&#8217;air slovaque. Charg\u00e9 \u00e0 4 kg et lanc\u00e9 par Fred Hours, le planeur prend bien l&#8217;air. Mais durant la prise d&#8217;altitude d\u00e9j\u00e0, je subit un d\u00e9crochage quand je tire sur la profondeur. Les conditions me permettent quand m\u00eame de prendre une excellente altitude de d\u00e9part et de rentrer avec une super vitesse dans le run. Mais malheureusement, deux autres d\u00e9buts de d\u00e9crochages m&#8217;obligent \u00e0 retenir mes virages. Je finis en seulement 46 sec, un peu d\u00e9\u00e7u, mais le pus important est d&#8217;aller atterrir et de corriger le probl\u00e8me, li\u00e9 \u00e0 un centre de gravit\u00e9 trop arri\u00e8re de la machine.<\/p>\n<\/div>\n<div>Juste derri\u00e8re moi, le jeune Fran\u00e7ais S\u00e9bastien Lanes vole en 39 sec et remporte aussi le 1000 de cette premi\u00e8re manche !<\/div>\n<div><\/div>\n<p>Et peu apr\u00e8s, Fred Hours lance son second run avec son freestyler 3 et finit en 36.7 sec !<\/p>\n<\/div>\n<div>Je dois faire vite. Les ordres de passage sont m\u00e9lang\u00e9s \u00e0 chaque manche et je n&#8217;ai que 7 vols apr\u00e8s mon atterrissage pour repartir \u00e0 l&#8217;assaut de la pente. Je corrige mon centre de gravit\u00e9 en rajoutant 300 g de ballast suppl\u00e9mentaire dans le fuselage, tout en le r\u00e9partissant un peu vers l&#8217;avant. C&#8217;est ainsi charg\u00e9 \u00e0 4.3 kg que j&#8217;attaque le vol de ma manche 2. Cette fois la prise d&#8217;altitude se fait comme planifi\u00e9e et je rentre avec beaucoup d&#8217;\u00e9nergie dans le run. Les bases passent toutes assez bien, m\u00eame si mes trajectoires ne sont pas toutes tr\u00e8s pr\u00e9cises. Je finis en 41 sec, ce qui me satisfait.<\/div>\n<p>Des gouttes s&#8217;\u00e9taient mises \u00e0 tomber pendant ma pr\u00e9paration. Quelques vols plus tard, la pluie commence s\u00e9rieusement \u00e0 tomber et le ciel est gris sombre de partout. Les organisateurs font encore voler les derniers pilotes du premier groupe de la manche 2, puis ils interrompent vers 11:15 \u00e0 cause de la m\u00e9t\u00e9o.<\/p>\n<\/div>\n<p>Plus de 2 heures plus tard, plus ou moins \u00e0 l&#8217;abri sous des capuchons, des tentes, des b\u00e2ches, il faut bien constater que la m\u00e9t\u00e9o ne va pas s&#8217;am\u00e9liorer et que la pluie, puis aussi le brouillard, va emp\u00eacher de reprendre la comp\u00e9tition durant ce premier jour de comp\u00e9tition. L&#8217;organisation d\u00e9cide donc de clore cette journ\u00e9e qui avait si bien commenc\u00e9e. Dommage que la pluie soit venue jouer la trouble-f\u00eate, mais c&#8217;est ainsi que nous remballons tout et retournons aux t\u00e9l\u00e9cabines dans le brouillard, la pluie et le vent froid.<\/p>\n<\/div>\n<p>Retour en chambre, s\u00e9chage du mat\u00e9riel, recharge des accus, et tiens, pourquoi pas une bonne sieste en pensant \u00e0 tous ceux qui sont ne sont pas l\u00e0 pour vivre ces chouettes moments avec nous ? En tout cas \u00e7a permet de se r\u00e9chauffer le coeur \ud83d\ude09<\/p>\n<\/div>\n<\/div>\n<div dir=\"ltr\"><\/div>\n<div dir=\"ltr\">Reto<\/div>\n<div dir=\"ltr\"><\/div>\n<div dir=\"ltr\">&#8212;&#8212;&#8212;&#8212;&#8212;&#8212;&#8212;&#8212;&#8212;&#8212;&#8212;&#8212;&#8212;&#8212;&#8212;&#8212;&#8212;&#8211;<\/div>\n<p>Hallo F3F Interessierte, Freunde und Verwandte&#8230;,&#8230; \ud83d\ude09<\/p>\n<p>Gestern Abend durfte das F3F SWISS TEAM mit dabei sein die erste Offizielle F3F Europameisterschaft zu er\u00f6ffnen welche in Donovaly Slowakei stattfindet.\u00a0Nach allerlei Reden in Slowakisch und English wurden alle Teams vorgestellt und angespielter Landeshymne pr\u00e4sentiert.\u00a0Leider habe ich keine\u00a0verwertbaren Fotos davon. Schade eigentlich denn die europ\u00e4ische Vielfalt an Mode l\u00e4sst sich sehen \ud83d\ude09<br \/>\nEtwas speziell vielleicht die Teilnahme des US Amerikanischen Teams, auf alle F\u00e4lle jedoch eine Bereicherung des Teilnehmerfeldes. Das US Team hatte auf ihrer Reise offenbar ausserordentliches Pech, ihr gesamtes Equipment war gestern Abend noch in Chicago! Die Franzosen konnten jedoch mit einem Freestyler und einer RC den beiden aushelfen. Bravo!<br \/>\nAnschliessend zur Er\u00f6ffnungszeremonie wurde uns noch eine kleine Erfrischung versprochen. Geboten wurde dann ein reichhaltiges Bankett mit allem drum und dran in warm und kalt, obendrauf gab es noch Freibier f\u00fcr alle \ud83d\ude42<\/p>\n<p>Tag 1<\/p>\n<p>JA! heute Morgen hatte es richtig Wind! Bei bedecktem Himmel standen an der Kante vom S\u00fcdhang gute 15 bis 20 m\/s.\u00a0Gestartet wurde um 10 Uhr die Verh\u00e4ltnisse waren heute von Anfang an sehr ausgeglichen. F\u00fcr die Schweiz durfte als erster Gianfranco seinem\u00a0PITBULL Luft unter die Fl\u00fcgel geben. Wohl etwas zu leicht, seine Zeit eine 51. Ich entschied mich anders und ballastierte die ENERGIJA auf fast voll. Als zweiter unseres Teams konnte ich nach einem nicht ganz optimalen Start eine 44 fliegen. Reto als dritter SWISS PILOT legte daher bei seinem CYRIL Ballast nach\u00a0startete auch nicht ganz optimal und flog etwas nerv\u00f6s aber doch noch ganz\u00a0passabel eine 46. Ich weis die Bestzeiten von Runde 1 nicht mehr ganz genau doch ich meine es waren Zeiten ganz knapp unter 40, 39.XX oder so. Die n\u00e4chste Runde wurde gestartet,\u00a0die\u00a0Startreichenfolge war nun eine ganz andere. Reto startete\u00a0diesmal als erster von und erflog eine gute 42.<br \/>\nTja das war den auch leider f\u00fcr heute \ud83d\ude41 Regen setzte ein und die Wolkendecke senkte sich nahe der Kante. Es w\u00e4re so sch\u00f6n gewesen, die Kante funktioniert bei Wind wirklich gut und es hatte richtig Spass gemacht die Kohleteile durch den Kurs zu scheuchen.\u00a0Ich weiss Zurzeit noch nicht ob es schon Gruppenranglisten gibt. derweil bin ich im Zimmer und lasse mein Equipment trocknen. Bis Morgen.<\/p>\n<p>Liebe Gr\u00fcsse aus Donovaly<br \/>\nMartin Ulrich<\/p>\n<p>&nbsp;<\/p>\n<div id='gallery-1' class='gallery galleryid-984 gallery-columns-3 gallery-size-thumbnail'>\n<dl class='gallery-item'>\n<dt class='gallery-icon landscape'>\n\t\t\t\t<a href='https:\/\/www.f3f.ch\/wp-content\/uploads\/2013\/09\/f3f-sk-open-2013-day30011.jpg'><img loading=\"lazy\" decoding=\"async\" width=\"150\" height=\"150\" src=\"https:\/\/www.f3f.ch\/wp-content\/uploads\/2013\/09\/f3f-sk-open-2013-day30011-150x150.jpg\" class=\"attachment-thumbnail size-thumbnail\" alt=\"\" aria-describedby=\"gallery-1-987\" \/><\/a>\n\t\t\t<\/dt>\n<dd class='wp-caption-text gallery-caption' id='gallery-1-987'>\n\t\t\t\tFreibier \ud83d\ude42\n\t\t\t\t<\/dd>\n<\/dl>\n<dl class='gallery-item'>\n<dt class='gallery-icon landscape'>\n\t\t\t\t<a href='https:\/\/www.f3f.ch\/wp-content\/uploads\/2013\/09\/f3f-sk-open-2013-day30021.jpg'><img loading=\"lazy\" decoding=\"async\" width=\"150\" height=\"150\" src=\"https:\/\/www.f3f.ch\/wp-content\/uploads\/2013\/09\/f3f-sk-open-2013-day30021-150x150.jpg\" class=\"attachment-thumbnail size-thumbnail\" alt=\"\" aria-describedby=\"gallery-1-988\" \/><\/a>\n\t\t\t<\/dt>\n<dd class='wp-caption-text gallery-caption' id='gallery-1-988'>\n\t\t\t\tTag 1 an der EM\n\t\t\t\t<\/dd>\n<\/dl>\n<dl class='gallery-item'>\n<dt class='gallery-icon landscape'>\n\t\t\t\t<a href='https:\/\/www.f3f.ch\/wp-content\/uploads\/2013\/09\/f3f-sk-open-2013-day30031.jpg'><img loading=\"lazy\" decoding=\"async\" width=\"150\" height=\"150\" src=\"https:\/\/www.f3f.ch\/wp-content\/uploads\/2013\/09\/f3f-sk-open-2013-day30031-150x150.jpg\" class=\"attachment-thumbnail size-thumbnail\" alt=\"\" \/><\/a>\n\t\t\t<\/dt>\n<\/dl>\n<p><br style=\"clear: both\" \/><\/p>\n<dl class='gallery-item'>\n<dt class='gallery-icon landscape'>\n\t\t\t\t<a href='https:\/\/www.f3f.ch\/wp-content\/uploads\/2013\/09\/f3f-sk-open-2013-day30041.jpg'><img loading=\"lazy\" decoding=\"async\" width=\"150\" height=\"150\" src=\"https:\/\/www.f3f.ch\/wp-content\/uploads\/2013\/09\/f3f-sk-open-2013-day30041-150x150.jpg\" class=\"attachment-thumbnail size-thumbnail\" alt=\"\" aria-describedby=\"gallery-1-990\" \/><\/a>\n\t\t\t<\/dt>\n<dd class='wp-caption-text gallery-caption' id='gallery-1-990'>\n\t\t\t\tViel Wind \ud83d\ude42\n\t\t\t\t<\/dd>\n<\/dl>\n<dl class='gallery-item'>\n<dt class='gallery-icon landscape'>\n\t\t\t\t<a href='https:\/\/www.f3f.ch\/wp-content\/uploads\/2013\/09\/f3f-sk-open-2013-day30051.jpg'><img loading=\"lazy\" decoding=\"async\" width=\"150\" height=\"150\" src=\"https:\/\/www.f3f.ch\/wp-content\/uploads\/2013\/09\/f3f-sk-open-2013-day30051-150x150.jpg\" class=\"attachment-thumbnail size-thumbnail\" alt=\"\" aria-describedby=\"gallery-1-991\" \/><\/a>\n\t\t\t<\/dt>\n<dd class='wp-caption-text gallery-caption' id='gallery-1-991'>\n\t\t\t\tViel Regen \ud83d\ude41\n\t\t\t\t<\/dd>\n<\/dl>\n<dl class='gallery-item'>\n<dt class='gallery-icon landscape'>\n\t\t\t\t<a href='https:\/\/www.f3f.ch\/wp-content\/uploads\/2013\/09\/f3f-sk-open-2013-day30061.jpg'><img loading=\"lazy\" decoding=\"async\" width=\"150\" height=\"150\" src=\"https:\/\/www.f3f.ch\/wp-content\/uploads\/2013\/09\/f3f-sk-open-2013-day30061-150x150.jpg\" class=\"attachment-thumbnail size-thumbnail\" alt=\"\" \/><\/a>\n\t\t\t<\/dt>\n<\/dl>\n<p><br style=\"clear: both\" \/><\/p>\n<dl class='gallery-item'>\n<dt class='gallery-icon landscape'>\n\t\t\t\t<a href='https:\/\/www.f3f.ch\/wp-content\/uploads\/2013\/09\/f3f-sk-open-2013-day30071.jpg'><img loading=\"lazy\" decoding=\"async\" width=\"150\" height=\"150\" src=\"https:\/\/www.f3f.ch\/wp-content\/uploads\/2013\/09\/f3f-sk-open-2013-day30071-150x150.jpg\" class=\"attachment-thumbnail size-thumbnail\" alt=\"\" \/><\/a>\n\t\t\t<\/dt>\n<\/dl>\n<p>\t\t\t<br style='clear: both' \/>\n\t\t<\/div>\n","protected":false},"excerpt":{"rendered":"<p>Apr\u00e8s la c\u00e9r\u00e9monie d&#8217;ouverture du Championnat d&#8217;Europe F3F qui a eu lieu hier soir dimanche, les hostilit\u00e9s devaient d\u00e9buter ce lundi avec une premi\u00e8re journ\u00e9e de vols \u00e0 Donovaly, Slovaquie. Les pr\u00e9visions m\u00e9t\u00e9o laissaient pr\u00e9sager une journ\u00e9e de fous, avec&hellip;<\/p>\n","protected":false},"author":1,"featured_media":989,"comment_status":"open","ping_status":"open","sticky":false,"template":"","format":"image","meta":{"footnotes":""},"categories":[17],"tags":[34],"_links":{"self":[{"href":"https:\/\/www.f3f.ch\/index.php?rest_route=\/wp\/v2\/posts\/984"}],"collection":[{"href":"https:\/\/www.f3f.ch\/index.php?rest_route=\/wp\/v2\/posts"}],"about":[{"href":"https:\/\/www.f3f.ch\/index.php?rest_route=\/wp\/v2\/types\/post"}],"author":[{"embeddable":true,"href":"https:\/\/www.f3f.ch\/index.php?rest_route=\/wp\/v2\/users\/1"}],"replies":[{"embeddable":true,"href":"https:\/\/www.f3f.ch\/index.php?rest_route=%2Fwp%2Fv2%2Fcomments&post=984"}],"version-history":[{"count":10,"href":"https:\/\/www.f3f.ch\/index.php?rest_route=\/wp\/v2\/posts\/984\/revisions"}],"predecessor-version":[{"id":1001,"href":"https:\/\/www.f3f.ch\/index.php?rest_route=\/wp\/v2\/posts\/984\/revisions\/1001"}],"wp:featuredmedia":[{"embeddable":true,"href":"https:\/\/www.f3f.ch\/index.php?rest_route=\/wp\/v2\/media\/989"}],"wp:attachment":[{"href":"https:\/\/www.f3f.ch\/index.php?rest_route=%2Fwp%2Fv2%2Fmedia&parent=984"}],"wp:term":[{"taxonomy":"category","embeddable":true,"href":"https:\/\/www.f3f.ch\/index.php?rest_route=%2Fwp%2Fv2%2Fcategories&post=984"},{"taxonomy":"post_tag","embeddable":true,"href":"https:\/\/www.f3f.ch\/index.php?rest_route=%2Fwp%2Fv2%2Ftags&post=984"}],"curies":[{"name":"wp","href":"https:\/\/api.w.org\/{rel}","templated":true}]}}